{"id":4849,"date":"2013-02-01T07:03:57","date_gmt":"2013-02-01T06:03:57","guid":{"rendered":"http:\/\/blogs.diariosur.es\/tormentas-y-rayos\/?p=4849"},"modified":"2013-02-01T07:03:57","modified_gmt":"2013-02-01T06:03:57","slug":"alerta-amarilla-por-vientos-bajadas-de-temperaturas-he-perdido-la-apuesta-bigote-quitado-fotos-predicion-fin-de-semana","status":"publish","type":"post","link":"https:\/\/blogs.diariosur.es\/tormentas-y-rayos\/2013\/02\/01\/alerta-amarilla-por-vientos-bajadas-de-temperaturas-he-perdido-la-apuesta-bigote-quitado-fotos-predicion-fin-de-semana\/","title":{"rendered":"Alerta amarilla por vientos, bajadas de temperaturas. He perdido la apuesta, bigote quitado &#8220;fotos&#8221;. Predici\u00f3n fin de semana."},"content":{"rendered":"<p><strong>Buenos dias regulares amigos de la meteo, son las seis de la ma\u00f1ana, registro 12,9 \u00a0grados y he perdido mi bigote. <a href=\"https:\/\/blogs.diariosur.es\/tormentas-y-rayos\/2013\/01\/31\/atencion-posible-record-de-temperatura-maxima-hoy-jueves-o-el-viernes-en-malaga-capital-podemos-llegar-casi-a-los-28-grados\/\">En este post hacia la apuesta\u00a0pod\u00e9is\u00a0pinchar para reirse<\/a><\/strong><\/p>\n<p><strong>Si amigos he perdido mi apuesta, aunque hoy se dieran 28 grados, estamos en febrero y yo dije enero. Adem\u00e1s la m\u00e1xima absoluta en un mes de febrero es de \u00a030 grados, sucedi\u00f3 el 7 de febrero del 1961. Y estoy seguro que hoy ni por asomo batimos ese r\u00e9cord. Os paso el mapa de ese dia a 850 hpa.<\/strong><\/p>\n<p><a href=\"https:\/\/blogs.diariosur.es\/tormentas-y-rayos\/2013\/02\/01\/alerta-amarilla-por-vientos-bajadas-de-temperaturas-he-perdido-la-apuesta-bigote-quitado-fotos-predicion-fin-de-semana\/febrero\/\" rel=\"attachment wp-att-4850\"><img loading=\"lazy\" class=\"aligncenter size-medium wp-image-4850\" title=\"febrero\" src=\"\/tormentas-y-rayos\/wp-content\/uploads\/sites\/12\/2013\/01\/febrero.jpg\" alt=\"\" width=\"519\" height=\"400\" srcset=\"https:\/\/static-blogs.diariosur.es\/wp-content\/uploads\/sites\/12\/2013\/01\/febrero.jpg 770w, https:\/\/static-blogs.diariosur.es\/wp-content\/uploads\/sites\/12\/2013\/01\/febrero-519x400.jpg 519w, https:\/\/static-blogs.diariosur.es\/wp-content\/uploads\/sites\/12\/2013\/01\/febrero-768x591.jpg 768w\" sizes=\"(max-width: 519px) 100vw, 519px\" \/><\/a><\/p>\n<p>&nbsp;<\/p>\n<p>&nbsp;<\/p>\n<p><strong>Ayer jueves la maxima fue de 20,4, no entro ni una pizca de terral por Teatinos.<\/strong><\/p>\n<p><strong>Asi que a continuaci\u00f3n y muy a pesar mio me afeito el bigote.&#8221; Si ya se&#8221;, quer\u00e9is pruebas , venga os paso unas fotos del antes y el despu\u00e9s. Que trabajito me ha costado.<\/strong><\/p>\n<p>&nbsp;<\/p>\n<p>&nbsp;<\/p>\n<p><a href=\"https:\/\/blogs.diariosur.es\/tormentas-y-rayos\/2013\/02\/01\/alerta-amarilla-por-vientos-bajadas-de-temperaturas-he-perdido-la-apuesta-bigote-quitado-fotos-predicion-fin-de-semana\/olympus-digital-camera-1080\/\" rel=\"attachment wp-att-4852\"><img loading=\"lazy\" class=\"aligncenter size-full wp-image-4852\" title=\"OLYMPUS DIGITAL CAMERA\" src=\"\/tormentas-y-rayos\/wp-content\/uploads\/sites\/12\/2013\/01\/0064.jpg\" alt=\"\" width=\"680\" height=\"510\" srcset=\"https:\/\/static-blogs.diariosur.es\/wp-content\/uploads\/sites\/12\/2013\/01\/0064.jpg 680w, https:\/\/static-blogs.diariosur.es\/wp-content\/uploads\/sites\/12\/2013\/01\/0064-533x400.jpg 533w\" sizes=\"(max-width: 680px) 100vw, 680px\" \/><\/a><\/p>\n<p>&nbsp;<\/p>\n<p>&nbsp;<\/p>\n<p><a href=\"https:\/\/blogs.diariosur.es\/tormentas-y-rayos\/2013\/02\/01\/alerta-amarilla-por-vientos-bajadas-de-temperaturas-he-perdido-la-apuesta-bigote-quitado-fotos-predicion-fin-de-semana\/olympus-digital-camera-1081\/\" rel=\"attachment wp-att-4853\"><img loading=\"lazy\" class=\"aligncenter size-full wp-image-4853\" title=\"OLYMPUS DIGITAL CAMERA\" src=\"\/tormentas-y-rayos\/wp-content\/uploads\/sites\/12\/2013\/01\/0082.jpg\" alt=\"\" width=\"680\" height=\"510\" srcset=\"https:\/\/static-blogs.diariosur.es\/wp-content\/uploads\/sites\/12\/2013\/01\/0082.jpg 680w, https:\/\/static-blogs.diariosur.es\/wp-content\/uploads\/sites\/12\/2013\/01\/0082-533x400.jpg 533w\" sizes=\"(max-width: 680px) 100vw, 680px\" \/><\/a><\/p>\n<p>&nbsp;<\/p>\n<p><strong>\u00a0Je jejejeje, Os\u00a0acord\u00e1is\u00a0de Eugenio Martin Rubio,\u00a0tambi\u00e9n\u00a0se aposto su gran bigote y lo\u00a0perdi\u00f3, pero el de verdad ji ji. Aseguro que al dia\u00a0siguiente\u00a0nevaba en Madrid y al final no\u00a0nev\u00f3.\u00a0 No esta mal que tengamos un poco de humor en el blog \u00bfverdad?.<\/strong><\/p>\n<p><strong>Bueno amigos os doy la predicci\u00f3n del fin de semana y no me apuesto ni la u\u00f1a del dedo me\u00f1ique je je.<\/strong><\/p>\n<p><strong>\u00a0Ahora en \u00a0serio amigos, a partir de hoy viernes el viento de terral de invierno tomara protagonismo durante la noche. Por este motivo la Aemet nos pone en alerta amarilla por vientos. Esta alerta por vientos, de momento es para la zona de la Axarquia. Os paso el mapa de alertas, fuente Aemet.<\/strong><\/p>\n<p><a href=\"https:\/\/blogs.diariosur.es\/tormentas-y-rayos\/2013\/02\/01\/alerta-amarilla-por-vientos-bajadas-de-temperaturas-he-perdido-la-apuesta-bigote-quitado-fotos-predicion-fin-de-semana\/alerta-14\/\" rel=\"attachment wp-att-4854\"><img loading=\"lazy\" class=\"aligncenter size-full wp-image-4854\" title=\"alerta\" src=\"\/tormentas-y-rayos\/wp-content\/uploads\/sites\/12\/2013\/01\/alerta1.jpg\" alt=\"\" width=\"561\" height=\"407\" srcset=\"https:\/\/static-blogs.diariosur.es\/wp-content\/uploads\/sites\/12\/2013\/01\/alerta1.jpg 561w, https:\/\/static-blogs.diariosur.es\/wp-content\/uploads\/sites\/12\/2013\/01\/alerta1-551x400.jpg 551w\" sizes=\"(max-width: 561px) 100vw, 561px\" \/><\/a><\/p>\n<p><strong>\u00a0La alerta empezara sobre las nueve de la noche y\u00a0seguir\u00e1\u00a0activa hasta ultima hora de la noche del\u00a0s\u00e1bado.<\/strong><\/p>\n<p><a href=\"https:\/\/blogs.diariosur.es\/tormentas-y-rayos\/2013\/02\/01\/alerta-amarilla-por-vientos-bajadas-de-temperaturas-he-perdido-la-apuesta-bigote-quitado-fotos-predicion-fin-de-semana\/captura-126\/\" rel=\"attachment wp-att-4855\"><img loading=\"lazy\" class=\"aligncenter size-full wp-image-4855\" title=\"Captura\" src=\"\/tormentas-y-rayos\/wp-content\/uploads\/sites\/12\/2013\/01\/Captura6.jpg\" alt=\"\" width=\"630\" height=\"131\" \/><\/a><\/p>\n<p><strong>Todo esto se debe a que el anticicl\u00f3n que nos a venido afectando estos dias y que se encontraba cerca del norte de \u00c1frica, se traslada potentemente hacia el norte del Atl\u00e1ntico norte. Esto har\u00e1 que se acerque una borrasca por la zona norte de Europa y que afectara a partir de hoy a la\u00a0pen\u00ednsula con un frente fr\u00edo, os paso unos mapas. Fuente Aemet. En ellos\u00a0pod\u00e9is\u00a0ver claramente la posici\u00f3n del anticicl\u00f3n que tenia ayer jueves , la que\u00a0tendr\u00e1 \u00a0este viernes y el\u00a0s\u00e1bado.<\/strong><\/p>\n<p><a href=\"https:\/\/blogs.diariosur.es\/tormentas-y-rayos\/2013\/02\/01\/alerta-amarilla-por-vientos-bajadas-de-temperaturas-he-perdido-la-apuesta-bigote-quitado-fotos-predicion-fin-de-semana\/posicion-jueves\/\" rel=\"attachment wp-att-4856\"><img loading=\"lazy\" class=\"aligncenter size-medium wp-image-4856\" title=\"posicion jueves\" src=\"\/tormentas-y-rayos\/wp-content\/uploads\/sites\/12\/2013\/01\/posicion-jueves.jpg\" alt=\"\" width=\"594\" height=\"400\" srcset=\"https:\/\/static-blogs.diariosur.es\/wp-content\/uploads\/sites\/12\/2013\/01\/posicion-jueves.jpg 727w, https:\/\/static-blogs.diariosur.es\/wp-content\/uploads\/sites\/12\/2013\/01\/posicion-jueves-595x400.jpg 595w\" sizes=\"(max-width: 594px) 100vw, 594px\" \/><\/a><\/p>\n<p>&nbsp;<\/p>\n<p><a href=\"https:\/\/blogs.diariosur.es\/tormentas-y-rayos\/2013\/02\/01\/alerta-amarilla-por-vientos-bajadas-de-temperaturas-he-perdido-la-apuesta-bigote-quitado-fotos-predicion-fin-de-semana\/posicion-viernes\/\" rel=\"attachment wp-att-4858\"><img loading=\"lazy\" class=\"aligncenter size-medium wp-image-4858\" title=\"posicion viernes.\" src=\"\/tormentas-y-rayos\/wp-content\/uploads\/sites\/12\/2013\/01\/posicion-viernes.-600x390.jpg\" alt=\"\" width=\"600\" height=\"390\" \/><\/a><\/p>\n<p>&nbsp;<\/p>\n<p><a href=\"https:\/\/blogs.diariosur.es\/tormentas-y-rayos\/2013\/02\/01\/alerta-amarilla-por-vientos-bajadas-de-temperaturas-he-perdido-la-apuesta-bigote-quitado-fotos-predicion-fin-de-semana\/posicion-sabado-2\/\" rel=\"attachment wp-att-4859\"><img loading=\"lazy\" class=\"aligncenter size-medium wp-image-4859\" title=\"posici\u00f3n sabado\" src=\"\/tormentas-y-rayos\/wp-content\/uploads\/sites\/12\/2013\/01\/posici\u00f3n-sabado1.jpg\" alt=\"\" width=\"542\" height=\"400\" srcset=\"https:\/\/static-blogs.diariosur.es\/wp-content\/uploads\/sites\/12\/2013\/01\/posici\u00f3n-sabado1.jpg 772w, https:\/\/static-blogs.diariosur.es\/wp-content\/uploads\/sites\/12\/2013\/01\/posici\u00f3n-sabado1-543x400.jpg 543w, https:\/\/static-blogs.diariosur.es\/wp-content\/uploads\/sites\/12\/2013\/01\/posici\u00f3n-sabado1-768x566.jpg 768w\" sizes=\"(max-width: 542px) 100vw, 542px\" \/><\/a><\/p>\n<p>&nbsp;<\/p>\n<p>&nbsp;<\/p>\n<p>&nbsp;<\/p>\n<p><strong>Si os\u00a0fij\u00e1is\u00a0en esta ultima imagen, las isobaras se juntan mucho. Esto\u00a0har\u00e1\u00a0que el viento sople fuerte durante la madrugada del\u00a0s\u00e1bado\u00a0y primeras horas de la tarde.\u00a0<\/strong><\/p>\n<p><strong>A todo esto hay que unirle la temperatura que habr\u00e1 a 850 hpa ( 1500 m), que comparada con la que hemos tenido estos dias pasados, parece mentira que en tan poco tiempo bajen tanto, asi es la meteo. Os paso un mapa de temperaturas a 850 hpa del jueves pasado y otro previsto para el\u00a0s\u00e1bado. Fuenete Meteociel.<\/strong><\/p>\n<p><a href=\"https:\/\/blogs.diariosur.es\/tormentas-y-rayos\/2013\/02\/01\/alerta-amarilla-por-vientos-bajadas-de-temperaturas-he-perdido-la-apuesta-bigote-quitado-fotos-predicion-fin-de-semana\/850-jueves\/\" rel=\"attachment wp-att-4860\"><img loading=\"lazy\" class=\"aligncenter size-medium wp-image-4860\" title=\"850 jueves\" src=\"\/tormentas-y-rayos\/wp-content\/uploads\/sites\/12\/2013\/01\/850-jueves.jpg\" alt=\"\" width=\"585\" height=\"400\" srcset=\"https:\/\/static-blogs.diariosur.es\/wp-content\/uploads\/sites\/12\/2013\/01\/850-jueves.jpg 780w, https:\/\/static-blogs.diariosur.es\/wp-content\/uploads\/sites\/12\/2013\/01\/850-jueves-585x400.jpg 585w, https:\/\/static-blogs.diariosur.es\/wp-content\/uploads\/sites\/12\/2013\/01\/850-jueves-768x525.jpg 768w\" sizes=\"(max-width: 585px) 100vw, 585px\" \/><\/a><\/p>\n<p>&nbsp;<\/p>\n<p><a href=\"https:\/\/blogs.diariosur.es\/tormentas-y-rayos\/2013\/02\/01\/alerta-amarilla-por-vientos-bajadas-de-temperaturas-he-perdido-la-apuesta-bigote-quitado-fotos-predicion-fin-de-semana\/hpa-sabado-2\/\" rel=\"attachment wp-att-4862\"><img loading=\"lazy\" class=\"aligncenter size-medium wp-image-4862\" title=\"hpa sabado\" src=\"\/tormentas-y-rayos\/wp-content\/uploads\/sites\/12\/2013\/01\/hpa-sabado1.jpg\" alt=\"\" width=\"554\" height=\"400\" srcset=\"https:\/\/static-blogs.diariosur.es\/wp-content\/uploads\/sites\/12\/2013\/01\/hpa-sabado1.jpg 778w, https:\/\/static-blogs.diariosur.es\/wp-content\/uploads\/sites\/12\/2013\/01\/hpa-sabado1-555x400.jpg 555w, https:\/\/static-blogs.diariosur.es\/wp-content\/uploads\/sites\/12\/2013\/01\/hpa-sabado1-768x554.jpg 768w\" sizes=\"(max-width: 554px) 100vw, 554px\" \/><\/a><\/p>\n<p><strong>Donde mas\u00a0sentir\u00e1n\u00a0la bajada de temperaturas sera en el norte y noreste peninsular, donde se registraran precipitaciones de nieve a partir de 400 metros.\u00a0<\/strong><\/p>\n<p><strong><span><span style=\"color: #ff0000;\">En nuestra provincia malague\u00f1a durante el dia de hoy , el viento soplara de terral de invierno. El terral\u00a0coger\u00e1\u00a0protagonismo a ultima hora de la noche y primeras del\u00a0s\u00e1bado. El frente llegara muy desgastado y si se producen algunas gotas, seria por el interior de la provincia. Pero no espero gran cosa. AQUI\u00a0POD\u00c9IS\u00a0VER EL FRENTE QUE AFECTARA A LA\u00a0PEN\u00cdNSULA.<\/span><\/span><\/strong><\/p>\n<p><a href=\"https:\/\/blogs.diariosur.es\/tormentas-y-rayos\/2013\/02\/01\/alerta-amarilla-por-vientos-bajadas-de-temperaturas-he-perdido-la-apuesta-bigote-quitado-fotos-predicion-fin-de-semana\/frente-12\/\" rel=\"attachment wp-att-4863\"><img loading=\"lazy\" class=\"aligncenter size-medium wp-image-4863\" title=\"frente\" src=\"\/tormentas-y-rayos\/wp-content\/uploads\/sites\/12\/2013\/02\/frente.jpg\" alt=\"\" width=\"538\" height=\"400\" srcset=\"https:\/\/static-blogs.diariosur.es\/wp-content\/uploads\/sites\/12\/2013\/02\/frente.jpg 716w, https:\/\/static-blogs.diariosur.es\/wp-content\/uploads\/sites\/12\/2013\/02\/frente-538x400.jpg 538w\" sizes=\"(max-width: 538px) 100vw, 538px\" \/><\/a><\/p>\n<p><strong><span style=\"color: #ff0000;\">El domingo el viento se ira calmando, incluso hay posibilidad de que al\u00a0mediod\u00eda<\/span><span style=\"color: #ff0000;\">\u00a0cambie a levante. \u00a0Pues poco mas que contar amigos, bajada de temperaturas\u00a0m\u00e1ximas, fuerte viento el\u00a0s\u00e1bado, y de momento lluvias generosas nada de nada.\u00a0Que\u00a0pas\u00e9is\u00a0un buen fin de semana. Os dejo con una foto del amanecer del pasado 24 de Enero.<\/span><\/strong><\/p>\n<p><a href=\"https:\/\/blogs.diariosur.es\/tormentas-y-rayos\/2013\/02\/01\/alerta-amarilla-por-vientos-bajadas-de-temperaturas-he-perdido-la-apuesta-bigote-quitado-fotos-predicion-fin-de-semana\/olympus-digital-camera-1082\/\" rel=\"attachment wp-att-4864\"><img loading=\"lazy\" class=\"aligncenter size-full wp-image-4864\" title=\"OLYMPUS DIGITAL CAMERA\" src=\"\/tormentas-y-rayos\/wp-content\/uploads\/sites\/12\/2013\/02\/blog.jpg\" alt=\"\" width=\"670\" height=\"503\" srcset=\"https:\/\/static-blogs.diariosur.es\/wp-content\/uploads\/sites\/12\/2013\/02\/blog.jpg 670w, https:\/\/static-blogs.diariosur.es\/wp-content\/uploads\/sites\/12\/2013\/02\/blog-533x400.jpg 533w\" sizes=\"(max-width: 670px) 100vw, 670px\" \/><\/a><\/p>\n<p>&nbsp;<\/p>\n","protected":false},"excerpt":{"rendered":"<p>Buenos dias regulares amigos de la meteo, son las seis de la ma\u00f1ana, registro 12,9 \u00a0grados y he perdido mi bigote. En este post hacia la apuesta\u00a0pod\u00e9is\u00a0pinchar para reirse Si amigos he perdido mi apuesta, aunque hoy se dieran 28 grados, estamos en febrero y yo dije enero. Adem\u00e1s la m\u00e1xima absoluta en un mes [&hellip;]<\/p>\n","protected":false},"author":16,"featured_media":4854,"comment_status":"open","ping_status":"closed","sticky":false,"template":"","format":"standard","meta":[],"categories":[2],"tags":[63,91,160,410,800,902,962,980,1059],"_links":{"self":[{"href":"https:\/\/blogs.diariosur.es\/tormentas-y-rayos\/wp-json\/wp\/v2\/posts\/4849"}],"collection":[{"href":"https:\/\/blogs.diariosur.es\/tormentas-y-rayos\/wp-json\/wp\/v2\/posts"}],"about":[{"href":"https:\/\/blogs.diariosur.es\/tormentas-y-rayos\/wp-json\/wp\/v2\/types\/post"}],"author":[{"embeddable":true,"href":"https:\/\/blogs.diariosur.es\/tormentas-y-rayos\/wp-json\/wp\/v2\/users\/16"}],"replies":[{"embeddable":true,"href":"https:\/\/blogs.diariosur.es\/tormentas-y-rayos\/wp-json\/wp\/v2\/comments?post=4849"}],"version-history":[{"count":0,"href":"https:\/\/blogs.diariosur.es\/tormentas-y-rayos\/wp-json\/wp\/v2\/posts\/4849\/revisions"}],"wp:featuredmedia":[{"embeddable":true,"href":"https:\/\/blogs.diariosur.es\/tormentas-y-rayos\/wp-json\/wp\/v2\/media\/4854"}],"wp:attachment":[{"href":"https:\/\/blogs.diariosur.es\/tormentas-y-rayos\/wp-json\/wp\/v2\/media?parent=4849"}],"wp:term":[{"taxonomy":"category","embeddable":true,"href":"https:\/\/blogs.diariosur.es\/tormentas-y-rayos\/wp-json\/wp\/v2\/categories?post=4849"},{"taxonomy":"post_tag","embeddable":true,"href":"https:\/\/blogs.diariosur.es\/tormentas-y-rayos\/wp-json\/wp\/v2\/tags?post=4849"}],"curies":[{"name":"wp","href":"https:\/\/api.w.org\/{rel}","templated":true}]}}