{"id":48627,"date":"2026-01-16T07:46:26","date_gmt":"2026-01-16T06:46:26","guid":{"rendered":"https:\/\/blogs.diariosur.es\/tormentas-y-rayos\/?p=48627"},"modified":"2026-01-16T07:46:26","modified_gmt":"2026-01-16T06:46:26","slug":"cascada-el-chorreron-en-casarabonela-por-andalucia-aventura","status":"publish","type":"post","link":"https:\/\/blogs.diariosur.es\/tormentas-y-rayos\/2026\/01\/16\/cascada-el-chorreron-en-casarabonela-por-andalucia-aventura\/","title":{"rendered":"Cascada El Chorrer\u00f3n en Casarabonela por Andaluc\u00eda Aventura."},"content":{"rendered":"<p data-pm-slice=\"1 1 []\"><a href=\"https:\/\/static-blogs.diariosur.es\/wp-content\/uploads\/sites\/12\/2026\/01\/613672492_10236016006599437_3433095068068293617_n.jpg\"><img loading=\"lazy\" class=\"aligncenter size-thumbnail wp-image-48524\" src=\"https:\/\/static-blogs.diariosur.es\/wp-content\/uploads\/sites\/12\/2026\/01\/613672492_10236016006599437_3433095068068293617_n-150x150.jpg\" alt=\"\" width=\"150\" height=\"150\" srcset=\"https:\/\/static-blogs.diariosur.es\/wp-content\/uploads\/sites\/12\/2026\/01\/613672492_10236016006599437_3433095068068293617_n-150x150.jpg 150w, https:\/\/static-blogs.diariosur.es\/wp-content\/uploads\/sites\/12\/2026\/01\/613672492_10236016006599437_3433095068068293617_n-401x400.jpg 401w, https:\/\/static-blogs.diariosur.es\/wp-content\/uploads\/sites\/12\/2026\/01\/613672492_10236016006599437_3433095068068293617_n-409x408.jpg 409w, https:\/\/static-blogs.diariosur.es\/wp-content\/uploads\/sites\/12\/2026\/01\/613672492_10236016006599437_3433095068068293617_n-768x765.jpg 768w, https:\/\/static-blogs.diariosur.es\/wp-content\/uploads\/sites\/12\/2026\/01\/613672492_10236016006599437_3433095068068293617_n.jpg 1440w\" sizes=\"(max-width: 150px) 100vw, 150px\" \/><\/a><\/p>\n<p data-pm-slice=\"1 1 []\">Buenos d\u00edas, amigos de la meteo. Son las siete y cuarto de la ma\u00f1ana en M\u00e1laga capital, mi estaci\u00f3n ubicada en Avenida Ortega y Gasset registra 12,9 \u00baC, los cielos est\u00e1n muy nubosos y llevo contabilizado medio litro. De momento, muy poca lluvia en la provincia malague\u00f1a; incluso algunos portales no se han mojado; esperemos que la lluvia sea m\u00e1s generosa a lo largo del d\u00eda.<\/p>\n<h3 data-pm-slice=\"1 1 []\"><span style=\"color: #0000ff;\"><strong>Cascada El Chorrer\u00f3n en Casarabonela por Andaluc\u00eda Aventura.<\/strong><\/span><\/h3>\n<p data-pm-slice=\"1 1 []\">Las \u00faltimas lluvias acontecidas en Casarabonela han dejado un paisaje precioso; la Cascada del Chorrer\u00f3n es una pasada verlo as\u00ed.<\/p>\n<p>Os recomiendo que sig\u00e1is en Facebook la p\u00e1gina <strong>Andaluc\u00eda Aventura<\/strong>; os va a encantar.<\/p>\n<p>Muchas gracias Javier.<\/p>\n<div class=\"xdj266r x14z9mp xat24cr x1lziwak x1vvkbs x126k92a\"><\/div>\n<div class=\"x14z9mp xat24cr x1lziwak x1vvkbs xtlvy1s x126k92a\">\n<div dir=\"auto\">\n<p data-pm-slice=\"1 1 []\">La Cascada El Chorrer\u00f3n se viste de sus mejores galas; se trata de un salto natural de agua que perdura durante todo el a\u00f1o, cuya afluencia se intensifica tras los periodos de lluvias abundantes, creando un espect\u00e1culo natural de gran belleza.<\/p>\n<p>Un rinc\u00f3n incre\u00edble localizado en la poblaci\u00f3n Casarabonela, proporcionando frescura y frondosidad a todo el entorno.<\/p>\n<p>Enclavado en las faldas de la majestuosa Sierra Prieta, Casarabonela se alza como un para\u00edso natural dentro de la Reserva de la Biosfera de la Sierra de las Nieves. Su entorno alberga una biodiversidad excepcional, con bosques de pinos, encinas y alcornoques que sirven de refugio a numerosas especies.<\/p>\n<p>&nbsp;<\/p>\n<\/div>\n<\/div>\n<p>&nbsp;<\/p>\n<p><iframe loading=\"lazy\" title=\"Cascada E Chorrer\u00f3n en Casarabonela. Andaluc\u00eda Aventura.\" width=\"500\" height=\"281\" src=\"https:\/\/www.youtube.com\/embed\/5DrRLAB-aQI?feature=oembed\" frameborder=\"0\" allow=\"accelerometer; autoplay; clipboard-write; encrypted-media; gyroscope; picture-in-picture; web-share\" referrerpolicy=\"strict-origin-when-cross-origin\" allowfullscreen><\/iframe><\/p>\n","protected":false},"excerpt":{"rendered":"<p>Buenos d\u00edas, amigos de la meteo. Son las siete y cuarto de la ma\u00f1ana en M\u00e1laga capital, mi estaci\u00f3n ubicada en Avenida Ortega y Gasset registra 12,9 \u00baC, los cielos est\u00e1n muy nubosos y llevo contabilizado medio litro. De momento, muy poca lluvia en la provincia malague\u00f1a; incluso algunos portales no se han mojado; esperemos [&hellip;]<\/p>\n","protected":false},"author":16,"featured_media":48631,"comment_status":"open","ping_status":"open","sticky":false,"template":"","format":"standard","meta":[],"categories":[2],"tags":[100,2096,2095,1898,2094,358,587],"_links":{"self":[{"href":"https:\/\/blogs.diariosur.es\/tormentas-y-rayos\/wp-json\/wp\/v2\/posts\/48627"}],"collection":[{"href":"https:\/\/blogs.diariosur.es\/tormentas-y-rayos\/wp-json\/wp\/v2\/posts"}],"about":[{"href":"https:\/\/blogs.diariosur.es\/tormentas-y-rayos\/wp-json\/wp\/v2\/types\/post"}],"author":[{"embeddable":true,"href":"https:\/\/blogs.diariosur.es\/tormentas-y-rayos\/wp-json\/wp\/v2\/users\/16"}],"replies":[{"embeddable":true,"href":"https:\/\/blogs.diariosur.es\/tormentas-y-rayos\/wp-json\/wp\/v2\/comments?post=48627"}],"version-history":[{"count":3,"href":"https:\/\/blogs.diariosur.es\/tormentas-y-rayos\/wp-json\/wp\/v2\/posts\/48627\/revisions"}],"predecessor-version":[{"id":48632,"href":"https:\/\/blogs.diariosur.es\/tormentas-y-rayos\/wp-json\/wp\/v2\/posts\/48627\/revisions\/48632"}],"wp:featuredmedia":[{"embeddable":true,"href":"https:\/\/blogs.diariosur.es\/tormentas-y-rayos\/wp-json\/wp\/v2\/media\/48631"}],"wp:attachment":[{"href":"https:\/\/blogs.diariosur.es\/tormentas-y-rayos\/wp-json\/wp\/v2\/media?parent=48627"}],"wp:term":[{"taxonomy":"category","embeddable":true,"href":"https:\/\/blogs.diariosur.es\/tormentas-y-rayos\/wp-json\/wp\/v2\/categories?post=48627"},{"taxonomy":"post_tag","embeddable":true,"href":"https:\/\/blogs.diariosur.es\/tormentas-y-rayos\/wp-json\/wp\/v2\/tags?post=48627"}],"curies":[{"name":"wp","href":"https:\/\/api.w.org\/{rel}","templated":true}]}}