{"id":48659,"date":"2026-01-17T08:32:53","date_gmt":"2026-01-17T07:32:53","guid":{"rendered":"https:\/\/blogs.diariosur.es\/tormentas-y-rayos\/?p=48659"},"modified":"2026-01-17T08:32:53","modified_gmt":"2026-01-17T07:32:53","slug":"hay-probabilidad-de-nevadas-manana-domingo-en-la-provincia-malaguena-a-partir-de-900-metros","status":"publish","type":"post","link":"https:\/\/blogs.diariosur.es\/tormentas-y-rayos\/2026\/01\/17\/hay-probabilidad-de-nevadas-manana-domingo-en-la-provincia-malaguena-a-partir-de-900-metros\/","title":{"rendered":"\u00bfHay probabilidad de nevadas ma\u00f1ana domingo en la provincia malague\u00f1a a partir de 900 metros?"},"content":{"rendered":"<p><a href=\"https:\/\/static-blogs.diariosur.es\/wp-content\/uploads\/sites\/12\/2026\/01\/613672492_10236016006599437_3433095068068293617_n.jpg\"><img loading=\"lazy\" class=\"aligncenter size-thumbnail wp-image-48524\" src=\"https:\/\/static-blogs.diariosur.es\/wp-content\/uploads\/sites\/12\/2026\/01\/613672492_10236016006599437_3433095068068293617_n-150x150.jpg\" alt=\"\" width=\"150\" height=\"150\" srcset=\"https:\/\/static-blogs.diariosur.es\/wp-content\/uploads\/sites\/12\/2026\/01\/613672492_10236016006599437_3433095068068293617_n-150x150.jpg 150w, https:\/\/static-blogs.diariosur.es\/wp-content\/uploads\/sites\/12\/2026\/01\/613672492_10236016006599437_3433095068068293617_n-401x400.jpg 401w, https:\/\/static-blogs.diariosur.es\/wp-content\/uploads\/sites\/12\/2026\/01\/613672492_10236016006599437_3433095068068293617_n-409x408.jpg 409w, https:\/\/static-blogs.diariosur.es\/wp-content\/uploads\/sites\/12\/2026\/01\/613672492_10236016006599437_3433095068068293617_n-768x765.jpg 768w, https:\/\/static-blogs.diariosur.es\/wp-content\/uploads\/sites\/12\/2026\/01\/613672492_10236016006599437_3433095068068293617_n.jpg 1440w\" sizes=\"(max-width: 150px) 100vw, 150px\" \/><\/a><\/p>\n<p>Buenos d\u00edas, amigos de la meteo. Cuando son las ocho menos cuarto de la ma\u00f1ana en M\u00e1laga capital, mi estaci\u00f3n registra 10,2 \u00b0C, los cielos est\u00e1n poco nubosos y el viento sopla flojo de direcci\u00f3n variable.<\/p>\n<p>Os paso algunos acumulados que se registraron ayer. Fuentes: Aemet, Red Hidrosur y Meteoclimatic.<\/p>\n<p>Gauc\u00edn 24 mm<\/p>\n<p>Cortes de la Frontera 18,2 mm<\/p>\n<p>Alpande\u00edre\u00a0 21,2 mm<\/p>\n<p>Nerja 16,6 mm<\/p>\n<p>Mijas Pueblo\u00a0 13,2 mm<\/p>\n<p>Algarrobo 11,2 mm<\/p>\n<p>V\u00e9lez M\u00e1laga 11,8 mm<\/p>\n<p>Sierra Mijas 10,4 mm<\/p>\n<p>Majada de las Lomas 18,4 mm<\/p>\n<p>Los Reales 18,2 mm<\/p>\n<p>R\u00edo Genal Jubrique 16,7 mm<\/p>\n<p>R\u00edo Guadiaro Majaceite\u00a0 13,7 mm<\/p>\n<p>Alcauc\u00edn 12,4 mm<\/p>\n<p>Alfarnatejo 10,7 mm<\/p>\n<p>Rio Benamargosa 10,6 mm<\/p>\n<p>Embalse de la Vi\u00f1uela 9,8 mm<\/p>\n<p>Rio Tur\u00f3n 6,1 mm<\/p>\n<p>Rio Guadalteba 5,2 mm<\/p>\n<p>Alameda 12 6 mm<\/p>\n<p>Torre del Mar 10,9 mm<\/p>\n<p>Torrox 11 mm<\/p>\n<p>Pujerra 12,7 mm<\/p>\n<p>Cuevas del Becerro 10,1 mm<\/p>\n<p>Ojen 17,8 mm<\/p>\n<p>Ronda 8,1 mm<\/p>\n<p>Frigiliana 24,1 mm<\/p>\n<p>El Colmenar las Buitreras 16,4 mm<\/p>\n<p>&nbsp;<\/p>\n<h3><span style=\"color: #0000ff;\"><strong>\u00bfHay probabilidad de nevadas ma\u00f1ana domingo en la provincia malague\u00f1a a partir de 900 metros?<\/strong><\/span><\/h3>\n<p data-pm-slice=\"1 1 []\">Como hay mucha expectaci\u00f3n con esta probable noticia, <strong>lo primero que tendr\u00eda que pasar es que lloviera<\/strong> y luego que la temperatura a 850 hpa sea baja. Lo de la temperatura parece ser que s\u00ed; sobre las precipitaciones, os comento la \u00faltima hora de los modelos.<\/p>\n<p data-pm-slice=\"1 1 []\">Tanto el modelo europeo como el americano bajan la probabilidad de precipitaciones para ma\u00f1ana domingo por el interior de la provincia malague\u00f1a; de darse esto, en el Torcal ser\u00eda dif\u00edcil ver copos de nieve.<\/p>\n<p>La probabilidad <strong>un poco<\/strong> m\u00e1s alta se dar\u00eda en la costa m\u00e1s occidental y monta\u00f1as cercanas; es probable que en los picos de Sierra Blanca en Marbella y Sierra Bermeja en Estepona caigan algunos chubascos de nieve.<\/p>\n<p data-pm-slice=\"1 1 []\">A\u00a0tan pocas horas sigue habiendo incertidumbre con la posici\u00f3n de la bolsa de aire fr\u00edo; os pongo el mapa a 500 hpa. Fuente: Meteologix, modelo europeo.<\/p>\n<p>&nbsp;<\/p>\n<p><a href=\"https:\/\/static-blogs.diariosur.es\/wp-content\/uploads\/sites\/12\/2026\/01\/bolsa-aire-frio.jpg\"><img loading=\"lazy\" class=\"aligncenter size-full wp-image-48666\" src=\"https:\/\/static-blogs.diariosur.es\/wp-content\/uploads\/sites\/12\/2026\/01\/bolsa-aire-frio.jpg\" alt=\"\" width=\"1146\" height=\"1146\" srcset=\"https:\/\/static-blogs.diariosur.es\/wp-content\/uploads\/sites\/12\/2026\/01\/bolsa-aire-frio.jpg 1146w, https:\/\/static-blogs.diariosur.es\/wp-content\/uploads\/sites\/12\/2026\/01\/bolsa-aire-frio-400x400.jpg 400w, https:\/\/static-blogs.diariosur.es\/wp-content\/uploads\/sites\/12\/2026\/01\/bolsa-aire-frio-408x408.jpg 408w, https:\/\/static-blogs.diariosur.es\/wp-content\/uploads\/sites\/12\/2026\/01\/bolsa-aire-frio-150x150.jpg 150w, https:\/\/static-blogs.diariosur.es\/wp-content\/uploads\/sites\/12\/2026\/01\/bolsa-aire-frio-768x768.jpg 768w\" sizes=\"(max-width: 1146px) 100vw, 1146px\" \/><\/a><\/p>\n<p>&nbsp;<\/p>\n<p data-pm-slice=\"1 1 []\">Si veo que durante el d\u00eda de hoy los modelos en mesoescala cambian para mejor, actualizar\u00e9 nuevamente el blog. Esperemos que se den sorpresas y no se quede toda la lluvia en el mar.<\/p>\n<p data-pm-slice=\"1 1 []\"><span style=\"color: #0000ff;\"><strong>Ma\u00f1ana os pondr\u00e9 un reportaje del 18 de enero de 2017, cuando la cota de nieve bajo a 400 metros en toda la provincia de M\u00e1laga, incluso en la capital.<\/strong><\/span><\/p>\n<p>&nbsp;<\/p>\n","protected":false},"excerpt":{"rendered":"<p>Buenos d\u00edas, amigos de la meteo. Cuando son las ocho menos cuarto de la ma\u00f1ana en M\u00e1laga capital, mi estaci\u00f3n registra 10,2 \u00b0C, los cielos est\u00e1n poco nubosos y el viento sopla flojo de direcci\u00f3n variable. Os paso algunos acumulados que se registraron ayer. Fuentes: Aemet, Red Hidrosur y Meteoclimatic. Gauc\u00edn 24 mm Cortes de [&hellip;]<\/p>\n","protected":false},"author":16,"featured_media":48666,"comment_status":"open","ping_status":"open","sticky":false,"template":"","format":"standard","meta":[],"categories":[2],"tags":[358,366,569,587,690,800],"_links":{"self":[{"href":"https:\/\/blogs.diariosur.es\/tormentas-y-rayos\/wp-json\/wp\/v2\/posts\/48659"}],"collection":[{"href":"https:\/\/blogs.diariosur.es\/tormentas-y-rayos\/wp-json\/wp\/v2\/posts"}],"about":[{"href":"https:\/\/blogs.diariosur.es\/tormentas-y-rayos\/wp-json\/wp\/v2\/types\/post"}],"author":[{"embeddable":true,"href":"https:\/\/blogs.diariosur.es\/tormentas-y-rayos\/wp-json\/wp\/v2\/users\/16"}],"replies":[{"embeddable":true,"href":"https:\/\/blogs.diariosur.es\/tormentas-y-rayos\/wp-json\/wp\/v2\/comments?post=48659"}],"version-history":[{"count":7,"href":"https:\/\/blogs.diariosur.es\/tormentas-y-rayos\/wp-json\/wp\/v2\/posts\/48659\/revisions"}],"predecessor-version":[{"id":48667,"href":"https:\/\/blogs.diariosur.es\/tormentas-y-rayos\/wp-json\/wp\/v2\/posts\/48659\/revisions\/48667"}],"wp:featuredmedia":[{"embeddable":true,"href":"https:\/\/blogs.diariosur.es\/tormentas-y-rayos\/wp-json\/wp\/v2\/media\/48666"}],"wp:attachment":[{"href":"https:\/\/blogs.diariosur.es\/tormentas-y-rayos\/wp-json\/wp\/v2\/media?parent=48659"}],"wp:term":[{"taxonomy":"category","embeddable":true,"href":"https:\/\/blogs.diariosur.es\/tormentas-y-rayos\/wp-json\/wp\/v2\/categories?post=48659"},{"taxonomy":"post_tag","embeddable":true,"href":"https:\/\/blogs.diariosur.es\/tormentas-y-rayos\/wp-json\/wp\/v2\/tags?post=48659"}],"curies":[{"name":"wp","href":"https:\/\/api.w.org\/{rel}","templated":true}]}}