{"id":4866,"date":"2013-02-04T10:14:21","date_gmt":"2013-02-04T09:14:21","guid":{"rendered":"http:\/\/blogs.diariosur.es\/tormentas-y-rayos\/?p=4866"},"modified":"2013-02-04T10:14:21","modified_gmt":"2013-02-04T09:14:21","slug":"febrerillo-el-loco-de-todo-o-mucho-o-poco-por-san-valentino-los-almendros-florecidos","status":"publish","type":"post","link":"https:\/\/blogs.diariosur.es\/tormentas-y-rayos\/2013\/02\/04\/febrerillo-el-loco-de-todo-o-mucho-o-poco-por-san-valentino-los-almendros-florecidos\/","title":{"rendered":"Febrerillo el loco, de todo o mucho o poco. Por San Valentino, los almendros florecidos."},"content":{"rendered":"<p><strong>Buenos d\u00edas amigos de la meteo. Son las seis de la ma\u00f1ana, registro 7,8 \u00a0grados y los cielos est\u00e1n poco nubosos, si acaso algunos cirros. Como hoy no he podido bajar ha fotografiar el amanecer, nuestro amigo Paco Martin nos da los buenos dias con esta preciosa foto.<\/strong><\/p>\n<p><a href=\"https:\/\/blogs.diariosur.es\/tormentas-y-rayos\/2013\/02\/04\/febrerillo-el-loco-de-todo-o-mucho-o-poco-por-san-valentino-los-almendros-florecidos\/414426_2084564411825_1426421774_o-1\/\" rel=\"attachment wp-att-4882\"><img loading=\"lazy\" class=\"aligncenter size-full wp-image-4882\" title=\"414426_2084564411825_1426421774_o (1)\" src=\"\/tormentas-y-rayos\/wp-content\/uploads\/sites\/12\/2013\/02\/414426_2084564411825_1426421774_o-1.jpg\" alt=\"\" width=\"670\" height=\"447\" srcset=\"https:\/\/static-blogs.diariosur.es\/wp-content\/uploads\/sites\/12\/2013\/02\/414426_2084564411825_1426421774_o-1.jpg 670w, https:\/\/static-blogs.diariosur.es\/wp-content\/uploads\/sites\/12\/2013\/02\/414426_2084564411825_1426421774_o-1-600x400.jpg 600w\" sizes=\"(max-width: 670px) 100vw, 670px\" \/><\/a><\/p>\n<p><strong> El pasado fin de semana \u00a0se cumplieron dos de los muchos refranes, que tiene el mes de Febrero en meteorolog\u00eda. El segundo refr\u00e1n del titulo del post, lo tenemos de portada. Nuestro amigo Lui Garcia Marin quiere compartir estas preciosas foto de almendros en flor. Aunque si el invierno es suave, a\u00a0finales\u00a0de diciembre se han visto almendros en flor. De nuevo os recomiendo su blog (<a href=\"http:\/\/blogs.diariosur.es\/diariodeuncamaleon\/\"> DIARIO DE UN CAMALE\u00d3N<\/a>) que es una pasada. Un abrazo Lui.<\/strong><\/p>\n<p>&nbsp;<\/p>\n<p><a href=\"https:\/\/blogs.diariosur.es\/tormentas-y-rayos\/2013\/02\/04\/febrerillo-el-loco-de-todo-o-mucho-o-poco-por-san-valentino-los-almendros-florecidos\/843818_4347719492764_1236180724_o\/\" rel=\"attachment wp-att-4872\"><img loading=\"lazy\" class=\"aligncenter size-full wp-image-4872\" title=\"843818_4347719492764_1236180724_o\" src=\"\/tormentas-y-rayos\/wp-content\/uploads\/sites\/12\/2013\/02\/843818_4347719492764_1236180724_o.jpg\" alt=\"\" width=\"670\" height=\"466\" srcset=\"https:\/\/static-blogs.diariosur.es\/wp-content\/uploads\/sites\/12\/2013\/02\/843818_4347719492764_1236180724_o.jpg 670w, https:\/\/static-blogs.diariosur.es\/wp-content\/uploads\/sites\/12\/2013\/02\/843818_4347719492764_1236180724_o-575x400.jpg 575w\" sizes=\"(max-width: 670px) 100vw, 670px\" \/><\/a><\/p>\n<p><strong>\u00a0Y como no, tambi\u00e9n recomendaros el blog de mis amigos Benito Lorenzo y su mujer Carmen Oca\u00f1a. Se llama <a href=\"http:\/\/www.malagapuebloapueblo.com\/\" rel=\"external nofollow\">M\u00e1laga pueblo a pueblo<\/a>, en este blog pod\u00e9is ver los 101 pueblos de la Provincia Malague\u00f1a, que tanto Carmen como Beni han visitado y han inmortalizado en fotos. Muchas gracias \u00a0Beni, Carmen.<\/strong><\/p>\n<p><strong>El primer refr\u00e1n del t\u00edtulo tambi\u00e9n se ha cumplido totalmente. Este pasado fin de semana hemos tenido ratos malos y ratos buenos je , je. En la madrugada del s\u00e1bado y como se \u00a0ten\u00eda previsto, empez\u00f3 a soplar terral de invierno, en algunos momentos de la madrugada fue fuerte. Pero lo curioso fue la temperatura que ten\u00edamos de madrugada y al amanecer. Concretamente 16 grados, luego bajo un poco a partir de las diez de la ma\u00f1ana, para mas tarde subir un poco. Esto se debi\u00f3, a que la temperatura a 850 hpa no era tan fr\u00eda como yo esperaba viendo los modelos. Os paso unos gr\u00e1ficos que hablan por si solos. Fuente Aemet.<strong>\u00a0 Durante la tarde del\u00a0s\u00e1bado\u00a0el aire se calmo y\u00a0temperatura\u00a0empez\u00f3\u00a0 a bajar lentamente.\u00a0<\/strong><\/strong><\/p>\n<p><a href=\"https:\/\/blogs.diariosur.es\/tormentas-y-rayos\/2013\/02\/04\/febrerillo-el-loco-de-todo-o-mucho-o-poco-por-san-valentino-los-almendros-florecidos\/teatitesab\/\" rel=\"attachment wp-att-4867\"><img loading=\"lazy\" class=\"aligncenter size-medium wp-image-4867\" title=\"teatitesab\" src=\"\/tormentas-y-rayos\/wp-content\/uploads\/sites\/12\/2013\/02\/teatitesab.jpg\" alt=\"\" width=\"600\" height=\"248\" srcset=\"https:\/\/static-blogs.diariosur.es\/wp-content\/uploads\/sites\/12\/2013\/02\/teatitesab.jpg 696w, https:\/\/static-blogs.diariosur.es\/wp-content\/uploads\/sites\/12\/2013\/02\/teatitesab-640x265.jpg 640w\" sizes=\"(max-width: 600px) 100vw, 600px\" \/><\/a><a href=\"https:\/\/blogs.diariosur.es\/tormentas-y-rayos\/2013\/02\/04\/febrerillo-el-loco-de-todo-o-mucho-o-poco-por-san-valentino-los-almendros-florecidos\/teatsabado\/\" rel=\"attachment wp-att-4868\"><img loading=\"lazy\" class=\"aligncenter size-medium wp-image-4868\" title=\"teatsabado\" src=\"\/tormentas-y-rayos\/wp-content\/uploads\/sites\/12\/2013\/02\/teatsabado.jpg\" alt=\"\" width=\"600\" height=\"263\" srcset=\"https:\/\/static-blogs.diariosur.es\/wp-content\/uploads\/sites\/12\/2013\/02\/teatsabado.jpg 694w, https:\/\/static-blogs.diariosur.es\/wp-content\/uploads\/sites\/12\/2013\/02\/teatsabado-640x281.jpg 640w\" sizes=\"(max-width: 600px) 100vw, 600px\" \/><\/a><a href=\"https:\/\/blogs.diariosur.es\/tormentas-y-rayos\/2013\/02\/04\/febrerillo-el-loco-de-todo-o-mucho-o-poco-por-san-valentino-los-almendros-florecidos\/temsabas\/\" rel=\"attachment wp-att-4869\"><img loading=\"lazy\" class=\"aligncenter size-medium wp-image-4869\" title=\"temsabas\" src=\"\/tormentas-y-rayos\/wp-content\/uploads\/sites\/12\/2013\/02\/temsabas.jpg\" alt=\"\" width=\"600\" height=\"258\" srcset=\"https:\/\/static-blogs.diariosur.es\/wp-content\/uploads\/sites\/12\/2013\/02\/temsabas.jpg 693w, https:\/\/static-blogs.diariosur.es\/wp-content\/uploads\/sites\/12\/2013\/02\/temsabas-640x276.jpg 640w\" sizes=\"(max-width: 600px) 100vw, 600px\" \/><\/a><a href=\"https:\/\/blogs.diariosur.es\/tormentas-y-rayos\/2013\/02\/04\/febrerillo-el-loco-de-todo-o-mucho-o-poco-por-san-valentino-los-almendros-florecidos\/vinesaba\/\" rel=\"attachment wp-att-4870\"><img loading=\"lazy\" class=\"aligncenter size-medium wp-image-4870\" title=\"vinesaba\" src=\"\/tormentas-y-rayos\/wp-content\/uploads\/sites\/12\/2013\/02\/vinesaba.jpg\" alt=\"\" width=\"600\" height=\"257\" srcset=\"https:\/\/static-blogs.diariosur.es\/wp-content\/uploads\/sites\/12\/2013\/02\/vinesaba.jpg 703w, https:\/\/static-blogs.diariosur.es\/wp-content\/uploads\/sites\/12\/2013\/02\/vinesaba-640x275.jpg 640w\" sizes=\"(max-width: 600px) 100vw, 600px\" \/><\/a><\/p>\n<p><strong>\u00a0<\/strong><\/p>\n<p><strong>En la madrugada del domingo, de nuevo el terral de invierno tomo protagonismo. Incluso la AEMET activo la alerta amarilla por vientos. La m\u00ednima el domingo fue de 8 grados y la m\u00e1xima de 19,2 grados. Amaneci\u00f3 sin apenas nubes, la protagonista era la luna menguando.<\/strong><\/p>\n<p><a href=\"https:\/\/blogs.diariosur.es\/tormentas-y-rayos\/2013\/02\/04\/febrerillo-el-loco-de-todo-o-mucho-o-poco-por-san-valentino-los-almendros-florecidos\/olympus-digital-camera-1083\/\" rel=\"attachment wp-att-4871\"><img loading=\"lazy\" class=\"aligncenter size-full wp-image-4871\" title=\"OLYMPUS DIGITAL CAMERA\" src=\"\/tormentas-y-rayos\/wp-content\/uploads\/sites\/12\/2013\/02\/011.jpg\" alt=\"\" width=\"670\" height=\"503\" srcset=\"https:\/\/static-blogs.diariosur.es\/wp-content\/uploads\/sites\/12\/2013\/02\/011.jpg 670w, https:\/\/static-blogs.diariosur.es\/wp-content\/uploads\/sites\/12\/2013\/02\/011-533x400.jpg 533w\" sizes=\"(max-width: 670px) 100vw, 670px\" \/><\/a><\/p>\n<p><strong>Al mediod\u00eda tiramos para Torre de Benagalb\u00f3n, nada mas llegar me dijo mi cu\u00f1ado, que no recordaba rachas de viento tan fuertes. El llego sobre las diez de la ma\u00f1ana, pero cuando yo llegue, que serian la una de la tarde no soplaba tan fuerte. Tengo un amigo en la zona del Rinc\u00f3n que tiene un anem\u00f3metro, y me comento que registro una racha de 68 km\/h a las diez y cuarto. Os paso un peque\u00f1o video que tome cuando bajaba para la playa.<\/strong><\/p>\n<p>&nbsp;<\/p>\n<p><iframe loading=\"lazy\" src=\"\/\/www.youtube.com\/embed\/-8ZWtDLoKeQ\" frameborder=\"0\" width=\"640\" height=\"360\"><\/iframe><\/p>\n<p>&nbsp;<\/p>\n<p><strong>Una vez que \u00a0llegue a la playa me di cuenta que el aire en esta zona era de norte y noreste. En el cielo se\u00a0ve\u00edan los primeros cirros que luego por la tarde\u00a0dar\u00edan\u00a0un gran candilazo. Os paso la foto desde la playa.<\/strong><\/p>\n<p><a href=\"https:\/\/blogs.diariosur.es\/tormentas-y-rayos\/2013\/02\/04\/febrerillo-el-loco-de-todo-o-mucho-o-poco-por-san-valentino-los-almendros-florecidos\/olympus-digital-camera-1084\/\" rel=\"attachment wp-att-4874\"><img loading=\"lazy\" class=\"aligncenter size-full wp-image-4874\" title=\"OLYMPUS DIGITAL CAMERA\" src=\"\/tormentas-y-rayos\/wp-content\/uploads\/sites\/12\/2013\/02\/023.jpg\" alt=\"\" width=\"670\" height=\"503\" srcset=\"https:\/\/static-blogs.diariosur.es\/wp-content\/uploads\/sites\/12\/2013\/02\/023.jpg 670w, https:\/\/static-blogs.diariosur.es\/wp-content\/uploads\/sites\/12\/2013\/02\/023-533x400.jpg 533w\" sizes=\"(max-width: 670px) 100vw, 670px\" \/><\/a><\/p>\n<p>&nbsp;<\/p>\n<p><strong>Me pase a saludar a mi amigo Jose, el espetero de la Marina. Me comentaba que hacia tiempo que no recordaba tantos dias de viento desde que ha comenzado el 2013. Me regalo unos\u00a0tomates\u00a0\u00a0y lechugas\u00a0ecol\u00f3gicas\u00a0que quitan el sentido. Gracias Jose.<\/strong><\/p>\n<p><strong>\u00a0<a href=\"https:\/\/blogs.diariosur.es\/tormentas-y-rayos\/2013\/02\/04\/febrerillo-el-loco-de-todo-o-mucho-o-poco-por-san-valentino-los-almendros-florecidos\/olympus-digital-camera-1087\/\" rel=\"attachment wp-att-4879\"><img loading=\"lazy\" class=\"aligncenter size-full wp-image-4879\" title=\"OLYMPUS DIGITAL CAMERA\" src=\"\/tormentas-y-rayos\/wp-content\/uploads\/sites\/12\/2013\/02\/029.jpg\" alt=\"\" width=\"500\" height=\"667\" srcset=\"https:\/\/static-blogs.diariosur.es\/wp-content\/uploads\/sites\/12\/2013\/02\/029.jpg 500w, https:\/\/static-blogs.diariosur.es\/wp-content\/uploads\/sites\/12\/2013\/02\/029-300x400.jpg 300w\" sizes=\"(max-width: 500px) 100vw, 500px\" \/><\/a><\/strong><\/p>\n<p><strong>Una vez terminado mi paseo habitual,\u00a0sub\u00ed\u00a0para la casa. Desde esa zona vemos Sierra Tejeda, pero el tele me lo deje \u00a0en la casa.\u00a0Quer\u00eda\u00a0comprobar si\u00a0aun\u00a0tenia nieve y la verdad\u00a0que\u00a0pensaba que no. Pero nuestra amiga Paqui Carnero ha puesto una foto en facebook, que tomo ayer desde Torre del Mar \u00a0y es curioso que le quedan restillos de nieve, os paso la foto de Paqui.<\/strong><\/p>\n<p><a href=\"https:\/\/blogs.diariosur.es\/tormentas-y-rayos\/2013\/02\/04\/febrerillo-el-loco-de-todo-o-mucho-o-poco-por-san-valentino-los-almendros-florecidos\/paqui-carnero-6\/\" rel=\"attachment wp-att-4876\"><img loading=\"lazy\" class=\"aligncenter size-full wp-image-4876\" title=\"paqui carnero\" src=\"\/tormentas-y-rayos\/wp-content\/uploads\/sites\/12\/2013\/02\/paqui-carnero1.jpg\" alt=\"\" width=\"670\" height=\"366\" srcset=\"https:\/\/static-blogs.diariosur.es\/wp-content\/uploads\/sites\/12\/2013\/02\/paqui-carnero1.jpg 670w, https:\/\/static-blogs.diariosur.es\/wp-content\/uploads\/sites\/12\/2013\/02\/paqui-carnero1-640x350.jpg 640w\" sizes=\"(max-width: 670px) 100vw, 670px\" \/><\/a><\/p>\n<p>&nbsp;<\/p>\n<p><strong>Sobre las dos de la tarde el viento se calmo y empez\u00f3 a soplar de levante. De camino a M\u00e1laga, los cielos se tornaban de cirros. Luego mas tarde, en la puesta de sol se produjo un bonito candilazo, que pude fotografiar desde la terraza.<\/strong><\/p>\n<p><a href=\"https:\/\/blogs.diariosur.es\/tormentas-y-rayos\/2013\/02\/04\/febrerillo-el-loco-de-todo-o-mucho-o-poco-por-san-valentino-los-almendros-florecidos\/olympus-digital-camera-1085\/\" rel=\"attachment wp-att-4877\"><img loading=\"lazy\" class=\"aligncenter size-full wp-image-4877\" title=\"OLYMPUS DIGITAL CAMERA\" src=\"\/tormentas-y-rayos\/wp-content\/uploads\/sites\/12\/2013\/02\/033.jpg\" alt=\"\" width=\"670\" height=\"503\" srcset=\"https:\/\/static-blogs.diariosur.es\/wp-content\/uploads\/sites\/12\/2013\/02\/033.jpg 670w, https:\/\/static-blogs.diariosur.es\/wp-content\/uploads\/sites\/12\/2013\/02\/033-533x400.jpg 533w\" sizes=\"(max-width: 670px) 100vw, 670px\" \/><\/a><\/p>\n<p><a href=\"https:\/\/blogs.diariosur.es\/tormentas-y-rayos\/2013\/02\/04\/febrerillo-el-loco-de-todo-o-mucho-o-poco-por-san-valentino-los-almendros-florecidos\/olympus-digital-camera-1086\/\" rel=\"attachment wp-att-4878\"><img loading=\"lazy\" class=\"aligncenter size-full wp-image-4878\" title=\"OLYMPUS DIGITAL CAMERA\" src=\"\/tormentas-y-rayos\/wp-content\/uploads\/sites\/12\/2013\/02\/034.jpg\" alt=\"\" width=\"670\" height=\"503\" srcset=\"https:\/\/static-blogs.diariosur.es\/wp-content\/uploads\/sites\/12\/2013\/02\/034.jpg 670w, https:\/\/static-blogs.diariosur.es\/wp-content\/uploads\/sites\/12\/2013\/02\/034-533x400.jpg 533w\" sizes=\"(max-width: 670px) 100vw, 670px\" \/><\/a><\/p>\n<p>&nbsp;<\/p>\n<p><strong>Fernando Berrocal lo inmortalizaba desde los Ba\u00f1os del Carmen. Amigo Nandi estuve a punto de tirar para\u00a0all\u00ed, pero al final me quede en la casa. Espero conocerte prontamente. Preciosa la foto.<\/strong><\/p>\n<p><a href=\"https:\/\/blogs.diariosur.es\/tormentas-y-rayos\/2013\/02\/04\/febrerillo-el-loco-de-todo-o-mucho-o-poco-por-san-valentino-los-almendros-florecidos\/fernando-berrocal-3\/\" rel=\"attachment wp-att-4880\"><img loading=\"lazy\" class=\"aligncenter size-full wp-image-4880\" title=\"fernando berrocal\" src=\"\/tormentas-y-rayos\/wp-content\/uploads\/sites\/12\/2013\/02\/fernando-berrocal.jpg\" alt=\"\" width=\"670\" height=\"378\" srcset=\"https:\/\/static-blogs.diariosur.es\/wp-content\/uploads\/sites\/12\/2013\/02\/fernando-berrocal.jpg 670w, https:\/\/static-blogs.diariosur.es\/wp-content\/uploads\/sites\/12\/2013\/02\/fernando-berrocal-640x361.jpg 640w\" sizes=\"(max-width: 670px) 100vw, 670px\" \/><\/a><\/p>\n<p>&nbsp;<\/p>\n<p>&nbsp;<\/p>\n<p><strong>Bueno amigos vamos con el pron\u00f3stico para estos dos primeros d\u00edas de la semana.<\/strong><\/p>\n<p><strong>Hoy lunes las m\u00ednimas han bajado bastante en toda Andaluc\u00eda. En estos momentos esta helando en Antequera y en otros puntos de la provincia. De todas formas las\u00a0m\u00e1ximas\u00a0 en la capital estar\u00e1n cercanas a los 20 grados, y rondaran los 15 por el interior.\u00a0<\/strong><\/p>\n<p><strong>Ma\u00f1ana martes de nuevo helara por el interior, y seguiremos disfrutando de temperaturas suaves.<\/strong><\/p>\n<p><strong> Pero como febrero es un mes loco, a partir de la madrugada del mi\u00e9rcoles, una nueva borrasca\u00a0traer\u00e1\u00a0un empeoramiento mas generalizado al norte peninsular. La posici\u00f3n que tome esta borrasca unida al anticicl\u00f3n, puede traer de nuevo viento de terral de invierno a nuestra provincia. Las\u00a0m\u00e1ximas\u00a0bajaran durante el\u00a0mi\u00e9rcoles\u00a0y jueves, que unido al viento\u00a0har\u00e1\u00a0que la sensaci\u00f3n de fr\u00edo sea mayor.<\/strong><\/p>\n<p><strong>Lluvias no espero durante toda la semana. Ma\u00f1ana intentare actualizar de nuevo el post, para ver como afectara esta pr\u00f3xima borrasca. Hay posibilidad de que nuevo la Aemet active la alerta amarilla por vientos en nuestra Provincia Malague\u00f1a.<\/strong><\/p>\n<p><strong>Os dejo con una foto preciosa de Antonio Portillo. Es un amanecer que fotografi\u00f3 la semana pasada. Me encanta ver salir el sol con una lagrima.<\/strong><\/p>\n<p><a href=\"https:\/\/blogs.diariosur.es\/tormentas-y-rayos\/2013\/02\/04\/febrerillo-el-loco-de-todo-o-mucho-o-poco-por-san-valentino-los-almendros-florecidos\/antonio-portillo-12\/\" rel=\"attachment wp-att-4881\"><img loading=\"lazy\" class=\"aligncenter size-full wp-image-4881\" title=\"antonio portillo\" src=\"\/tormentas-y-rayos\/wp-content\/uploads\/sites\/12\/2013\/02\/antonio-portillo.jpg\" alt=\"\" width=\"670\" height=\"447\" srcset=\"https:\/\/static-blogs.diariosur.es\/wp-content\/uploads\/sites\/12\/2013\/02\/antonio-portillo.jpg 670w, https:\/\/static-blogs.diariosur.es\/wp-content\/uploads\/sites\/12\/2013\/02\/antonio-portillo-600x400.jpg 600w\" sizes=\"(max-width: 670px) 100vw, 670px\" \/><\/a><\/p>\n","protected":false},"excerpt":{"rendered":"<p>Buenos d\u00edas amigos de la meteo. Son las seis de la ma\u00f1ana, registro 7,8 \u00a0grados y los cielos est\u00e1n poco nubosos, si acaso algunos cirros. Como hoy no he podido bajar ha fotografiar el amanecer, nuestro amigo Paco Martin nos da los buenos dias con esta preciosa foto. El pasado fin de semana \u00a0se cumplieron [&hellip;]<\/p>\n","protected":false},"author":16,"featured_media":4873,"comment_status":"open","ping_status":"closed","sticky":false,"template":"","format":"standard","meta":[],"categories":[2],"tags":[],"_links":{"self":[{"href":"https:\/\/blogs.diariosur.es\/tormentas-y-rayos\/wp-json\/wp\/v2\/posts\/4866"}],"collection":[{"href":"https:\/\/blogs.diariosur.es\/tormentas-y-rayos\/wp-json\/wp\/v2\/posts"}],"about":[{"href":"https:\/\/blogs.diariosur.es\/tormentas-y-rayos\/wp-json\/wp\/v2\/types\/post"}],"author":[{"embeddable":true,"href":"https:\/\/blogs.diariosur.es\/tormentas-y-rayos\/wp-json\/wp\/v2\/users\/16"}],"replies":[{"embeddable":true,"href":"https:\/\/blogs.diariosur.es\/tormentas-y-rayos\/wp-json\/wp\/v2\/comments?post=4866"}],"version-history":[{"count":0,"href":"https:\/\/blogs.diariosur.es\/tormentas-y-rayos\/wp-json\/wp\/v2\/posts\/4866\/revisions"}],"wp:featuredmedia":[{"embeddable":true,"href":"https:\/\/blogs.diariosur.es\/tormentas-y-rayos\/wp-json\/wp\/v2\/media\/4873"}],"wp:attachment":[{"href":"https:\/\/blogs.diariosur.es\/tormentas-y-rayos\/wp-json\/wp\/v2\/media?parent=4866"}],"wp:term":[{"taxonomy":"category","embeddable":true,"href":"https:\/\/blogs.diariosur.es\/tormentas-y-rayos\/wp-json\/wp\/v2\/categories?post=4866"},{"taxonomy":"post_tag","embeddable":true,"href":"https:\/\/blogs.diariosur.es\/tormentas-y-rayos\/wp-json\/wp\/v2\/tags?post=4866"}],"curies":[{"name":"wp","href":"https:\/\/api.w.org\/{rel}","templated":true}]}}