{"id":48669,"date":"2026-01-18T08:11:50","date_gmt":"2026-01-18T07:11:50","guid":{"rendered":"https:\/\/blogs.diariosur.es\/tormentas-y-rayos\/?p=48669"},"modified":"2026-01-18T09:02:21","modified_gmt":"2026-01-18T08:02:21","slug":"porque-nevo-en-malaga-el-18-de-enero-del-2017-a-400-metros-de-altitud","status":"publish","type":"post","link":"https:\/\/blogs.diariosur.es\/tormentas-y-rayos\/2026\/01\/18\/porque-nevo-en-malaga-el-18-de-enero-del-2017-a-400-metros-de-altitud\/","title":{"rendered":"\u00bfPor qu\u00e9 nev\u00f3 en M\u00e1laga el 18 de enero de 2017 a 400 metros de altitud?"},"content":{"rendered":"<p data-pm-slice=\"1 1 []\"><a href=\"https:\/\/static-blogs.diariosur.es\/wp-content\/uploads\/sites\/12\/2025\/10\/444912498_10228884468795449_97962860407814916_n-e1763121197919.jpg\"><img loading=\"lazy\" class=\"aligncenter size-thumbnail wp-image-46969\" src=\"https:\/\/static-blogs.diariosur.es\/wp-content\/uploads\/sites\/12\/2025\/10\/444912498_10228884468795449_97962860407814916_n-150x150.jpg\" alt=\"\" width=\"150\" height=\"150\" \/><\/a><\/p>\n<p data-pm-slice=\"1 1 []\">Buenos d\u00edas, amigos de la meteo. Cuando son las siete y media de la ma\u00f1ana en M\u00e1laga capital, la estaci\u00f3n de la Aemet del Aeropuerto registrado una m\u00ednima de 4,4 \u00b0C, los cielos est\u00e1n nubosos y el viento sopla flojo de direcci\u00f3n variable. Qu\u00e9 pena que las precipitaciones que se est\u00e1n dando por la zona del Estrecho no se hayan dado en la costa m\u00e1s occidental malague\u00f1a; de haberlo hecho, hubieran amanecido las sierras prelitorales de Estepona y Marbella con nieve.<\/p>\n<p>A petici\u00f3n de muchos de mis seguidores, os pongo nuevamente este reportaje. Ese d\u00eda nev\u00f3 en la provincia malague\u00f1a a partir de 400 metros; incluso se vieron copos a menor altitud. Ronda qued\u00f3 aislada, como pod\u00e9is ver en el video que os pongo m\u00e1s abajo del post Nev\u00f3 en Mijas Pueblo, Alhaur\u00edn el Grande, Alhaur\u00edn de la Torre, Co\u00edn, Yunquera, Juzcar; la Concha en Marbella se visti\u00f3 de blanco a partir de 300 metros. En la sierra de Benalm\u00e1dena (Calamorro), la nieve cuaj\u00f3 a 400 metros.<\/p>\n<p>Amigos que viven por la zona del Atabal,\u00a0Puerto de la Torre y zonas altas de la capital me comentaban ese d\u00eda que ca\u00edan copos, pero no cuajaba.<\/p>\n<p>En zonas de la costa tropical de Granada se vieron caer algunos copos, pero no cuaj\u00f3 como pas\u00f3 en el 2005.<\/p>\n<h3 data-pm-slice=\"1 1 []\"><span style=\"color: #0000ff;\"><strong>Por qu\u00e9 nev\u00f3 ese d\u00eda a tan poca altitud os lo explico a continuaci\u00f3n<\/strong>.<\/span><\/h3>\n<p>Un potente anticicl\u00f3n\u00a0se sit\u00faa en las Islas Brit\u00e1nicas, abarcando hasta Escandinavia; por otro lado, una borrasca se sit\u00faa en el Mediterr\u00e1neo. Estas dos posiciones contribuyeron a la entrada de una masa de aire muy fr\u00eda continental de origen siberiano hacia la pen\u00ednsula. Retr\u00f3gradamente, una bolsa de aire fr\u00edo se dirige hacia Andaluc\u00eda, que, unido a la baja relativa del norte de Marruecos, hizo que entraran vientos h\u00famedos de levante. Nuevamente se produjo un milagro, jijijij.<\/p>\n<p>&nbsp;<\/p>\n<p>&nbsp;<\/p>\n<p><a href=\"https:\/\/static-blogs.diariosur.es\/wp-content\/uploads\/sites\/12\/2019\/02\/z-1.jpg\"><img loading=\"lazy\" class=\"aligncenter size-full wp-image-23110\" src=\"https:\/\/static-blogs.diariosur.es\/wp-content\/uploads\/sites\/12\/2019\/02\/z-1.jpg\" alt=\"z\" width=\"774\" height=\"514\" srcset=\"https:\/\/static-blogs.diariosur.es\/wp-content\/uploads\/sites\/12\/2019\/02\/z-1.jpg 774w, https:\/\/static-blogs.diariosur.es\/wp-content\/uploads\/sites\/12\/2019\/02\/z-1-602x400.jpg 602w, https:\/\/static-blogs.diariosur.es\/wp-content\/uploads\/sites\/12\/2019\/02\/z-1-768x510.jpg 768w\" sizes=\"(max-width: 774px) 100vw, 774px\" \/><\/a> <a href=\"https:\/\/static-blogs.diariosur.es\/wp-content\/uploads\/sites\/12\/2019\/02\/z1-1.jpg\"><img loading=\"lazy\" class=\"aligncenter size-full wp-image-23111\" src=\"https:\/\/static-blogs.diariosur.es\/wp-content\/uploads\/sites\/12\/2019\/02\/z1-1.jpg\" alt=\"z1\" width=\"770\" height=\"515\" srcset=\"https:\/\/static-blogs.diariosur.es\/wp-content\/uploads\/sites\/12\/2019\/02\/z1-1.jpg 770w, https:\/\/static-blogs.diariosur.es\/wp-content\/uploads\/sites\/12\/2019\/02\/z1-1-598x400.jpg 598w, https:\/\/static-blogs.diariosur.es\/wp-content\/uploads\/sites\/12\/2019\/02\/z1-1-768x514.jpg 768w\" sizes=\"(max-width: 770px) 100vw, 770px\" \/><\/a> <a href=\"https:\/\/static-blogs.diariosur.es\/wp-content\/uploads\/sites\/12\/2019\/02\/z2.jpg\"><img loading=\"lazy\" class=\"aligncenter size-full wp-image-23112\" src=\"https:\/\/static-blogs.diariosur.es\/wp-content\/uploads\/sites\/12\/2019\/02\/z2.jpg\" alt=\"z2\" width=\"767\" height=\"515\" srcset=\"https:\/\/static-blogs.diariosur.es\/wp-content\/uploads\/sites\/12\/2019\/02\/z2.jpg 767w, https:\/\/static-blogs.diariosur.es\/wp-content\/uploads\/sites\/12\/2019\/02\/z2-596x400.jpg 596w\" sizes=\"(max-width: 767px) 100vw, 767px\" \/><\/a> <a href=\"https:\/\/static-blogs.diariosur.es\/wp-content\/uploads\/sites\/12\/2019\/02\/z3.jpg\"><img loading=\"lazy\" class=\"aligncenter size-full wp-image-23113\" src=\"https:\/\/static-blogs.diariosur.es\/wp-content\/uploads\/sites\/12\/2019\/02\/z3.jpg\" alt=\"z3\" width=\"775\" height=\"511\" srcset=\"https:\/\/static-blogs.diariosur.es\/wp-content\/uploads\/sites\/12\/2019\/02\/z3.jpg 775w, https:\/\/static-blogs.diariosur.es\/wp-content\/uploads\/sites\/12\/2019\/02\/z3-607x400.jpg 607w, https:\/\/static-blogs.diariosur.es\/wp-content\/uploads\/sites\/12\/2019\/02\/z3-768x506.jpg 768w\" sizes=\"(max-width: 775px) 100vw, 775px\" \/><\/a> <a href=\"https:\/\/static-blogs.diariosur.es\/wp-content\/uploads\/sites\/12\/2019\/02\/z4.jpg\"><img loading=\"lazy\" class=\"aligncenter size-full wp-image-23114\" src=\"https:\/\/static-blogs.diariosur.es\/wp-content\/uploads\/sites\/12\/2019\/02\/z4.jpg\" alt=\"z4\" width=\"768\" height=\"512\" srcset=\"https:\/\/static-blogs.diariosur.es\/wp-content\/uploads\/sites\/12\/2019\/02\/z4.jpg 768w, https:\/\/static-blogs.diariosur.es\/wp-content\/uploads\/sites\/12\/2019\/02\/z4-600x400.jpg 600w\" sizes=\"(max-width: 768px) 100vw, 768px\" \/><\/a><\/p>\n<p>&nbsp;<\/p>\n<p>&nbsp;<\/p>\n<p data-pm-slice=\"1 1 []\">Mi amigo Lu\u00ed Garcia Mar\u00edn hizo una foto desde su terraza a la Sierra de Benalm\u00e1dena (Calamorro), que tiene 771 metros. La nieve cuaj\u00f3 a 400 metros, como pod\u00e9is ver en la foto, pero los copos se daban a partir de los 200 metros.<\/p>\n<p>Os pongo la foto de Lui.<\/p>\n<p>&nbsp;<\/p>\n<p><a href=\"https:\/\/static-blogs.diariosur.es\/wp-content\/uploads\/sites\/12\/2019\/02\/thumbnail_50330747_2017135165042410_6226005465822658560_o-e1549433044259.jpg\"><img loading=\"lazy\" class=\"aligncenter size-full wp-image-23108\" src=\"https:\/\/static-blogs.diariosur.es\/wp-content\/uploads\/sites\/12\/2019\/02\/thumbnail_50330747_2017135165042410_6226005465822658560_o-e1549433044259.jpg\" alt=\"thumbnail_50330747_2017135165042410_6226005465822658560_o\" width=\"1200\" height=\"736\" \/><\/a><\/p>\n<p>&nbsp;<\/p>\n<p>Alhaur\u00edn de la Torre fuente diario sur<\/p>\n<p>&nbsp;<\/p>\n<p><a href=\"https:\/\/static-blogs.diariosur.es\/wp-content\/uploads\/sites\/12\/2026\/01\/ALHAURIN-DE-LA-tORRE-scaled-e1768719030870.jpg\"><img loading=\"lazy\" class=\"aligncenter size-full wp-image-48682\" src=\"https:\/\/static-blogs.diariosur.es\/wp-content\/uploads\/sites\/12\/2026\/01\/ALHAURIN-DE-LA-tORRE-scaled-e1768719030870.jpg\" alt=\"\" width=\"1000\" height=\"540\" \/><\/a><\/p>\n<p>&nbsp;<\/p>\n<p>Alhaur\u00edn el Grande. Fuente diario sur<\/p>\n<p>&nbsp;<\/p>\n<p><a href=\"https:\/\/static-blogs.diariosur.es\/wp-content\/uploads\/sites\/12\/2026\/01\/alhaurin-el-grande.jpg\"><img loading=\"lazy\" class=\"aligncenter size-full wp-image-48683\" src=\"https:\/\/static-blogs.diariosur.es\/wp-content\/uploads\/sites\/12\/2026\/01\/alhaurin-el-grande.jpg\" alt=\"\" width=\"660\" height=\"371\" srcset=\"https:\/\/static-blogs.diariosur.es\/wp-content\/uploads\/sites\/12\/2026\/01\/alhaurin-el-grande.jpg 660w, https:\/\/static-blogs.diariosur.es\/wp-content\/uploads\/sites\/12\/2026\/01\/alhaurin-el-grande-640x360.jpg 640w\" sizes=\"(max-width: 660px) 100vw, 660px\" \/><\/a><\/p>\n<p>&nbsp;<\/p>\n<p>Fuente de la Reina. Fuente diario sur<\/p>\n<p>&nbsp;<\/p>\n<p><a href=\"https:\/\/static-blogs.diariosur.es\/wp-content\/uploads\/sites\/12\/2026\/01\/FUENTE-DE-LA-REINA-scaled-e1768719133461.jpg\"><img loading=\"lazy\" class=\"aligncenter size-full wp-image-48684\" src=\"https:\/\/static-blogs.diariosur.es\/wp-content\/uploads\/sites\/12\/2026\/01\/FUENTE-DE-LA-REINA-scaled-e1768719133461.jpg\" alt=\"\" width=\"1000\" height=\"561\" \/><\/a><\/p>\n<p>&nbsp;<\/p>\n<p>Fotos de Crist\u00f3bal Gambero en Mijas Pueblo.<\/p>\n<p>&nbsp;<\/p>\n<p><a href=\"https:\/\/static-blogs.diariosur.es\/wp-content\/uploads\/sites\/12\/2026\/01\/m3.jpg\"><img loading=\"lazy\" class=\"aligncenter size-full wp-image-48685\" src=\"https:\/\/static-blogs.diariosur.es\/wp-content\/uploads\/sites\/12\/2026\/01\/m3.jpg\" alt=\"\" width=\"954\" height=\"720\" srcset=\"https:\/\/static-blogs.diariosur.es\/wp-content\/uploads\/sites\/12\/2026\/01\/m3.jpg 954w, https:\/\/static-blogs.diariosur.es\/wp-content\/uploads\/sites\/12\/2026\/01\/m3-530x400.jpg 530w, https:\/\/static-blogs.diariosur.es\/wp-content\/uploads\/sites\/12\/2026\/01\/m3-541x408.jpg 541w, https:\/\/static-blogs.diariosur.es\/wp-content\/uploads\/sites\/12\/2026\/01\/m3-768x580.jpg 768w\" sizes=\"(max-width: 954px) 100vw, 954px\" \/><\/a><\/p>\n<p>&nbsp;<\/p>\n<p><a href=\"https:\/\/static-blogs.diariosur.es\/wp-content\/uploads\/sites\/12\/2026\/01\/m2-e1768719680452.jpg\"><img loading=\"lazy\" class=\"aligncenter size-full wp-image-48686\" src=\"https:\/\/static-blogs.diariosur.es\/wp-content\/uploads\/sites\/12\/2026\/01\/m2-e1768719680452.jpg\" alt=\"\" width=\"800\" height=\"977\" \/><\/a><\/p>\n<p>&nbsp;<\/p>\n<p><a href=\"https:\/\/static-blogs.diariosur.es\/wp-content\/uploads\/sites\/12\/2026\/01\/m1-e1768719716852.jpg\"><img loading=\"lazy\" class=\"aligncenter size-full wp-image-48687\" src=\"https:\/\/static-blogs.diariosur.es\/wp-content\/uploads\/sites\/12\/2026\/01\/m1-e1768719716852.jpg\" alt=\"\" width=\"1000\" height=\"1229\" \/><\/a><\/p>\n<p>&nbsp;<\/p>\n<p><a href=\"https:\/\/static-blogs.diariosur.es\/wp-content\/uploads\/sites\/12\/2026\/01\/m-e1768719751923.jpg\"><img loading=\"lazy\" class=\"aligncenter size-full wp-image-48688\" src=\"https:\/\/static-blogs.diariosur.es\/wp-content\/uploads\/sites\/12\/2026\/01\/m-e1768719751923.jpg\" alt=\"\" width=\"1000\" height=\"1225\" \/><\/a><\/p>\n<p>&nbsp;<\/p>\n<p>Jes\u00fas Caparros grab\u00f3 este video desde la zona de la UMA, se ven caer copos.<\/p>\n<p>&nbsp;<\/p>\n<p><iframe loading=\"lazy\" src=\"https:\/\/www.youtube.com\/embed\/O6kP7X2cLEs\" width=\"560\" height=\"315\" frameborder=\"0\" allowfullscreen=\"allowfullscreen\" data-mce-fragment=\"1\"><\/iframe><\/p>\n<p>Mi amigo Jose A. L\u00f3pez Medina de cazatormentas subi\u00f3 a los montes de M\u00e1laga.<\/p>\n<p><iframe loading=\"lazy\" src=\"https:\/\/www.youtube.com\/embed\/fZFwxH3llWM\" width=\"560\" height=\"315\" frameborder=\"0\" allowfullscreen=\"allowfullscreen\" data-mce-fragment=\"1\"><\/iframe><\/p>\n<p>&nbsp;<\/p>\n<p><iframe loading=\"lazy\" src=\"https:\/\/www.youtube.com\/embed\/qQEBPuk__HQ\" width=\"560\" height=\"315\" frameborder=\"0\" allowfullscreen=\"allowfullscreen\" data-mce-fragment=\"1\"><\/iframe><\/p>\n<p>Video Ronda grab\u00f3 estas espectaculares im\u00e1genes de Ronda<\/p>\n<p>&nbsp;<\/p>\n<p><iframe loading=\"lazy\" src=\"https:\/\/www.youtube.com\/embed\/3DLi_QDEnko\" width=\"560\" height=\"315\" frameborder=\"0\" allowfullscreen=\"allowfullscreen\" data-mce-fragment=\"1\"><\/iframe><\/p>\n<p>Os dejo, hasta ma\u00f1ana.<\/p>\n<p>&nbsp;<\/p>\n","protected":false},"excerpt":{"rendered":"<p>Buenos d\u00edas, amigos de la meteo. Cuando son las siete y media de la ma\u00f1ana en M\u00e1laga capital, la estaci\u00f3n de la Aemet del Aeropuerto registrado una m\u00ednima de 4,4 \u00b0C, los cielos est\u00e1n nubosos y el viento sopla flojo de direcci\u00f3n variable. Qu\u00e9 pena que las precipitaciones que se est\u00e1n dando por la zona [&hellip;]<\/p>\n","protected":false},"author":16,"featured_media":48671,"comment_status":"open","ping_status":"open","sticky":false,"template":"","format":"standard","meta":[],"categories":[2],"tags":[19,2097,366,587,689],"_links":{"self":[{"href":"https:\/\/blogs.diariosur.es\/tormentas-y-rayos\/wp-json\/wp\/v2\/posts\/48669"}],"collection":[{"href":"https:\/\/blogs.diariosur.es\/tormentas-y-rayos\/wp-json\/wp\/v2\/posts"}],"about":[{"href":"https:\/\/blogs.diariosur.es\/tormentas-y-rayos\/wp-json\/wp\/v2\/types\/post"}],"author":[{"embeddable":true,"href":"https:\/\/blogs.diariosur.es\/tormentas-y-rayos\/wp-json\/wp\/v2\/users\/16"}],"replies":[{"embeddable":true,"href":"https:\/\/blogs.diariosur.es\/tormentas-y-rayos\/wp-json\/wp\/v2\/comments?post=48669"}],"version-history":[{"count":11,"href":"https:\/\/blogs.diariosur.es\/tormentas-y-rayos\/wp-json\/wp\/v2\/posts\/48669\/revisions"}],"predecessor-version":[{"id":48692,"href":"https:\/\/blogs.diariosur.es\/tormentas-y-rayos\/wp-json\/wp\/v2\/posts\/48669\/revisions\/48692"}],"wp:featuredmedia":[{"embeddable":true,"href":"https:\/\/blogs.diariosur.es\/tormentas-y-rayos\/wp-json\/wp\/v2\/media\/48671"}],"wp:attachment":[{"href":"https:\/\/blogs.diariosur.es\/tormentas-y-rayos\/wp-json\/wp\/v2\/media?parent=48669"}],"wp:term":[{"taxonomy":"category","embeddable":true,"href":"https:\/\/blogs.diariosur.es\/tormentas-y-rayos\/wp-json\/wp\/v2\/categories?post=48669"},{"taxonomy":"post_tag","embeddable":true,"href":"https:\/\/blogs.diariosur.es\/tormentas-y-rayos\/wp-json\/wp\/v2\/tags?post=48669"}],"curies":[{"name":"wp","href":"https:\/\/api.w.org\/{rel}","templated":true}]}}