{"id":48693,"date":"2026-01-19T08:08:27","date_gmt":"2026-01-19T07:08:27","guid":{"rendered":"https:\/\/blogs.diariosur.es\/tormentas-y-rayos\/?p=48693"},"modified":"2026-01-19T08:08:27","modified_gmt":"2026-01-19T07:08:27","slug":"cuantos-dias-abriremos-los-paraguas-esta-semana-en-la-provincia-de-malaga","status":"publish","type":"post","link":"https:\/\/blogs.diariosur.es\/tormentas-y-rayos\/2026\/01\/19\/cuantos-dias-abriremos-los-paraguas-esta-semana-en-la-provincia-de-malaga\/","title":{"rendered":"\u00bfCu\u00e1ntos d\u00edas abriremos los paraguas esta semana en la provincia de M\u00e1laga?"},"content":{"rendered":"<p data-pm-slice=\"1 1 []\"><a href=\"https:\/\/static-blogs.diariosur.es\/wp-content\/uploads\/sites\/12\/2026\/01\/613672492_10236016006599437_3433095068068293617_n.jpg\"><img loading=\"lazy\" class=\"aligncenter size-thumbnail wp-image-48524\" src=\"https:\/\/static-blogs.diariosur.es\/wp-content\/uploads\/sites\/12\/2026\/01\/613672492_10236016006599437_3433095068068293617_n-150x150.jpg\" alt=\"\" width=\"150\" height=\"150\" srcset=\"https:\/\/static-blogs.diariosur.es\/wp-content\/uploads\/sites\/12\/2026\/01\/613672492_10236016006599437_3433095068068293617_n-150x150.jpg 150w, https:\/\/static-blogs.diariosur.es\/wp-content\/uploads\/sites\/12\/2026\/01\/613672492_10236016006599437_3433095068068293617_n-401x400.jpg 401w, https:\/\/static-blogs.diariosur.es\/wp-content\/uploads\/sites\/12\/2026\/01\/613672492_10236016006599437_3433095068068293617_n-409x408.jpg 409w, https:\/\/static-blogs.diariosur.es\/wp-content\/uploads\/sites\/12\/2026\/01\/613672492_10236016006599437_3433095068068293617_n-768x765.jpg 768w, https:\/\/static-blogs.diariosur.es\/wp-content\/uploads\/sites\/12\/2026\/01\/613672492_10236016006599437_3433095068068293617_n.jpg 1440w\" sizes=\"(max-width: 150px) 100vw, 150px\" \/><\/a><\/p>\n<p data-pm-slice=\"1 1 []\">Buenos d\u00edas, amigos de la meteo. Cuando son las ocho menos cuarto de la ma\u00f1ana en M\u00e1laga capital, la estaci\u00f3n de la Aemet del Aeropuerto registra 4,8 \u00baC, los cielos est\u00e1n poco nubosos y el viento sopla moderado de terral de invierno. Destacar Antequera con -0,3 grados bajo cero, Fuente Piedra -0,6 grados bajo cero y Archidona con -3,6 grados bajo cero, fuentes Aemet y Meteoclimatic. El viento del noroeste seguir\u00e1 soplando de moderado a fuerte hoy lunes y ma\u00f1ana martes, sobre todo en la costa de la Axarqu\u00eda; en esta zona se activa para ma\u00f1ana el aviso amarillo por fen\u00f3menos costeros, viento del oeste y noroeste de 50 a 60 km\/h (fuerza 7).<\/p>\n<h3><span style=\"color: #0000ff;\"><strong>\u00bfCu\u00e1ntos d\u00edas abriremos los paraguas esta semana en la provincia de M\u00e1laga?<\/strong><\/span><\/h3>\n<p data-pm-slice=\"1 1 []\">Hoy no me quiero extender mucho, porque nuevamente estoy con un resfriado de coj&#8230;, me he hecho las pruebas de la gripe y el covid y han dado negativo. Ya hac\u00eda muchos a\u00f1os que no llegaba a 38,5 de fiebre.<\/p>\n<p>Bueno, dejo de contaros mis penas y vamos a la predicci\u00f3n.<\/p>\n<p>Un potente anticicl\u00f3n se situar\u00e1 en Escandinavia a partir de ma\u00f1ana; esto favorecer\u00e1 que las borrascas se acerquen a la pen\u00ednsula y traigan nuevamente precipitaciones a nuestra comunidad.<\/p>\n<p>Con los modelos actualizados hay probabilidad de que el mi\u00e9rcoles llegue el primer frente a la provincia de M\u00e1laga por la tarde; no se esperan muchos acumulados, pero lo poco que caiga vendr\u00e1 muy bien. Todo hace indicar que hasta el viernes estar\u00edamos bajo la influencia de borrascas; ya iremos viendo qu\u00e9 zonas de la provincia se esperan m\u00e1s acumulados para estos d\u00edas. Ojal\u00e1 sigan las borrascas hasta el pr\u00f3ximo fin de semana.<\/p>\n<p>Ma\u00f1ana pondr\u00e9 los acumulados, primeramente del mi\u00e9rcoles y as\u00ed sucesivamente los dem\u00e1s d\u00edas hasta el viernes.<\/p>\n<p>De momento tres d\u00edas. Esperemos que se conviertan en cinco paraguas.<\/p>\n<p>&nbsp;<\/p>\n<p><a href=\"https:\/\/static-blogs.diariosur.es\/wp-content\/uploads\/sites\/12\/2026\/01\/616590258_10236105357193146_928061551610555653_n-1-e1768806348273.jpg\"><img loading=\"lazy\" class=\"aligncenter size-full wp-image-48697\" src=\"https:\/\/static-blogs.diariosur.es\/wp-content\/uploads\/sites\/12\/2026\/01\/616590258_10236105357193146_928061551610555653_n-1-e1768806348273.jpg\" alt=\"\" width=\"800\" height=\"1067\" \/><\/a><\/p>\n<p>&nbsp;<\/p>\n<p>&nbsp;<\/p>\n<p>&nbsp;<\/p>\n<p>&nbsp;<\/p>\n<p>&nbsp;<\/p>\n","protected":false},"excerpt":{"rendered":"<p>Buenos d\u00edas, amigos de la meteo. Cuando son las ocho menos cuarto de la ma\u00f1ana en M\u00e1laga capital, la estaci\u00f3n de la Aemet del Aeropuerto registra 4,8 \u00baC, los cielos est\u00e1n poco nubosos y el viento sopla moderado de terral de invierno. Destacar Antequera con -0,3 grados bajo cero, Fuente Piedra -0,6 grados bajo cero [&hellip;]<\/p>\n","protected":false},"author":16,"featured_media":48697,"comment_status":"open","ping_status":"open","sticky":false,"template":"","format":"standard","meta":[],"categories":[2],"tags":[94,100,151,188,358,2098,569,587,800],"_links":{"self":[{"href":"https:\/\/blogs.diariosur.es\/tormentas-y-rayos\/wp-json\/wp\/v2\/posts\/48693"}],"collection":[{"href":"https:\/\/blogs.diariosur.es\/tormentas-y-rayos\/wp-json\/wp\/v2\/posts"}],"about":[{"href":"https:\/\/blogs.diariosur.es\/tormentas-y-rayos\/wp-json\/wp\/v2\/types\/post"}],"author":[{"embeddable":true,"href":"https:\/\/blogs.diariosur.es\/tormentas-y-rayos\/wp-json\/wp\/v2\/users\/16"}],"replies":[{"embeddable":true,"href":"https:\/\/blogs.diariosur.es\/tormentas-y-rayos\/wp-json\/wp\/v2\/comments?post=48693"}],"version-history":[{"count":3,"href":"https:\/\/blogs.diariosur.es\/tormentas-y-rayos\/wp-json\/wp\/v2\/posts\/48693\/revisions"}],"predecessor-version":[{"id":48698,"href":"https:\/\/blogs.diariosur.es\/tormentas-y-rayos\/wp-json\/wp\/v2\/posts\/48693\/revisions\/48698"}],"wp:featuredmedia":[{"embeddable":true,"href":"https:\/\/blogs.diariosur.es\/tormentas-y-rayos\/wp-json\/wp\/v2\/media\/48697"}],"wp:attachment":[{"href":"https:\/\/blogs.diariosur.es\/tormentas-y-rayos\/wp-json\/wp\/v2\/media?parent=48693"}],"wp:term":[{"taxonomy":"category","embeddable":true,"href":"https:\/\/blogs.diariosur.es\/tormentas-y-rayos\/wp-json\/wp\/v2\/categories?post=48693"},{"taxonomy":"post_tag","embeddable":true,"href":"https:\/\/blogs.diariosur.es\/tormentas-y-rayos\/wp-json\/wp\/v2\/tags?post=48693"}],"curies":[{"name":"wp","href":"https:\/\/api.w.org\/{rel}","templated":true}]}}