{"id":48700,"date":"2026-01-19T13:30:12","date_gmt":"2026-01-19T12:30:12","guid":{"rendered":"https:\/\/blogs.diariosur.es\/tormentas-y-rayos\/?p=48700"},"modified":"2026-01-19T13:30:12","modified_gmt":"2026-01-19T12:30:12","slug":"se-activa-el-aviso-amarillo-por-viento-en-la-axarquia-malaguena-manana-martes","status":"publish","type":"post","link":"https:\/\/blogs.diariosur.es\/tormentas-y-rayos\/2026\/01\/19\/se-activa-el-aviso-amarillo-por-viento-en-la-axarquia-malaguena-manana-martes\/","title":{"rendered":"Se activa el aviso amarillo por viento en la Axarqu\u00eda malague\u00f1a ma\u00f1ana martes"},"content":{"rendered":"<p><a href=\"https:\/\/static-blogs.diariosur.es\/wp-content\/uploads\/sites\/12\/2026\/01\/613672492_10236016006599437_3433095068068293617_n.jpg\"><img loading=\"lazy\" class=\"aligncenter size-thumbnail wp-image-48524\" src=\"https:\/\/static-blogs.diariosur.es\/wp-content\/uploads\/sites\/12\/2026\/01\/613672492_10236016006599437_3433095068068293617_n-150x150.jpg\" alt=\"\" width=\"150\" height=\"150\" srcset=\"https:\/\/static-blogs.diariosur.es\/wp-content\/uploads\/sites\/12\/2026\/01\/613672492_10236016006599437_3433095068068293617_n-150x150.jpg 150w, https:\/\/static-blogs.diariosur.es\/wp-content\/uploads\/sites\/12\/2026\/01\/613672492_10236016006599437_3433095068068293617_n-401x400.jpg 401w, https:\/\/static-blogs.diariosur.es\/wp-content\/uploads\/sites\/12\/2026\/01\/613672492_10236016006599437_3433095068068293617_n-409x408.jpg 409w, https:\/\/static-blogs.diariosur.es\/wp-content\/uploads\/sites\/12\/2026\/01\/613672492_10236016006599437_3433095068068293617_n-768x765.jpg 768w, https:\/\/static-blogs.diariosur.es\/wp-content\/uploads\/sites\/12\/2026\/01\/613672492_10236016006599437_3433095068068293617_n.jpg 1440w\" sizes=\"(max-width: 150px) 100vw, 150px\" \/><\/a><\/p>\n<p>&nbsp;<\/p>\n<p data-pm-slice=\"1 1 []\">Buenas tardes, amigos de la meteo. La Aemet activa el aviso amarillo por viento ma\u00f1ana en la Axarqu\u00eda malague\u00f1a, rachas m\u00e1ximas: 70 km\/h. Vientos del noroeste. Recordar que tambi\u00e9n est\u00e1 activado por fen\u00f3menos costeros. El mi\u00e9rcoles seguir\u00e1 el aviso por fen\u00f3menos costeros. Si vais a navegar por el mar de Albor\u00e1n, mucha precauci\u00f3n.<\/p>\n<p>&nbsp;<\/p>\n<p>&nbsp;<\/p>\n<p><a href=\"https:\/\/static-blogs.diariosur.es\/wp-content\/uploads\/sites\/12\/2026\/01\/Captura-de-pantalla-2026-01-19-132202.jpg\"><img loading=\"lazy\" class=\"aligncenter size-full wp-image-48701\" src=\"https:\/\/static-blogs.diariosur.es\/wp-content\/uploads\/sites\/12\/2026\/01\/Captura-de-pantalla-2026-01-19-132202.jpg\" alt=\"\" width=\"1045\" height=\"832\" srcset=\"https:\/\/static-blogs.diariosur.es\/wp-content\/uploads\/sites\/12\/2026\/01\/Captura-de-pantalla-2026-01-19-132202.jpg 1045w, https:\/\/static-blogs.diariosur.es\/wp-content\/uploads\/sites\/12\/2026\/01\/Captura-de-pantalla-2026-01-19-132202-502x400.jpg 502w, https:\/\/static-blogs.diariosur.es\/wp-content\/uploads\/sites\/12\/2026\/01\/Captura-de-pantalla-2026-01-19-132202-512x408.jpg 512w, https:\/\/static-blogs.diariosur.es\/wp-content\/uploads\/sites\/12\/2026\/01\/Captura-de-pantalla-2026-01-19-132202-768x611.jpg 768w\" sizes=\"(max-width: 1045px) 100vw, 1045px\" \/><\/a><\/p>\n<p>Foto de portada Diario Sur<\/p>\n","protected":false},"excerpt":{"rendered":"<p>&nbsp; Buenas tardes, amigos de la meteo. La Aemet activa el aviso amarillo por viento ma\u00f1ana en la Axarqu\u00eda malague\u00f1a, rachas m\u00e1ximas: 70 km\/h. Vientos del noroeste. Recordar que tambi\u00e9n est\u00e1 activado por fen\u00f3menos costeros. El mi\u00e9rcoles seguir\u00e1 el aviso por fen\u00f3menos costeros. Si vais a navegar por el mar de Albor\u00e1n, mucha precauci\u00f3n. &nbsp; [&hellip;]<\/p>\n","protected":false},"author":16,"featured_media":48702,"comment_status":"open","ping_status":"open","sticky":false,"template":"","format":"standard","meta":[],"categories":[2],"tags":[94,1844,155,587,1059],"_links":{"self":[{"href":"https:\/\/blogs.diariosur.es\/tormentas-y-rayos\/wp-json\/wp\/v2\/posts\/48700"}],"collection":[{"href":"https:\/\/blogs.diariosur.es\/tormentas-y-rayos\/wp-json\/wp\/v2\/posts"}],"about":[{"href":"https:\/\/blogs.diariosur.es\/tormentas-y-rayos\/wp-json\/wp\/v2\/types\/post"}],"author":[{"embeddable":true,"href":"https:\/\/blogs.diariosur.es\/tormentas-y-rayos\/wp-json\/wp\/v2\/users\/16"}],"replies":[{"embeddable":true,"href":"https:\/\/blogs.diariosur.es\/tormentas-y-rayos\/wp-json\/wp\/v2\/comments?post=48700"}],"version-history":[{"count":1,"href":"https:\/\/blogs.diariosur.es\/tormentas-y-rayos\/wp-json\/wp\/v2\/posts\/48700\/revisions"}],"predecessor-version":[{"id":48703,"href":"https:\/\/blogs.diariosur.es\/tormentas-y-rayos\/wp-json\/wp\/v2\/posts\/48700\/revisions\/48703"}],"wp:featuredmedia":[{"embeddable":true,"href":"https:\/\/blogs.diariosur.es\/tormentas-y-rayos\/wp-json\/wp\/v2\/media\/48702"}],"wp:attachment":[{"href":"https:\/\/blogs.diariosur.es\/tormentas-y-rayos\/wp-json\/wp\/v2\/media?parent=48700"}],"wp:term":[{"taxonomy":"category","embeddable":true,"href":"https:\/\/blogs.diariosur.es\/tormentas-y-rayos\/wp-json\/wp\/v2\/categories?post=48700"},{"taxonomy":"post_tag","embeddable":true,"href":"https:\/\/blogs.diariosur.es\/tormentas-y-rayos\/wp-json\/wp\/v2\/tags?post=48700"}],"curies":[{"name":"wp","href":"https:\/\/api.w.org\/{rel}","templated":true}]}}