{"id":48714,"date":"2026-01-21T11:44:58","date_gmt":"2026-01-21T10:44:58","guid":{"rendered":"https:\/\/blogs.diariosur.es\/tormentas-y-rayos\/?p=48714"},"modified":"2026-01-21T11:47:26","modified_gmt":"2026-01-21T10:47:26","slug":"estos-dos-pueblos-de-malaga-donde-mas-ha-llovido-en-2025-atentos-a-las-probables-nevadas-que-traera-la-borrasca-ingrid","status":"publish","type":"post","link":"https:\/\/blogs.diariosur.es\/tormentas-y-rayos\/2026\/01\/21\/estos-dos-pueblos-de-malaga-donde-mas-ha-llovido-en-2025-atentos-a-las-probables-nevadas-que-traera-la-borrasca-ingrid\/","title":{"rendered":"Estos dos pueblos de M\u00e1laga donde m\u00e1s ha llovido en 2025. Atentos a las probables nevadas que traer\u00e1 la borrasca Ingrid"},"content":{"rendered":"<p data-pm-slice=\"1 1 []\"><a href=\"https:\/\/static-blogs.diariosur.es\/wp-content\/uploads\/sites\/12\/2025\/10\/444912498_10228884468795449_97962860407814916_n-e1763121197919.jpg\"><img loading=\"lazy\" class=\"aligncenter size-thumbnail wp-image-46969\" src=\"https:\/\/static-blogs.diariosur.es\/wp-content\/uploads\/sites\/12\/2025\/10\/444912498_10228884468795449_97962860407814916_n-150x150.jpg\" alt=\"\" width=\"150\" height=\"150\" \/><\/a><\/p>\n<p data-pm-slice=\"1 1 []\">Buenos d\u00edas, amigos de la meteo. Gracias a todos, estoy un poco mejor. En algunos punto de la provincia, en su zona m\u00e1s occidental, ya caen algunos chubascos d\u00e9biles.<\/p>\n<p>Os pongo los dos pueblos malague\u00f1os donde m\u00e1s ha llovido en el a\u00f1o 2025, es decir, el acumulado. Los datos est\u00e1n sacados de la <strong>Aemet<\/strong> de sus estaciones. Es probable que en otras zonas hayan registrado m\u00e1s, cuando me pasen datos de Acamet y Noromet los pondr\u00e9<\/p>\n<p>Estos dos pueblos son los que m\u00e1s acumulados de precipitaci\u00f3n han registrado en 2025 en la provincia malague\u00f1a. Fuente Aemet.<br \/>\n<strong>Alpande\u00edre 1372,4 mm<\/strong><br \/>\n<strong>Gauc\u00edn 1146,2 mm<\/strong><\/p>\n<p>En la capital malague\u00f1a, el Centro Meteorol\u00f3gico con 662,5 mm y el Aeropuerto con 592,7 mm.<\/p>\n<h3><span style=\"color: #0000ff;\"><strong>Atentos a las probables nevadas que traer\u00e1 la borrasca Ingrid<\/strong><\/span><\/h3>\n<p>Os presento a Ingrind, la novena borrasca de gran impacto que ha nombrado IPMA.<\/p>\n<p><a href=\"https:\/\/static-blogs.diariosur.es\/wp-content\/uploads\/sites\/12\/2026\/01\/2026012012060_ww_g1x0a2c2-e1768991562836.gif\"><img loading=\"lazy\" class=\"aligncenter size-full wp-image-48716\" src=\"https:\/\/static-blogs.diariosur.es\/wp-content\/uploads\/sites\/12\/2026\/01\/2026012012060_ww_g1x0a2c2-e1768991562836.gif\" alt=\"\" width=\"1000\" height=\"700\" \/><\/a><\/p>\n<p>&nbsp;<\/p>\n<p data-pm-slice=\"1 1 []\">A partir de ma\u00f1ana le haremos un seguimiento porque puede traer nevadas en cotas bajas (900 m) en la provincia malague\u00f1a el viernes a \u00faltima hora y el s\u00e1bado. De momento, la gran mayor\u00eda de los modelos coinciden en esto; este mapa a 500 hPa es una pasada.<\/p>\n<p data-pm-slice=\"1 1 []\"><a href=\"https:\/\/static-blogs.diariosur.es\/wp-content\/uploads\/sites\/12\/2026\/01\/a.jpg\"><img loading=\"lazy\" class=\"aligncenter size-full wp-image-48717\" src=\"https:\/\/static-blogs.diariosur.es\/wp-content\/uploads\/sites\/12\/2026\/01\/a.jpg\" alt=\"\" width=\"1149\" height=\"799\" srcset=\"https:\/\/static-blogs.diariosur.es\/wp-content\/uploads\/sites\/12\/2026\/01\/a.jpg 1149w, https:\/\/static-blogs.diariosur.es\/wp-content\/uploads\/sites\/12\/2026\/01\/a-575x400.jpg 575w, https:\/\/static-blogs.diariosur.es\/wp-content\/uploads\/sites\/12\/2026\/01\/a-587x408.jpg 587w, https:\/\/static-blogs.diariosur.es\/wp-content\/uploads\/sites\/12\/2026\/01\/a-768x534.jpg 768w\" sizes=\"(max-width: 1149px) 100vw, 1149px\" \/><\/a><\/p>\n<p>Lo dicho, le haremos un seguimiento especial.<\/p>\n<p>&nbsp;<\/p>\n<p>&nbsp;<\/p>\n<p>&nbsp;<\/p>\n","protected":false},"excerpt":{"rendered":"<p>Buenos d\u00edas, amigos de la meteo. Gracias a todos, estoy un poco mejor. En algunos punto de la provincia, en su zona m\u00e1s occidental, ya caen algunos chubascos d\u00e9biles. Os pongo los dos pueblos malague\u00f1os donde m\u00e1s ha llovido en el a\u00f1o 2025, es decir, el acumulado. Los datos est\u00e1n sacados de la Aemet de [&hellip;]<\/p>\n","protected":false},"author":16,"featured_media":48590,"comment_status":"open","ping_status":"open","sticky":false,"template":"","format":"standard","meta":[],"categories":[2],"tags":[100,151,188,2099,569,587,676,736,872],"_links":{"self":[{"href":"https:\/\/blogs.diariosur.es\/tormentas-y-rayos\/wp-json\/wp\/v2\/posts\/48714"}],"collection":[{"href":"https:\/\/blogs.diariosur.es\/tormentas-y-rayos\/wp-json\/wp\/v2\/posts"}],"about":[{"href":"https:\/\/blogs.diariosur.es\/tormentas-y-rayos\/wp-json\/wp\/v2\/types\/post"}],"author":[{"embeddable":true,"href":"https:\/\/blogs.diariosur.es\/tormentas-y-rayos\/wp-json\/wp\/v2\/users\/16"}],"replies":[{"embeddable":true,"href":"https:\/\/blogs.diariosur.es\/tormentas-y-rayos\/wp-json\/wp\/v2\/comments?post=48714"}],"version-history":[{"count":2,"href":"https:\/\/blogs.diariosur.es\/tormentas-y-rayos\/wp-json\/wp\/v2\/posts\/48714\/revisions"}],"predecessor-version":[{"id":48719,"href":"https:\/\/blogs.diariosur.es\/tormentas-y-rayos\/wp-json\/wp\/v2\/posts\/48714\/revisions\/48719"}],"wp:featuredmedia":[{"embeddable":true,"href":"https:\/\/blogs.diariosur.es\/tormentas-y-rayos\/wp-json\/wp\/v2\/media\/48590"}],"wp:attachment":[{"href":"https:\/\/blogs.diariosur.es\/tormentas-y-rayos\/wp-json\/wp\/v2\/media?parent=48714"}],"wp:term":[{"taxonomy":"category","embeddable":true,"href":"https:\/\/blogs.diariosur.es\/tormentas-y-rayos\/wp-json\/wp\/v2\/categories?post=48714"},{"taxonomy":"post_tag","embeddable":true,"href":"https:\/\/blogs.diariosur.es\/tormentas-y-rayos\/wp-json\/wp\/v2\/tags?post=48714"}],"curies":[{"name":"wp","href":"https:\/\/api.w.org\/{rel}","templated":true}]}}