{"id":48722,"date":"2026-01-22T07:40:33","date_gmt":"2026-01-22T06:40:33","guid":{"rendered":"https:\/\/blogs.diariosur.es\/tormentas-y-rayos\/?p=48722"},"modified":"2026-01-22T07:40:33","modified_gmt":"2026-01-22T06:40:33","slug":"seguimiento-borrasca-ingrid-acumulados-de-ayer-miercoles-mas-importantes-en-la-provincia-de-malaga","status":"publish","type":"post","link":"https:\/\/blogs.diariosur.es\/tormentas-y-rayos\/2026\/01\/22\/seguimiento-borrasca-ingrid-acumulados-de-ayer-miercoles-mas-importantes-en-la-provincia-de-malaga\/","title":{"rendered":"Seguimiento borrasca Ingrid. Acumulados de ayer mi\u00e9rcoles m\u00e1s importantes en la provincia de M\u00e1laga"},"content":{"rendered":"<p><a href=\"https:\/\/static-blogs.diariosur.es\/wp-content\/uploads\/sites\/12\/2026\/01\/613672492_10236016006599437_3433095068068293617_n.jpg\"><img loading=\"lazy\" class=\"aligncenter size-thumbnail wp-image-48524\" src=\"https:\/\/static-blogs.diariosur.es\/wp-content\/uploads\/sites\/12\/2026\/01\/613672492_10236016006599437_3433095068068293617_n-150x150.jpg\" alt=\"\" width=\"150\" height=\"150\" srcset=\"https:\/\/static-blogs.diariosur.es\/wp-content\/uploads\/sites\/12\/2026\/01\/613672492_10236016006599437_3433095068068293617_n-150x150.jpg 150w, https:\/\/static-blogs.diariosur.es\/wp-content\/uploads\/sites\/12\/2026\/01\/613672492_10236016006599437_3433095068068293617_n-401x400.jpg 401w, https:\/\/static-blogs.diariosur.es\/wp-content\/uploads\/sites\/12\/2026\/01\/613672492_10236016006599437_3433095068068293617_n-409x408.jpg 409w, https:\/\/static-blogs.diariosur.es\/wp-content\/uploads\/sites\/12\/2026\/01\/613672492_10236016006599437_3433095068068293617_n-768x765.jpg 768w, https:\/\/static-blogs.diariosur.es\/wp-content\/uploads\/sites\/12\/2026\/01\/613672492_10236016006599437_3433095068068293617_n.jpg 1440w\" sizes=\"(max-width: 150px) 100vw, 150px\" \/><\/a><\/p>\n<p>Buenos d\u00edas, amigos de la meteo. Cuando son las siete de la ma\u00f1ana en M\u00e1laga capital, la estaci\u00f3n de la Aemet del Aeropuerto registra 13 \u00baC, los cielos est\u00e1n nubosos y el viento sopla fuerte de terral de invierno en M\u00e1laga capital y de poniente en otras zonas de la costa malague\u00f1a seg\u00fan su orograf\u00eda. El aeropuerto ha registrado una racha de 65 km\/h.<\/p>\n<h3><span style=\"color: #ff0000;\"><strong>Seguimiento borrasca Ingrid<\/strong><\/span><\/h3>\n<p data-pm-slice=\"1 1 []\">Hoy jueves se esperan precipitaciones d\u00e9biles a \u00faltima hora de la noche en la provincia de M\u00e1laga, siendo m\u00e1s probables por el interior occidental.<\/p>\n<p>Durante la <strong>madrugada<\/strong> del viernes nos cruzar\u00e1 un frente fr\u00edo; este s\u00ed dejar\u00e1 m\u00e1s precipitaciones en la provincia de M\u00e1laga. Las zonas donde se esperan m\u00e1s acumulados son las comarcas de Ronda, Antequera, Axarqu\u00eda y zona m\u00e1s occidental de la provincia. Con estas situaciones de poniente, la capital malague\u00f1a y el Valle del Guadalhorce reciben menos litros. Por la tarde noche del viernes se esperan nuevamente chubascos en la provincia.<\/p>\n<p data-pm-slice=\"1 1 []\">Mucha precauci\u00f3n estos d\u00edas si sal\u00eds a faenar o navegar por el mar de Albor\u00e1n.<\/p>\n<p>Ma\u00f1ana hablaremos de esas probables nevadas en cotas bajas que se esperan el s\u00e1bado en la provincia malague\u00f1a.<\/p>\n<p>&nbsp;<\/p>\n<h3><span style=\"color: #0000ff;\"><strong>Acumulados de ayer mi\u00e9rcoles m\u00e1s importantes.<\/strong><\/span><\/h3>\n<p>Alpande\u00edre 51,6 mm<\/p>\n<p>Los Reales 30 mm<\/p>\n<p>Majada de las Lomas 27,3 mm<\/p>\n<p>Rio Genal Jubrique 23,1 mm<\/p>\n<p>Pujerra 17,7 mm<\/p>\n<p>Embalse de la Concepci\u00f3n 13,1 mm<\/p>\n<p>Oj\u00e9n 26,1 mm<\/p>\n<p>Estepona 29 mm<\/p>\n<p>Gauc\u00edn 29,4 mm<\/p>\n<p>Cortes de la Frontera 24 mm<\/p>\n<p>Depuradora de Marbella 14,5 mm<\/p>\n<p>Torrox 10,7<\/p>\n<p>R\u00edo Guadiaro Majaceite 22,7 mm<\/p>\n<p>Guadalmansa 17,5 mm<\/p>\n<p>Frigiliana 28,5 mm<\/p>\n<p>Nerja Las Palmeras 22,3 mm<\/p>\n<p>Manilva 16,5 mm<\/p>\n<p>La Cala de Mijas 27,6 mm<\/p>\n<p>Mijas Pueblo 14 mm<\/p>\n<p>Ist\u00e1n 19,8 mm<\/p>\n<p>El Colmenar las Buitreras 19,4 mm<\/p>\n<p>Algatocin 31,7 mm<\/p>\n<p>Hasta ma\u00f1ana<\/p>\n<p>&nbsp;<\/p>\n<p>&nbsp;<\/p>\n","protected":false},"excerpt":{"rendered":"<p>Buenos d\u00edas, amigos de la meteo. Cuando son las siete de la ma\u00f1ana en M\u00e1laga capital, la estaci\u00f3n de la Aemet del Aeropuerto registra 13 \u00baC, los cielos est\u00e1n nubosos y el viento sopla fuerte de terral de invierno en M\u00e1laga capital y de poniente en otras zonas de la costa malague\u00f1a seg\u00fan su orograf\u00eda. [&hellip;]<\/p>\n","protected":false},"author":16,"featured_media":48728,"comment_status":"open","ping_status":"open","sticky":false,"template":"","format":"standard","meta":[],"categories":[2],"tags":[100,151,188,288,406,2099,569,587,872],"_links":{"self":[{"href":"https:\/\/blogs.diariosur.es\/tormentas-y-rayos\/wp-json\/wp\/v2\/posts\/48722"}],"collection":[{"href":"https:\/\/blogs.diariosur.es\/tormentas-y-rayos\/wp-json\/wp\/v2\/posts"}],"about":[{"href":"https:\/\/blogs.diariosur.es\/tormentas-y-rayos\/wp-json\/wp\/v2\/types\/post"}],"author":[{"embeddable":true,"href":"https:\/\/blogs.diariosur.es\/tormentas-y-rayos\/wp-json\/wp\/v2\/users\/16"}],"replies":[{"embeddable":true,"href":"https:\/\/blogs.diariosur.es\/tormentas-y-rayos\/wp-json\/wp\/v2\/comments?post=48722"}],"version-history":[{"count":6,"href":"https:\/\/blogs.diariosur.es\/tormentas-y-rayos\/wp-json\/wp\/v2\/posts\/48722\/revisions"}],"predecessor-version":[{"id":48729,"href":"https:\/\/blogs.diariosur.es\/tormentas-y-rayos\/wp-json\/wp\/v2\/posts\/48722\/revisions\/48729"}],"wp:featuredmedia":[{"embeddable":true,"href":"https:\/\/blogs.diariosur.es\/tormentas-y-rayos\/wp-json\/wp\/v2\/media\/48728"}],"wp:attachment":[{"href":"https:\/\/blogs.diariosur.es\/tormentas-y-rayos\/wp-json\/wp\/v2\/media?parent=48722"}],"wp:term":[{"taxonomy":"category","embeddable":true,"href":"https:\/\/blogs.diariosur.es\/tormentas-y-rayos\/wp-json\/wp\/v2\/categories?post=48722"},{"taxonomy":"post_tag","embeddable":true,"href":"https:\/\/blogs.diariosur.es\/tormentas-y-rayos\/wp-json\/wp\/v2\/tags?post=48722"}],"curies":[{"name":"wp","href":"https:\/\/api.w.org\/{rel}","templated":true}]}}