{"id":48737,"date":"2026-01-24T18:50:48","date_gmt":"2026-01-24T17:50:48","guid":{"rendered":"https:\/\/blogs.diariosur.es\/tormentas-y-rayos\/?p=48737"},"modified":"2026-01-24T18:50:48","modified_gmt":"2026-01-24T17:50:48","slug":"rachas-huracanadas-de-levante-y-la-granizada-del-siglo-en-el-centro-de-malaga-capital","status":"publish","type":"post","link":"https:\/\/blogs.diariosur.es\/tormentas-y-rayos\/2026\/01\/24\/rachas-huracanadas-de-levante-y-la-granizada-del-siglo-en-el-centro-de-malaga-capital\/","title":{"rendered":"Rachas huracanadas de levante y la granizada del siglo en el centro de M\u00e1laga capital"},"content":{"rendered":"<p data-pm-slice=\"1 1 []\"><a href=\"https:\/\/static-blogs.diariosur.es\/wp-content\/uploads\/sites\/12\/2026\/01\/613672492_10236016006599437_3433095068068293617_n.jpg\"><img loading=\"lazy\" class=\"aligncenter size-thumbnail wp-image-48524\" src=\"https:\/\/static-blogs.diariosur.es\/wp-content\/uploads\/sites\/12\/2026\/01\/613672492_10236016006599437_3433095068068293617_n-150x150.jpg\" alt=\"\" width=\"150\" height=\"150\" srcset=\"https:\/\/static-blogs.diariosur.es\/wp-content\/uploads\/sites\/12\/2026\/01\/613672492_10236016006599437_3433095068068293617_n-150x150.jpg 150w, https:\/\/static-blogs.diariosur.es\/wp-content\/uploads\/sites\/12\/2026\/01\/613672492_10236016006599437_3433095068068293617_n-401x400.jpg 401w, https:\/\/static-blogs.diariosur.es\/wp-content\/uploads\/sites\/12\/2026\/01\/613672492_10236016006599437_3433095068068293617_n-409x408.jpg 409w, https:\/\/static-blogs.diariosur.es\/wp-content\/uploads\/sites\/12\/2026\/01\/613672492_10236016006599437_3433095068068293617_n-768x765.jpg 768w, https:\/\/static-blogs.diariosur.es\/wp-content\/uploads\/sites\/12\/2026\/01\/613672492_10236016006599437_3433095068068293617_n.jpg 1440w\" sizes=\"(max-width: 150px) 100vw, 150px\" \/><\/a><\/p>\n<p data-pm-slice=\"1 1 []\">Buenas tardes noches, amigos de la meteo. Ayer d\u00eda 23 de enero se dieron dos efem\u00e9rides meteorol\u00f3gicas importantes en M\u00e1laga capital; la primera no la recuerdo porque ten\u00eda 4 a\u00f1os; mi padre s\u00ed, me la contaba muchas veces llegando estas fechas. La segunda, s\u00ed la recordamos todos; fue la espectacular granizada que tuvimos en el a\u00f1o <strong>2020<\/strong>; muchas zonas de la capital se vistieron de blanco.<\/p>\n<p>Antes de comenzar con las rachas huracanadas de levante, os quiero comentar que las fotos las he sacado de un art\u00edculo del periodista Francisco Cabrera Pablos del Diario Sur. Fuentes: Archivo de la autoridad portuaria y archivo fotogr\u00e1fico UMA.<\/p>\n<p>El 23 de enero de 1963, M\u00e1laga capital y otras zonas del litoral malague\u00f1o\u00a0registraron rachas huracanadas de viento de levante; los mayores da\u00f1os materiales se dieron en la capital. El parque tuvo muchos da\u00f1os en los \u00e1rboles, muchas casas del Bulto, Pedregalejo y el morro de Levante. Mi padre, mec\u00e1nico especialista del ej\u00e9rcito del aire, me comentaba que las rachas de viento estuvieron a punto de volcar a los aviones de la base a\u00e9rea que a\u00fan no hab\u00edan metido en los barracones; los aviones eran los Pedros y los T-6.<\/p>\n<p>Se registraron rachas de m\u00e1s de 108 km\/h en el Aeropuerto y olas de 8 metros en el Puerto. El Diario Sur comentaba esto en la edici\u00f3n de papel.<\/p>\n<p>Graves da\u00f1os en la ciudad producidos por el hurac\u00e1n. El temporal rompi\u00f3 el espig\u00f3n de levante. Seis embarcaciones se hundieron dentro del puerto. Se ignora la suerte de tres pesqueros\u00bb.<\/p>\n<p>La prensa nacional se hizo igualmente eco de esta cat\u00e1strofe. La Vanguardia publicaba en su edici\u00f3n del viernes 25 de enero lo siguiente: \u00abIntenso temporal, con vientos huracanados, en el Estrecho de Gibraltar. El transbordador \u00abCiudad de Tarifa\u00bb embarranc\u00f3 cerca de Algeciras y la motonave \u00abCiudad de Alcira\u00bb se vio en cr\u00edtica situaci\u00f3n. Grandes estragos en M\u00e1laga\u00bb.<\/p>\n<p>ABC, el mismo d\u00eda, titulaba \u00abDestrozos en M\u00e1laga\u00bb y analizaba los da\u00f1os del temporal haciendo una exhaustiva descripci\u00f3n de las consecuencias de la tormenta.<\/p>\n<p>El gobernador civil malague\u00f1o Ram\u00f3n Castilla P\u00e9rez y el alcalde Francisco Garc\u00eda Grana visitaron al d\u00eda siguiente a los damnificados, especialmente los que habitaban en las casas de Pedregalejo y en los n\u00facleos de chabolas que entonces a\u00fan exist\u00edan en la ciudad, sencillamente arrasadas por la fuerza del temporal. Centenares de vecinos que habitaban en las playas de San Andr\u00e9s tuvieron que ser evacuados y atendidos en la parroquia del Santo \u00c1ngel de Huelin primero, siendo alojados provisionalmente en los locales de Campsa y de las S.A. Vers.<\/p>\n<p>L\u00f3gicamente, el Ayuntamiento de la capital convoc\u00f3 de forma urgente a la comisi\u00f3n permanente en la que Garc\u00eda Grana present\u00f3 a los concejales un informe detenido sobre los importantes destrozos causados. Tras elogiar la actuaci\u00f3n de los servicios municipales, especialmente en la madrugada del d\u00eda 23 al 24, donde sus intervenciones fueron m\u00e1s complicadas, el Alcalde explicaba:<\/p>\n<p>\u00abLos da\u00f1os, sobre todo en nuestro querido Parque, orgullo de M\u00e1laga, son incalculables y hemos perdido 108 \u00e1rboles arrancados de cuajo por el hurac\u00e1n. Han desaparecido especies arb\u00f3reas \u00fanicas en Europa, de las que tan ufanos est\u00e1bamos los malague\u00f1os. \u00c1rboles centenarios que sembraron nuestros mayores y que ahora disfrut\u00e1bamos han desaparecido para siempre sin posibilidad de salvaci\u00f3n.\u00bb Reiteraba despu\u00e9s que los destrozos en el arbolado de otros jardines y espacios de la ciudad alcanzaban en total a una p\u00e9rdida de 240 \u00e1rboles de considerable envergadura, especialmente \u00abun gran ficus de la Avenida del General\u00edsimo\u00bb arrancado de ra\u00edz.<\/p>\n<p>Respecto al puerto, el alcalde inform\u00f3 a los concejales: \u00abEste enorme hurac\u00e1n de levante desencadenado durante los d\u00edas 23 y 24 del actual ha ocasionado una verdadera cat\u00e1strofe en el Puerto, destruyendo en longitud de unos cien metros el dique de contenci\u00f3n del morro de levante, hundimiento parcial del Paseo Mar\u00edtimo, destrucci\u00f3n de los espigones de la playa, graves da\u00f1os en gran n\u00famero de inmuebles, am\u00e9n de farolas del alumbrado p\u00fablico\u2026\u00bb.<\/p>\n<p>Muchos os preguntar\u00e9is qu\u00e9 circunstancias se dieron para que pasara esto; os lo explico.<\/p>\n<p>Un potente anticicl\u00f3n centrado en las Islas Brit\u00e1nicas que abarcaba tambi\u00e9n la mayor parte de Europa y una borrasca centrada en Madeira contribuyeron a estas rachas fuertes de viento.<\/p>\n<p>Os paso el mapa a 500 hPa y el mapa de rachas de viento. Y a continuaci\u00f3n, fotos.<\/p>\n<p>&nbsp;<\/p>\n<p><a href=\"https:\/\/static-blogs.diariosur.es\/wp-content\/uploads\/sites\/12\/2025\/01\/archives-1963-1-23-18-0.png\"><img loading=\"lazy\" class=\"aligncenter size-full wp-image-43115\" src=\"https:\/\/static-blogs.diariosur.es\/wp-content\/uploads\/sites\/12\/2025\/01\/archives-1963-1-23-18-0.png\" alt=\"\" width=\"768\" height=\"512\" srcset=\"https:\/\/static-blogs.diariosur.es\/wp-content\/uploads\/sites\/12\/2025\/01\/archives-1963-1-23-18-0.png 768w, https:\/\/static-blogs.diariosur.es\/wp-content\/uploads\/sites\/12\/2025\/01\/archives-1963-1-23-18-0-600x400.png 600w, https:\/\/static-blogs.diariosur.es\/wp-content\/uploads\/sites\/12\/2025\/01\/archives-1963-1-23-18-0-612x408.png 612w\" sizes=\"(max-width: 768px) 100vw, 768px\" \/><\/a> <a href=\"https:\/\/static-blogs.diariosur.es\/wp-content\/uploads\/sites\/12\/2025\/01\/archives-1963-1-23-18-8.png\"><img loading=\"lazy\" class=\"aligncenter size-full wp-image-43116\" src=\"https:\/\/static-blogs.diariosur.es\/wp-content\/uploads\/sites\/12\/2025\/01\/archives-1963-1-23-18-8.png\" alt=\"\" width=\"768\" height=\"512\" srcset=\"https:\/\/static-blogs.diariosur.es\/wp-content\/uploads\/sites\/12\/2025\/01\/archives-1963-1-23-18-8.png 768w, https:\/\/static-blogs.diariosur.es\/wp-content\/uploads\/sites\/12\/2025\/01\/archives-1963-1-23-18-8-600x400.png 600w, https:\/\/static-blogs.diariosur.es\/wp-content\/uploads\/sites\/12\/2025\/01\/archives-1963-1-23-18-8-612x408.png 612w\" sizes=\"(max-width: 768px) 100vw, 768px\" \/><\/a><\/p>\n<p>&nbsp;<\/p>\n<p><a href=\"https:\/\/static-blogs.diariosur.es\/wp-content\/uploads\/sites\/12\/2025\/01\/4-viernes-25-p-triano-0-e1737611606641.jpg\"><img loading=\"lazy\" class=\"aligncenter size-full wp-image-43117\" src=\"https:\/\/static-blogs.diariosur.es\/wp-content\/uploads\/sites\/12\/2025\/01\/4-viernes-25-p-triano-0-e1737611606641.jpg\" alt=\"\" width=\"1000\" height=\"1090\" \/><\/a><\/p>\n<p>&nbsp;<\/p>\n<p><a href=\"https:\/\/static-blogs.diariosur.es\/wp-content\/uploads\/sites\/12\/2025\/01\/Captura-de-pantalla-2025-01-22-073139-1.jpg\"><img loading=\"lazy\" class=\"aligncenter size-full wp-image-43119\" src=\"https:\/\/static-blogs.diariosur.es\/wp-content\/uploads\/sites\/12\/2025\/01\/Captura-de-pantalla-2025-01-22-073139-1.jpg\" alt=\"\" width=\"976\" height=\"1203\" srcset=\"https:\/\/static-blogs.diariosur.es\/wp-content\/uploads\/sites\/12\/2025\/01\/Captura-de-pantalla-2025-01-22-073139-1.jpg 976w, https:\/\/static-blogs.diariosur.es\/wp-content\/uploads\/sites\/12\/2025\/01\/Captura-de-pantalla-2025-01-22-073139-1-325x400.jpg 325w, https:\/\/static-blogs.diariosur.es\/wp-content\/uploads\/sites\/12\/2025\/01\/Captura-de-pantalla-2025-01-22-073139-1-331x408.jpg 331w, https:\/\/static-blogs.diariosur.es\/wp-content\/uploads\/sites\/12\/2025\/01\/Captura-de-pantalla-2025-01-22-073139-1-768x947.jpg 768w\" sizes=\"(max-width: 976px) 100vw, 976px\" \/><\/a><\/p>\n<p>&nbsp;<\/p>\n<p><a href=\"https:\/\/static-blogs.diariosur.es\/wp-content\/uploads\/sites\/12\/2025\/01\/Captura-de-pantalla-2025-01-22-073204.jpg\"><img loading=\"lazy\" class=\"aligncenter size-full wp-image-43120\" src=\"https:\/\/static-blogs.diariosur.es\/wp-content\/uploads\/sites\/12\/2025\/01\/Captura-de-pantalla-2025-01-22-073204.jpg\" alt=\"\" width=\"994\" height=\"658\" srcset=\"https:\/\/static-blogs.diariosur.es\/wp-content\/uploads\/sites\/12\/2025\/01\/Captura-de-pantalla-2025-01-22-073204.jpg 994w, https:\/\/static-blogs.diariosur.es\/wp-content\/uploads\/sites\/12\/2025\/01\/Captura-de-pantalla-2025-01-22-073204-604x400.jpg 604w, https:\/\/static-blogs.diariosur.es\/wp-content\/uploads\/sites\/12\/2025\/01\/Captura-de-pantalla-2025-01-22-073204-616x408.jpg 616w, https:\/\/static-blogs.diariosur.es\/wp-content\/uploads\/sites\/12\/2025\/01\/Captura-de-pantalla-2025-01-22-073204-768x508.jpg 768w\" sizes=\"(max-width: 994px) 100vw, 994px\" \/><\/a><\/p>\n<p>&nbsp;<\/p>\n<p><a href=\"https:\/\/static-blogs.diariosur.es\/wp-content\/uploads\/sites\/12\/2025\/01\/Captura-de-pantalla-2025-01-22-073304.jpg\"><img loading=\"lazy\" class=\"aligncenter size-full wp-image-43121\" src=\"https:\/\/static-blogs.diariosur.es\/wp-content\/uploads\/sites\/12\/2025\/01\/Captura-de-pantalla-2025-01-22-073304.jpg\" alt=\"\" width=\"1161\" height=\"933\" srcset=\"https:\/\/static-blogs.diariosur.es\/wp-content\/uploads\/sites\/12\/2025\/01\/Captura-de-pantalla-2025-01-22-073304.jpg 1161w, https:\/\/static-blogs.diariosur.es\/wp-content\/uploads\/sites\/12\/2025\/01\/Captura-de-pantalla-2025-01-22-073304-498x400.jpg 498w, https:\/\/static-blogs.diariosur.es\/wp-content\/uploads\/sites\/12\/2025\/01\/Captura-de-pantalla-2025-01-22-073304-508x408.jpg 508w, https:\/\/static-blogs.diariosur.es\/wp-content\/uploads\/sites\/12\/2025\/01\/Captura-de-pantalla-2025-01-22-073304-768x617.jpg 768w\" sizes=\"(max-width: 1161px) 100vw, 1161px\" \/><\/a><\/p>\n<p>&nbsp;<\/p>\n<p><a href=\"https:\/\/static-blogs.diariosur.es\/wp-content\/uploads\/sites\/12\/2025\/01\/Captura-de-pantalla-2025-01-22-073409.jpg\"><img loading=\"lazy\" class=\"aligncenter size-full wp-image-43122\" src=\"https:\/\/static-blogs.diariosur.es\/wp-content\/uploads\/sites\/12\/2025\/01\/Captura-de-pantalla-2025-01-22-073409.jpg\" alt=\"\" width=\"1120\" height=\"904\" srcset=\"https:\/\/static-blogs.diariosur.es\/wp-content\/uploads\/sites\/12\/2025\/01\/Captura-de-pantalla-2025-01-22-073409.jpg 1120w, https:\/\/static-blogs.diariosur.es\/wp-content\/uploads\/sites\/12\/2025\/01\/Captura-de-pantalla-2025-01-22-073409-496x400.jpg 496w, https:\/\/static-blogs.diariosur.es\/wp-content\/uploads\/sites\/12\/2025\/01\/Captura-de-pantalla-2025-01-22-073409-505x408.jpg 505w, https:\/\/static-blogs.diariosur.es\/wp-content\/uploads\/sites\/12\/2025\/01\/Captura-de-pantalla-2025-01-22-073409-768x620.jpg 768w\" sizes=\"(max-width: 1120px) 100vw, 1120px\" \/><\/a><\/p>\n<p>&nbsp;<\/p>\n<p><a href=\"https:\/\/static-blogs.diariosur.es\/wp-content\/uploads\/sites\/12\/2025\/01\/Captura-de-pantalla-2025-01-22-073435.jpg\"><img loading=\"lazy\" class=\"aligncenter size-full wp-image-43123\" src=\"https:\/\/static-blogs.diariosur.es\/wp-content\/uploads\/sites\/12\/2025\/01\/Captura-de-pantalla-2025-01-22-073435.jpg\" alt=\"\" width=\"1132\" height=\"760\" srcset=\"https:\/\/static-blogs.diariosur.es\/wp-content\/uploads\/sites\/12\/2025\/01\/Captura-de-pantalla-2025-01-22-073435.jpg 1132w, https:\/\/static-blogs.diariosur.es\/wp-content\/uploads\/sites\/12\/2025\/01\/Captura-de-pantalla-2025-01-22-073435-596x400.jpg 596w, https:\/\/static-blogs.diariosur.es\/wp-content\/uploads\/sites\/12\/2025\/01\/Captura-de-pantalla-2025-01-22-073435-608x408.jpg 608w, https:\/\/static-blogs.diariosur.es\/wp-content\/uploads\/sites\/12\/2025\/01\/Captura-de-pantalla-2025-01-22-073435-768x516.jpg 768w\" sizes=\"(max-width: 1132px) 100vw, 1132px\" \/><\/a><\/p>\n<p>&nbsp;<\/p>\n<p><a href=\"https:\/\/static-blogs.diariosur.es\/wp-content\/uploads\/sites\/12\/2025\/01\/Captura-de-pantalla-2025-01-22-073508.jpg\"><img loading=\"lazy\" class=\"aligncenter size-full wp-image-43124\" src=\"https:\/\/static-blogs.diariosur.es\/wp-content\/uploads\/sites\/12\/2025\/01\/Captura-de-pantalla-2025-01-22-073508.jpg\" alt=\"\" width=\"1162\" height=\"801\" srcset=\"https:\/\/static-blogs.diariosur.es\/wp-content\/uploads\/sites\/12\/2025\/01\/Captura-de-pantalla-2025-01-22-073508.jpg 1162w, https:\/\/static-blogs.diariosur.es\/wp-content\/uploads\/sites\/12\/2025\/01\/Captura-de-pantalla-2025-01-22-073508-580x400.jpg 580w, https:\/\/static-blogs.diariosur.es\/wp-content\/uploads\/sites\/12\/2025\/01\/Captura-de-pantalla-2025-01-22-073508-592x408.jpg 592w, https:\/\/static-blogs.diariosur.es\/wp-content\/uploads\/sites\/12\/2025\/01\/Captura-de-pantalla-2025-01-22-073508-768x529.jpg 768w\" sizes=\"(max-width: 1162px) 100vw, 1162px\" \/><\/a><\/p>\n<p>&nbsp;<\/p>\n<p><a href=\"https:\/\/static-blogs.diariosur.es\/wp-content\/uploads\/sites\/12\/2025\/01\/Captura-de-pantalla-2025-01-22-084643.jpg\"><img loading=\"lazy\" class=\"aligncenter size-full wp-image-43125\" src=\"https:\/\/static-blogs.diariosur.es\/wp-content\/uploads\/sites\/12\/2025\/01\/Captura-de-pantalla-2025-01-22-084643.jpg\" alt=\"\" width=\"1123\" height=\"850\" srcset=\"https:\/\/static-blogs.diariosur.es\/wp-content\/uploads\/sites\/12\/2025\/01\/Captura-de-pantalla-2025-01-22-084643.jpg 1123w, https:\/\/static-blogs.diariosur.es\/wp-content\/uploads\/sites\/12\/2025\/01\/Captura-de-pantalla-2025-01-22-084643-528x400.jpg 528w, https:\/\/static-blogs.diariosur.es\/wp-content\/uploads\/sites\/12\/2025\/01\/Captura-de-pantalla-2025-01-22-084643-539x408.jpg 539w, https:\/\/static-blogs.diariosur.es\/wp-content\/uploads\/sites\/12\/2025\/01\/Captura-de-pantalla-2025-01-22-084643-768x581.jpg 768w\" sizes=\"(max-width: 1123px) 100vw, 1123px\" \/><\/a><\/p>\n<p>&nbsp;<\/p>\n<p><a href=\"https:\/\/static-blogs.diariosur.es\/wp-content\/uploads\/sites\/12\/2025\/01\/Captura-de-pantalla-2025-01-22-084417.jpg\"><img loading=\"lazy\" class=\"aligncenter size-full wp-image-43126\" src=\"https:\/\/static-blogs.diariosur.es\/wp-content\/uploads\/sites\/12\/2025\/01\/Captura-de-pantalla-2025-01-22-084417.jpg\" alt=\"\" width=\"1123\" height=\"838\" srcset=\"https:\/\/static-blogs.diariosur.es\/wp-content\/uploads\/sites\/12\/2025\/01\/Captura-de-pantalla-2025-01-22-084417.jpg 1123w, https:\/\/static-blogs.diariosur.es\/wp-content\/uploads\/sites\/12\/2025\/01\/Captura-de-pantalla-2025-01-22-084417-536x400.jpg 536w, https:\/\/static-blogs.diariosur.es\/wp-content\/uploads\/sites\/12\/2025\/01\/Captura-de-pantalla-2025-01-22-084417-547x408.jpg 547w, https:\/\/static-blogs.diariosur.es\/wp-content\/uploads\/sites\/12\/2025\/01\/Captura-de-pantalla-2025-01-22-084417-768x573.jpg 768w\" sizes=\"(max-width: 1123px) 100vw, 1123px\" \/><\/a><\/p>\n<p>&nbsp;<\/p>\n<p><a href=\"https:\/\/static-blogs.diariosur.es\/wp-content\/uploads\/sites\/12\/2025\/01\/Captura-de-pantalla-2025-01-22-084758.jpg\"><img loading=\"lazy\" class=\"aligncenter size-full wp-image-43127\" src=\"https:\/\/static-blogs.diariosur.es\/wp-content\/uploads\/sites\/12\/2025\/01\/Captura-de-pantalla-2025-01-22-084758.jpg\" alt=\"\" width=\"1140\" height=\"760\" srcset=\"https:\/\/static-blogs.diariosur.es\/wp-content\/uploads\/sites\/12\/2025\/01\/Captura-de-pantalla-2025-01-22-084758.jpg 1140w, https:\/\/static-blogs.diariosur.es\/wp-content\/uploads\/sites\/12\/2025\/01\/Captura-de-pantalla-2025-01-22-084758-600x400.jpg 600w, https:\/\/static-blogs.diariosur.es\/wp-content\/uploads\/sites\/12\/2025\/01\/Captura-de-pantalla-2025-01-22-084758-612x408.jpg 612w, https:\/\/static-blogs.diariosur.es\/wp-content\/uploads\/sites\/12\/2025\/01\/Captura-de-pantalla-2025-01-22-084758-768x512.jpg 768w\" sizes=\"(max-width: 1140px) 100vw, 1140px\" \/><\/a><\/p>\n<h3><\/h3>\n<h3><span style=\"color: #0000ff;\">La granizada del siglo en el centro de M\u00e1laga capital<\/span><\/h3>\n<p>&nbsp;<\/p>\n<p data-pm-slice=\"1 1 []\">De esta granizada s\u00ed nos acordamos todos en M\u00e1laga capital porque fue hace 5 a\u00f1os. La borrasca Gloria dej\u00f3 unas bellas estampas en M\u00e1laga capital, sobre todo en el centro y Montes de M\u00e1laga. Curiosamente, en estas zonas apenas dej\u00f3 granizo: Cruz de Humilladero, Barbarela, Carretera de C\u00e1diz, Carranque y Tiro de Pich\u00f3n. La borrasca Gloria se port\u00f3 muy bien en cuanto a precipitaciones; desde el d\u00eda 21 al 25 se acumularon en M\u00e1laga capital <strong>142 mm<\/strong>.<\/p>\n<p>Os pongo el mapa a 500 hPa y una foto de los cielos que dej\u00f3 Gloria.<\/p>\n<p>&nbsp;<\/p>\n<p>&nbsp;<\/p>\n<p><a href=\"https:\/\/static-blogs.diariosur.es\/wp-content\/uploads\/sites\/12\/2025\/01\/archives-2020-1-23-0-0.png\"><img loading=\"lazy\" class=\"aligncenter size-full wp-image-43136\" src=\"https:\/\/static-blogs.diariosur.es\/wp-content\/uploads\/sites\/12\/2025\/01\/archives-2020-1-23-0-0.png\" alt=\"\" width=\"768\" height=\"512\" srcset=\"https:\/\/static-blogs.diariosur.es\/wp-content\/uploads\/sites\/12\/2025\/01\/archives-2020-1-23-0-0.png 768w, https:\/\/static-blogs.diariosur.es\/wp-content\/uploads\/sites\/12\/2025\/01\/archives-2020-1-23-0-0-600x400.png 600w, https:\/\/static-blogs.diariosur.es\/wp-content\/uploads\/sites\/12\/2025\/01\/archives-2020-1-23-0-0-612x408.png 612w\" sizes=\"(max-width: 768px) 100vw, 768px\" \/><\/a><\/p>\n<p>&nbsp;<\/p>\n<p><a href=\"https:\/\/static-blogs.diariosur.es\/wp-content\/uploads\/sites\/12\/2025\/01\/49514269923_82a5b72402_b.jpg\"><img loading=\"lazy\" class=\"aligncenter size-full wp-image-43137\" src=\"https:\/\/static-blogs.diariosur.es\/wp-content\/uploads\/sites\/12\/2025\/01\/49514269923_82a5b72402_b.jpg\" alt=\"\" width=\"1024\" height=\"683\" srcset=\"https:\/\/static-blogs.diariosur.es\/wp-content\/uploads\/sites\/12\/2025\/01\/49514269923_82a5b72402_b.jpg 1024w, https:\/\/static-blogs.diariosur.es\/wp-content\/uploads\/sites\/12\/2025\/01\/49514269923_82a5b72402_b-600x400.jpg 600w, https:\/\/static-blogs.diariosur.es\/wp-content\/uploads\/sites\/12\/2025\/01\/49514269923_82a5b72402_b-612x408.jpg 612w, https:\/\/static-blogs.diariosur.es\/wp-content\/uploads\/sites\/12\/2025\/01\/49514269923_82a5b72402_b-768x512.jpg 768w\" sizes=\"(max-width: 1024px) 100vw, 1024px\" \/><\/a><\/p>\n<p>&nbsp;<\/p>\n<p data-pm-slice=\"1 1 []\">La Aemet hizo un estudio de la borrasca Gloria y a continuaci\u00f3n unas fotos de mi amiga Nany Lavado y, para terminar, las del Diario Sur y unos videos.<\/p>\n<p>Pinchar en el enlace de abajo.<\/p>\n<p><a href=\"https:\/\/www.aemet.es\/gl\/conocermas\/borrascas\/2019-2020\/estudios_e_impactos\/gloria\" rel=\"external nofollow\"><strong>BORRASCA GLORIA<\/strong><\/a><\/p>\n<p>&nbsp;<\/p>\n<p>Fotos Nany Lavado<\/p>\n<p>&nbsp;<\/p>\n<p><a href=\"https:\/\/static-blogs.diariosur.es\/wp-content\/uploads\/sites\/12\/2025\/01\/473727110_10231444826442790_789127469328393618_n-e1737614636628.jpg\"><img loading=\"lazy\" class=\"aligncenter size-full wp-image-43129\" src=\"https:\/\/static-blogs.diariosur.es\/wp-content\/uploads\/sites\/12\/2025\/01\/473727110_10231444826442790_789127469328393618_n-e1737614636628.jpg\" alt=\"\" width=\"1000\" height=\"666\" \/><\/a><\/p>\n<p>&nbsp;<\/p>\n<p><a href=\"https:\/\/static-blogs.diariosur.es\/wp-content\/uploads\/sites\/12\/2025\/01\/474463356_10231444832522942_1625100197215486987_n-e1737614667880.jpg\"><img loading=\"lazy\" class=\"aligncenter size-full wp-image-43130\" src=\"https:\/\/static-blogs.diariosur.es\/wp-content\/uploads\/sites\/12\/2025\/01\/474463356_10231444832522942_1625100197215486987_n-e1737614667880.jpg\" alt=\"\" width=\"1000\" height=\"667\" \/><\/a><\/p>\n<p>&nbsp;<\/p>\n<p><a href=\"https:\/\/static-blogs.diariosur.es\/wp-content\/uploads\/sites\/12\/2025\/01\/474464024_10231444831802924_7264768393137875902_n-e1737614697298.jpg\"><img loading=\"lazy\" class=\"aligncenter size-full wp-image-43131\" src=\"https:\/\/static-blogs.diariosur.es\/wp-content\/uploads\/sites\/12\/2025\/01\/474464024_10231444831802924_7264768393137875902_n-e1737614697298.jpg\" alt=\"\" width=\"1000\" height=\"724\" \/><\/a><\/p>\n<p>&nbsp;<\/p>\n<p><a href=\"https:\/\/static-blogs.diariosur.es\/wp-content\/uploads\/sites\/12\/2025\/01\/474475676_10231444832122932_1795676999686676480_n-e1737614726584.jpg\"><img loading=\"lazy\" class=\"aligncenter size-full wp-image-43132\" src=\"https:\/\/static-blogs.diariosur.es\/wp-content\/uploads\/sites\/12\/2025\/01\/474475676_10231444832122932_1795676999686676480_n-e1737614726584.jpg\" alt=\"\" width=\"1000\" height=\"667\" \/><\/a><\/p>\n<p>&nbsp;<\/p>\n<p><a href=\"https:\/\/static-blogs.diariosur.es\/wp-content\/uploads\/sites\/12\/2025\/01\/474474751_10231444833122957_41566130449918616_n-e1737614754855.jpg\"><img loading=\"lazy\" class=\"aligncenter size-full wp-image-43133\" src=\"https:\/\/static-blogs.diariosur.es\/wp-content\/uploads\/sites\/12\/2025\/01\/474474751_10231444833122957_41566130449918616_n-e1737614754855.jpg\" alt=\"\" width=\"1000\" height=\"667\" \/><\/a><\/p>\n<p>&nbsp;<\/p>\n<p><a href=\"https:\/\/static-blogs.diariosur.es\/wp-content\/uploads\/sites\/12\/2025\/01\/474864029_10231444832282936_7496959822363288123_n-e1737614790723.jpg\"><img loading=\"lazy\" class=\"aligncenter size-full wp-image-43134\" src=\"https:\/\/static-blogs.diariosur.es\/wp-content\/uploads\/sites\/12\/2025\/01\/474864029_10231444832282936_7496959822363288123_n-e1737614790723.jpg\" alt=\"\" width=\"1000\" height=\"667\" \/><\/a><\/p>\n<p>&nbsp;<\/p>\n<p><a href=\"https:\/\/static-blogs.diariosur.es\/wp-content\/uploads\/sites\/12\/2025\/01\/474696155_10231444832802949_2920130264783742988_n-e1737614833717.jpg\"><img loading=\"lazy\" class=\"aligncenter size-full wp-image-43135\" src=\"https:\/\/static-blogs.diariosur.es\/wp-content\/uploads\/sites\/12\/2025\/01\/474696155_10231444832802949_2920130264783742988_n-e1737614833717.jpg\" alt=\"\" width=\"1000\" height=\"667\" \/><\/a><\/p>\n<p>&nbsp;<\/p>\n<p>&nbsp;<\/p>\n<p>A continuaci\u00f3n os paso las fotos que publico el diario sur, fot\u00f3grafos como\u00a0\u00a0<span class=\"voc-photo-author\">\u00d1ITO SALAS\/FRANCIS SILVA \/ GERM\u00c1N POZO\/ MIGUE FERN\u00c1NDEZ, captaron muy bien el momento.<\/span><\/p>\n<p>&nbsp;<\/p>\n<p>&nbsp;<\/p>\n<p><a href=\"https:\/\/static-blogs.diariosur.es\/wp-content\/uploads\/sites\/12\/2022\/01\/2-7.jpg\"><img loading=\"lazy\" class=\"aligncenter size-full wp-image-32270\" src=\"https:\/\/static-blogs.diariosur.es\/wp-content\/uploads\/sites\/12\/2022\/01\/2-7.jpg\" alt=\"\" width=\"1183\" height=\"865\" srcset=\"https:\/\/static-blogs.diariosur.es\/wp-content\/uploads\/sites\/12\/2022\/01\/2-7.jpg 1183w, https:\/\/static-blogs.diariosur.es\/wp-content\/uploads\/sites\/12\/2022\/01\/2-7-547x400.jpg 547w, https:\/\/static-blogs.diariosur.es\/wp-content\/uploads\/sites\/12\/2022\/01\/2-7-768x562.jpg 768w\" sizes=\"(max-width: 1183px) 100vw, 1183px\" \/><\/a><\/p>\n<p>&nbsp;<\/p>\n<p><a href=\"https:\/\/static-blogs.diariosur.es\/wp-content\/uploads\/sites\/12\/2022\/01\/3-4-e1642952307670.jpg\"><img loading=\"lazy\" class=\"aligncenter size-full wp-image-32271\" src=\"https:\/\/static-blogs.diariosur.es\/wp-content\/uploads\/sites\/12\/2022\/01\/3-4-e1642952307670.jpg\" alt=\"\" width=\"1200\" height=\"785\" \/><\/a><\/p>\n<p>&nbsp;<\/p>\n<p><a href=\"https:\/\/static-blogs.diariosur.es\/wp-content\/uploads\/sites\/12\/2022\/01\/5-2-e1642952359329.jpg\"><img loading=\"lazy\" class=\"aligncenter size-full wp-image-32272\" src=\"https:\/\/static-blogs.diariosur.es\/wp-content\/uploads\/sites\/12\/2022\/01\/5-2-e1642952359329.jpg\" alt=\"\" width=\"1200\" height=\"684\" \/><\/a><\/p>\n<p>&nbsp;<\/p>\n<p><a href=\"https:\/\/static-blogs.diariosur.es\/wp-content\/uploads\/sites\/12\/2022\/01\/6-e1642952384660.jpg\"><img loading=\"lazy\" class=\"aligncenter size-full wp-image-32273\" src=\"https:\/\/static-blogs.diariosur.es\/wp-content\/uploads\/sites\/12\/2022\/01\/6-e1642952384660.jpg\" alt=\"\" width=\"1200\" height=\"803\" \/><\/a><\/p>\n<p>&nbsp;<\/p>\n<p><a href=\"https:\/\/static-blogs.diariosur.es\/wp-content\/uploads\/sites\/12\/2022\/01\/7-e1642952472203.jpg\"><img loading=\"lazy\" class=\"aligncenter size-full wp-image-32274\" src=\"https:\/\/static-blogs.diariosur.es\/wp-content\/uploads\/sites\/12\/2022\/01\/7-e1642952472203.jpg\" alt=\"\" width=\"1200\" height=\"794\" \/><\/a><\/p>\n<p>&nbsp;<\/p>\n<p><a href=\"https:\/\/static-blogs.diariosur.es\/wp-content\/uploads\/sites\/12\/2022\/01\/8-e1642952534849.jpg\"><img loading=\"lazy\" class=\"aligncenter size-full wp-image-32275\" src=\"https:\/\/static-blogs.diariosur.es\/wp-content\/uploads\/sites\/12\/2022\/01\/8-e1642952534849.jpg\" alt=\"\" width=\"1200\" height=\"790\" \/><\/a><\/p>\n<p>&nbsp;<\/p>\n<p><a href=\"https:\/\/static-blogs.diariosur.es\/wp-content\/uploads\/sites\/12\/2022\/01\/9-e1642952560163.jpg\"><img loading=\"lazy\" class=\"aligncenter size-full wp-image-32276\" src=\"https:\/\/static-blogs.diariosur.es\/wp-content\/uploads\/sites\/12\/2022\/01\/9-e1642952560163.jpg\" alt=\"\" width=\"1200\" height=\"673\" \/><\/a><\/p>\n<p>&nbsp;<\/p>\n<p>&nbsp;<\/p>\n<p><iframe loading=\"lazy\" title=\"Granizada en M\u00e1laga. 23 de enero de 2020\" width=\"500\" height=\"281\" src=\"https:\/\/www.youtube.com\/embed\/G5CeL28NVsI?feature=oembed\" frameborder=\"0\" allow=\"accelerometer; autoplay; clipboard-write; encrypted-media; gyroscope; picture-in-picture; web-share\" referrerpolicy=\"strict-origin-when-cross-origin\" allowfullscreen><\/iframe><\/p>\n<p>&nbsp;<\/p>\n","protected":false},"excerpt":{"rendered":"<p>Buenas tardes noches, amigos de la meteo. Ayer d\u00eda 23 de enero se dieron dos efem\u00e9rides meteorol\u00f3gicas importantes en M\u00e1laga capital; la primera no la recuerdo porque ten\u00eda 4 a\u00f1os; mi padre s\u00ed, me la contaba muchas veces llegando estas fechas. La segunda, s\u00ed la recordamos todos; fue la espectacular granizada que tuvimos en el [&hellip;]<\/p>\n","protected":false},"author":16,"featured_media":48740,"comment_status":"open","ping_status":"open","sticky":false,"template":"","format":"standard","meta":[],"categories":[2],"tags":[1414,366,465,1369,553,587,840],"_links":{"self":[{"href":"https:\/\/blogs.diariosur.es\/tormentas-y-rayos\/wp-json\/wp\/v2\/posts\/48737"}],"collection":[{"href":"https:\/\/blogs.diariosur.es\/tormentas-y-rayos\/wp-json\/wp\/v2\/posts"}],"about":[{"href":"https:\/\/blogs.diariosur.es\/tormentas-y-rayos\/wp-json\/wp\/v2\/types\/post"}],"author":[{"embeddable":true,"href":"https:\/\/blogs.diariosur.es\/tormentas-y-rayos\/wp-json\/wp\/v2\/users\/16"}],"replies":[{"embeddable":true,"href":"https:\/\/blogs.diariosur.es\/tormentas-y-rayos\/wp-json\/wp\/v2\/comments?post=48737"}],"version-history":[{"count":4,"href":"https:\/\/blogs.diariosur.es\/tormentas-y-rayos\/wp-json\/wp\/v2\/posts\/48737\/revisions"}],"predecessor-version":[{"id":48743,"href":"https:\/\/blogs.diariosur.es\/tormentas-y-rayos\/wp-json\/wp\/v2\/posts\/48737\/revisions\/48743"}],"wp:featuredmedia":[{"embeddable":true,"href":"https:\/\/blogs.diariosur.es\/tormentas-y-rayos\/wp-json\/wp\/v2\/media\/48740"}],"wp:attachment":[{"href":"https:\/\/blogs.diariosur.es\/tormentas-y-rayos\/wp-json\/wp\/v2\/media?parent=48737"}],"wp:term":[{"taxonomy":"category","embeddable":true,"href":"https:\/\/blogs.diariosur.es\/tormentas-y-rayos\/wp-json\/wp\/v2\/categories?post=48737"},{"taxonomy":"post_tag","embeddable":true,"href":"https:\/\/blogs.diariosur.es\/tormentas-y-rayos\/wp-json\/wp\/v2\/tags?post=48737"}],"curies":[{"name":"wp","href":"https:\/\/api.w.org\/{rel}","templated":true}]}}