{"id":48745,"date":"2026-01-25T08:07:16","date_gmt":"2026-01-25T07:07:16","guid":{"rendered":"https:\/\/blogs.diariosur.es\/tormentas-y-rayos\/?p=48745"},"modified":"2026-01-25T08:07:16","modified_gmt":"2026-01-25T07:07:16","slug":"hasta-cuando-las-lluvias-espectacular-nevada-en-sierra-bermeja-video-y-fotos","status":"publish","type":"post","link":"https:\/\/blogs.diariosur.es\/tormentas-y-rayos\/2026\/01\/25\/hasta-cuando-las-lluvias-espectacular-nevada-en-sierra-bermeja-video-y-fotos\/","title":{"rendered":"\u00bfHasta cu\u00e1ndo las lluvias? Espectacular nevada en Sierra Bermeja, video y fotos"},"content":{"rendered":"<p><a href=\"https:\/\/static-blogs.diariosur.es\/wp-content\/uploads\/sites\/12\/2026\/01\/613672492_10236016006599437_3433095068068293617_n.jpg\"><img loading=\"lazy\" class=\"aligncenter size-thumbnail wp-image-48524\" src=\"https:\/\/static-blogs.diariosur.es\/wp-content\/uploads\/sites\/12\/2026\/01\/613672492_10236016006599437_3433095068068293617_n-150x150.jpg\" alt=\"\" width=\"150\" height=\"150\" srcset=\"https:\/\/static-blogs.diariosur.es\/wp-content\/uploads\/sites\/12\/2026\/01\/613672492_10236016006599437_3433095068068293617_n-150x150.jpg 150w, https:\/\/static-blogs.diariosur.es\/wp-content\/uploads\/sites\/12\/2026\/01\/613672492_10236016006599437_3433095068068293617_n-401x400.jpg 401w, https:\/\/static-blogs.diariosur.es\/wp-content\/uploads\/sites\/12\/2026\/01\/613672492_10236016006599437_3433095068068293617_n-409x408.jpg 409w, https:\/\/static-blogs.diariosur.es\/wp-content\/uploads\/sites\/12\/2026\/01\/613672492_10236016006599437_3433095068068293617_n-768x765.jpg 768w, https:\/\/static-blogs.diariosur.es\/wp-content\/uploads\/sites\/12\/2026\/01\/613672492_10236016006599437_3433095068068293617_n.jpg 1440w\" sizes=\"(max-width: 150px) 100vw, 150px\" \/><\/a><\/p>\n<p>Muy buenos d\u00edas, amigos de la meteo. Cuando son las siete y media de la ma\u00f1ana en M\u00e1laga capital mi estaci\u00f3n registra 11,8 \u00baC, los cielos est\u00e1n nubosos y el viento sopla de flojo a moderado de terral de invierno. En estos momentos caen chubascos en algunos puntos de la comarca de Antequera. Hoy domingo hay nuevamente probabilidad de precipitaciones en la provincia malague\u00f1a y la capital, pero la cota de nieve subir\u00e1 hasta los 1700 metros.<\/p>\n<p>Antes de deciros hasta cuando hay probabilidad de lluvias en la provincia malague\u00f1a, os dejo con este impresionante reportaje de mi amigo Juan.<\/p>\n<p>&nbsp;<\/p>\n<h3><span style=\"color: #0000ff;\"><strong>Espectacular nevada en Sierra Bermeja.<\/strong><\/span><\/h3>\n<p>Video y fotos de mi amigo Juan Serrano, muchas gracias.<\/p>\n<p>Texto de Juan.<\/p>\n<p data-pm-slice=\"1 1 []\">Probablemente de las mayores nevadas que hemos tenido en Sierra Bermeja en la \u00faltima d\u00e9cada, y puedo dar fe porque creo que no he faltado a casi ninguna de las grandes, como atestiguan los v\u00eddeos de mi canal. Desde que comenc\u00e9 el paseo en Pe\u00f1as Blancas a las 7:15, estaba adem\u00e1s claro eso, y que la barrera de subida al refugio se ten\u00eda que bajar.<\/p>\n<p>Ahora, eso s\u00ed, estampas blancas muy ef\u00edmeras, y por eso el madrug\u00f3n y captarlas y disfrutarlas desde tan temprano.<\/p>\n<p>Nieve virgen a mi paso en la subida al pico Los Reales, como podr\u00e9is comprobar.<\/p>\n<p>Es un lujo y un privilegio disfrutar de estampas as\u00ed a media hora de nuestras casas, a media hora de la playa.<\/p>\n<p>&nbsp;<\/p>\n<p><iframe loading=\"lazy\" title=\"SIERRA BERMEJA: LA GRAN NEVADA DEL 2026\" width=\"500\" height=\"281\" src=\"https:\/\/www.youtube.com\/embed\/SpfidQZTALo?feature=oembed\" frameborder=\"0\" allow=\"accelerometer; autoplay; clipboard-write; encrypted-media; gyroscope; picture-in-picture; web-share\" referrerpolicy=\"strict-origin-when-cross-origin\" allowfullscreen><\/iframe><\/p>\n<p>&nbsp;<\/p>\n<p>&nbsp;<\/p>\n<p><a href=\"https:\/\/static-blogs.diariosur.es\/wp-content\/uploads\/sites\/12\/2026\/01\/621249425_10236222910451904_7254986243158210554_n-e1769322443804.jpg\"><img loading=\"lazy\" class=\"aligncenter size-full wp-image-48746\" src=\"https:\/\/static-blogs.diariosur.es\/wp-content\/uploads\/sites\/12\/2026\/01\/621249425_10236222910451904_7254986243158210554_n-e1769322443804.jpg\" alt=\"\" width=\"1000\" height=\"563\" \/><\/a><\/p>\n<p>&nbsp;<\/p>\n<p><a href=\"https:\/\/static-blogs.diariosur.es\/wp-content\/uploads\/sites\/12\/2026\/01\/621544440_10236222911811938_4174317562804874645_n-e1769322473901.jpg\"><img loading=\"lazy\" class=\"aligncenter size-full wp-image-48747\" src=\"https:\/\/static-blogs.diariosur.es\/wp-content\/uploads\/sites\/12\/2026\/01\/621544440_10236222911811938_4174317562804874645_n-e1769322473901.jpg\" alt=\"\" width=\"1000\" height=\"563\" \/><\/a><\/p>\n<p>&nbsp;<\/p>\n<p><a href=\"https:\/\/static-blogs.diariosur.es\/wp-content\/uploads\/sites\/12\/2026\/01\/621676354_10236222911091920_1574360989492005718_n-e1769322496868.jpg\"><img loading=\"lazy\" class=\"aligncenter size-full wp-image-48748\" src=\"https:\/\/static-blogs.diariosur.es\/wp-content\/uploads\/sites\/12\/2026\/01\/621676354_10236222911091920_1574360989492005718_n-e1769322496868.jpg\" alt=\"\" width=\"1000\" height=\"563\" \/><\/a><\/p>\n<p>&nbsp;<\/p>\n<p><a href=\"https:\/\/static-blogs.diariosur.es\/wp-content\/uploads\/sites\/12\/2026\/01\/621730568_10236222912851964_4765866013895161009_n-e1769322519323.jpg\"><img loading=\"lazy\" class=\"aligncenter size-full wp-image-48749\" src=\"https:\/\/static-blogs.diariosur.es\/wp-content\/uploads\/sites\/12\/2026\/01\/621730568_10236222912851964_4765866013895161009_n-e1769322519323.jpg\" alt=\"\" width=\"1000\" height=\"563\" \/><\/a><\/p>\n<p>&nbsp;<\/p>\n<p><a href=\"https:\/\/static-blogs.diariosur.es\/wp-content\/uploads\/sites\/12\/2026\/01\/622034098_10236222909131871_5770262987123222956_n-e1769322543541.jpg\"><img loading=\"lazy\" class=\"aligncenter size-full wp-image-48750\" src=\"https:\/\/static-blogs.diariosur.es\/wp-content\/uploads\/sites\/12\/2026\/01\/622034098_10236222909131871_5770262987123222956_n-e1769322543541.jpg\" alt=\"\" width=\"1000\" height=\"563\" \/><\/a><\/p>\n<p>&nbsp;<\/p>\n<p><a href=\"https:\/\/static-blogs.diariosur.es\/wp-content\/uploads\/sites\/12\/2026\/01\/622109235_10236222912211948_6296652588987286885_n-e1769322569156.jpg\"><img loading=\"lazy\" class=\"aligncenter size-full wp-image-48751\" src=\"https:\/\/static-blogs.diariosur.es\/wp-content\/uploads\/sites\/12\/2026\/01\/622109235_10236222912211948_6296652588987286885_n-e1769322569156.jpg\" alt=\"\" width=\"1000\" height=\"563\" \/><\/a><\/p>\n<p>&nbsp;<\/p>\n<p><a href=\"https:\/\/static-blogs.diariosur.es\/wp-content\/uploads\/sites\/12\/2026\/01\/622354725_10236222909931891_7627398016925129451_n-e1769322592459.jpg\"><img loading=\"lazy\" class=\"aligncenter size-full wp-image-48752\" src=\"https:\/\/static-blogs.diariosur.es\/wp-content\/uploads\/sites\/12\/2026\/01\/622354725_10236222909931891_7627398016925129451_n-e1769322592459.jpg\" alt=\"\" width=\"1000\" height=\"563\" \/><\/a><\/p>\n<p>&nbsp;<\/p>\n<h3><span style=\"color: #ff0000;\"><strong>\u00bfHasta cu\u00e1ndo las lluvias en la provincia malague\u00f1a?<\/strong><\/span><\/h3>\n<p data-pm-slice=\"1 1 []\">Seg\u00fan los modelos, hasta el <strong>40 de mayo<\/strong> tendremos lluvias, jijijijijijij, es broma, amigos.<\/p>\n<p data-pm-slice=\"1 1 []\">Ahora en serio: Es probable que hasta el viernes 30 de enero afecten frentes a la provincia malague\u00f1a; el del martes puede dejar buenos acumulados en toda la provincia. La buena noticia, no para todos, es que el mes de febrero puede seguir con precipitaciones.<\/p>\n<p data-pm-slice=\"1 1 []\">A partir de ma\u00f1ana lunes iremos haciendo un seguimiento de los probables acumulados hasta el viernes.<\/p>\n<p>&nbsp;<\/p>\n","protected":false},"excerpt":{"rendered":"<p>Muy buenos d\u00edas, amigos de la meteo. Cuando son las siete y media de la ma\u00f1ana en M\u00e1laga capital mi estaci\u00f3n registra 11,8 \u00baC, los cielos est\u00e1n nubosos y el viento sopla de flojo a moderado de terral de invierno. En estos momentos caen chubascos en algunos puntos de la comarca de Antequera. Hoy domingo [&hellip;]<\/p>\n","protected":false},"author":16,"featured_media":48752,"comment_status":"open","ping_status":"open","sticky":false,"template":"","format":"standard","meta":[],"categories":[2],"tags":[100,151,1627,569,587,701,913],"_links":{"self":[{"href":"https:\/\/blogs.diariosur.es\/tormentas-y-rayos\/wp-json\/wp\/v2\/posts\/48745"}],"collection":[{"href":"https:\/\/blogs.diariosur.es\/tormentas-y-rayos\/wp-json\/wp\/v2\/posts"}],"about":[{"href":"https:\/\/blogs.diariosur.es\/tormentas-y-rayos\/wp-json\/wp\/v2\/types\/post"}],"author":[{"embeddable":true,"href":"https:\/\/blogs.diariosur.es\/tormentas-y-rayos\/wp-json\/wp\/v2\/users\/16"}],"replies":[{"embeddable":true,"href":"https:\/\/blogs.diariosur.es\/tormentas-y-rayos\/wp-json\/wp\/v2\/comments?post=48745"}],"version-history":[{"count":1,"href":"https:\/\/blogs.diariosur.es\/tormentas-y-rayos\/wp-json\/wp\/v2\/posts\/48745\/revisions"}],"predecessor-version":[{"id":48753,"href":"https:\/\/blogs.diariosur.es\/tormentas-y-rayos\/wp-json\/wp\/v2\/posts\/48745\/revisions\/48753"}],"wp:featuredmedia":[{"embeddable":true,"href":"https:\/\/blogs.diariosur.es\/tormentas-y-rayos\/wp-json\/wp\/v2\/media\/48752"}],"wp:attachment":[{"href":"https:\/\/blogs.diariosur.es\/tormentas-y-rayos\/wp-json\/wp\/v2\/media?parent=48745"}],"wp:term":[{"taxonomy":"category","embeddable":true,"href":"https:\/\/blogs.diariosur.es\/tormentas-y-rayos\/wp-json\/wp\/v2\/categories?post=48745"},{"taxonomy":"post_tag","embeddable":true,"href":"https:\/\/blogs.diariosur.es\/tormentas-y-rayos\/wp-json\/wp\/v2\/tags?post=48745"}],"curies":[{"name":"wp","href":"https:\/\/api.w.org\/{rel}","templated":true}]}}