{"id":48757,"date":"2026-01-25T15:37:51","date_gmt":"2026-01-25T14:37:51","guid":{"rendered":"https:\/\/blogs.diariosur.es\/tormentas-y-rayos\/?p=48757"},"modified":"2026-01-25T15:38:08","modified_gmt":"2026-01-25T14:38:08","slug":"ultima-hora-joseph-nueva-borrasca-de-gran-impacto","status":"publish","type":"post","link":"https:\/\/blogs.diariosur.es\/tormentas-y-rayos\/2026\/01\/25\/ultima-hora-joseph-nueva-borrasca-de-gran-impacto\/","title":{"rendered":"\u00daltima hora: Joseph, nueva borrasca de gran impacto"},"content":{"rendered":"<p data-pm-slice=\"1 1 []\"><a href=\"https:\/\/static-blogs.diariosur.es\/wp-content\/uploads\/sites\/12\/2026\/01\/613672492_10236016006599437_3433095068068293617_n.jpg\"><img loading=\"lazy\" class=\"aligncenter size-thumbnail wp-image-48524\" src=\"https:\/\/static-blogs.diariosur.es\/wp-content\/uploads\/sites\/12\/2026\/01\/613672492_10236016006599437_3433095068068293617_n-150x150.jpg\" alt=\"\" width=\"150\" height=\"150\" srcset=\"https:\/\/static-blogs.diariosur.es\/wp-content\/uploads\/sites\/12\/2026\/01\/613672492_10236016006599437_3433095068068293617_n-150x150.jpg 150w, https:\/\/static-blogs.diariosur.es\/wp-content\/uploads\/sites\/12\/2026\/01\/613672492_10236016006599437_3433095068068293617_n-401x400.jpg 401w, https:\/\/static-blogs.diariosur.es\/wp-content\/uploads\/sites\/12\/2026\/01\/613672492_10236016006599437_3433095068068293617_n-409x408.jpg 409w, https:\/\/static-blogs.diariosur.es\/wp-content\/uploads\/sites\/12\/2026\/01\/613672492_10236016006599437_3433095068068293617_n-768x765.jpg 768w, https:\/\/static-blogs.diariosur.es\/wp-content\/uploads\/sites\/12\/2026\/01\/613672492_10236016006599437_3433095068068293617_n.jpg 1440w\" sizes=\"(max-width: 150px) 100vw, 150px\" \/><\/a><\/p>\n<p data-pm-slice=\"1 1 []\">Buenas tardes, amigos de la meteo. La Aemet nombra a la d\u00e9cima borrasca de gran impacto que afectar\u00e1 a la pen\u00ednsula ib\u00e9rica a partir del martes, su nombre Joseph.<\/p>\n<p data-pm-slice=\"1 1 []\">\n<p data-pm-slice=\"1 1 []\">\n<p data-pm-slice=\"1 1 []\">\n<p data-pm-slice=\"1 1 []\"><a href=\"https:\/\/static-blogs.diariosur.es\/wp-content\/uploads\/sites\/12\/2026\/01\/621664508_10236227318962114_2348292299047066107_n-e1769351062652.jpg\"><img loading=\"lazy\" class=\"aligncenter size-full wp-image-48759\" src=\"https:\/\/static-blogs.diariosur.es\/wp-content\/uploads\/sites\/12\/2026\/01\/621664508_10236227318962114_2348292299047066107_n-e1769351062652.jpg\" alt=\"\" width=\"1000\" height=\"999\" \/><\/a><\/p>\n<p data-pm-slice=\"1 1 []\">Os paso el mapa de superficie de la Aemet.<\/p>\n<p data-pm-slice=\"1 1 []\"><a href=\"https:\/\/static-blogs.diariosur.es\/wp-content\/uploads\/sites\/12\/2026\/01\/jose-e1769350930848.gif\"><img loading=\"lazy\" class=\"aligncenter size-full wp-image-48758\" src=\"https:\/\/static-blogs.diariosur.es\/wp-content\/uploads\/sites\/12\/2026\/01\/jose-e1769350930848.gif\" alt=\"\" width=\"1000\" height=\"700\" \/><\/a><\/p>\n<p data-pm-slice=\"1 1 []\">Se esperan rachas de viento muy fuertes a partir del martes.<\/p>\n<p data-pm-slice=\"1 1 []\">Echaros piedras en los bolsillos en muchos puntos de la pen\u00ednsula.<\/p>\n<p data-pm-slice=\"1 1 []\">Haremos un seguimiento especial de Joseph. Recordar que el lunes y martes, de momento, la comarca de Ronda entra en aviso amarillo por viento. Tambi\u00e9n el martes por lluvias.<\/p>\n<p data-pm-slice=\"1 1 []\">Os dejo con esta foto de mi amiga Cristina P\u00e9rez<\/p>\n<p data-pm-slice=\"1 1 []\"><a href=\"https:\/\/static-blogs.diariosur.es\/wp-content\/uploads\/sites\/12\/2026\/01\/Autora-de-la-foto-Cristina-Perez-e1769351607835.jpg\"><img loading=\"lazy\" class=\"aligncenter size-full wp-image-48760\" src=\"https:\/\/static-blogs.diariosur.es\/wp-content\/uploads\/sites\/12\/2026\/01\/Autora-de-la-foto-Cristina-Perez-e1769351607835.jpg\" alt=\"\" width=\"690\" height=\"1199\" \/><\/a><\/p>\n","protected":false},"excerpt":{"rendered":"<p>Buenas tardes, amigos de la meteo. La Aemet nombra a la d\u00e9cima borrasca de gran impacto que afectar\u00e1 a la pen\u00ednsula ib\u00e9rica a partir del martes, su nombre Joseph. Os paso el mapa de superficie de la Aemet. Se esperan rachas de viento muy fuertes a partir del martes. Echaros piedras en los bolsillos en [&hellip;]<\/p>\n","protected":false},"author":16,"featured_media":48760,"comment_status":"open","ping_status":"open","sticky":false,"template":"","format":"standard","meta":[],"categories":[2],"tags":[100,151,2101,2102,587,872,1059],"_links":{"self":[{"href":"https:\/\/blogs.diariosur.es\/tormentas-y-rayos\/wp-json\/wp\/v2\/posts\/48757"}],"collection":[{"href":"https:\/\/blogs.diariosur.es\/tormentas-y-rayos\/wp-json\/wp\/v2\/posts"}],"about":[{"href":"https:\/\/blogs.diariosur.es\/tormentas-y-rayos\/wp-json\/wp\/v2\/types\/post"}],"author":[{"embeddable":true,"href":"https:\/\/blogs.diariosur.es\/tormentas-y-rayos\/wp-json\/wp\/v2\/users\/16"}],"replies":[{"embeddable":true,"href":"https:\/\/blogs.diariosur.es\/tormentas-y-rayos\/wp-json\/wp\/v2\/comments?post=48757"}],"version-history":[{"count":3,"href":"https:\/\/blogs.diariosur.es\/tormentas-y-rayos\/wp-json\/wp\/v2\/posts\/48757\/revisions"}],"predecessor-version":[{"id":48763,"href":"https:\/\/blogs.diariosur.es\/tormentas-y-rayos\/wp-json\/wp\/v2\/posts\/48757\/revisions\/48763"}],"wp:featuredmedia":[{"embeddable":true,"href":"https:\/\/blogs.diariosur.es\/tormentas-y-rayos\/wp-json\/wp\/v2\/media\/48760"}],"wp:attachment":[{"href":"https:\/\/blogs.diariosur.es\/tormentas-y-rayos\/wp-json\/wp\/v2\/media?parent=48757"}],"wp:term":[{"taxonomy":"category","embeddable":true,"href":"https:\/\/blogs.diariosur.es\/tormentas-y-rayos\/wp-json\/wp\/v2\/categories?post=48757"},{"taxonomy":"post_tag","embeddable":true,"href":"https:\/\/blogs.diariosur.es\/tormentas-y-rayos\/wp-json\/wp\/v2\/tags?post=48757"}],"curies":[{"name":"wp","href":"https:\/\/api.w.org\/{rel}","templated":true}]}}