{"id":48764,"date":"2026-01-26T08:46:00","date_gmt":"2026-01-26T07:46:00","guid":{"rendered":"https:\/\/blogs.diariosur.es\/tormentas-y-rayos\/?p=48764"},"modified":"2026-01-26T08:46:10","modified_gmt":"2026-01-26T07:46:10","slug":"la-borrasca-joseph-pepe-para-los-amigos-dara-otro-achuchon-a-los-embalses-malaguenos","status":"publish","type":"post","link":"https:\/\/blogs.diariosur.es\/tormentas-y-rayos\/2026\/01\/26\/la-borrasca-joseph-pepe-para-los-amigos-dara-otro-achuchon-a-los-embalses-malaguenos\/","title":{"rendered":"La borrasca Joseph (Pepe para los amigos) dar\u00e1 otro achuch\u00f3n a los embalses malague\u00f1os"},"content":{"rendered":"<p><a href=\"https:\/\/static-blogs.diariosur.es\/wp-content\/uploads\/sites\/12\/2026\/01\/613672492_10236016006599437_3433095068068293617_n.jpg\"><img loading=\"lazy\" class=\"aligncenter size-thumbnail wp-image-48524\" src=\"https:\/\/static-blogs.diariosur.es\/wp-content\/uploads\/sites\/12\/2026\/01\/613672492_10236016006599437_3433095068068293617_n-150x150.jpg\" alt=\"\" width=\"150\" height=\"150\" srcset=\"https:\/\/static-blogs.diariosur.es\/wp-content\/uploads\/sites\/12\/2026\/01\/613672492_10236016006599437_3433095068068293617_n-150x150.jpg 150w, https:\/\/static-blogs.diariosur.es\/wp-content\/uploads\/sites\/12\/2026\/01\/613672492_10236016006599437_3433095068068293617_n-401x400.jpg 401w, https:\/\/static-blogs.diariosur.es\/wp-content\/uploads\/sites\/12\/2026\/01\/613672492_10236016006599437_3433095068068293617_n-409x408.jpg 409w, https:\/\/static-blogs.diariosur.es\/wp-content\/uploads\/sites\/12\/2026\/01\/613672492_10236016006599437_3433095068068293617_n-768x765.jpg 768w, https:\/\/static-blogs.diariosur.es\/wp-content\/uploads\/sites\/12\/2026\/01\/613672492_10236016006599437_3433095068068293617_n.jpg 1440w\" sizes=\"(max-width: 150px) 100vw, 150px\" \/><\/a><\/p>\n<p>Buenos d\u00edas, amigos de la meteo. Cuando son las siete de la ma\u00f1ana en M\u00e1laga capital, mi estaci\u00f3n meteorol\u00f3gica registra 12,5 \u00b0C, los cielos est\u00e1n algo nubosos y durante la madrugada se han registrado algunas precipitaciones en algunos puntos de la provincia malague\u00f1a.<\/p>\n<p>Destacar ayer domingpo la tempertura m\u00e1xima que registro el aeropuerto de M\u00e1laga con 18,4 \u00baC.<\/p>\n<h3><span style=\"color: #0000ff;\"><strong>La borrasca Joseph (Pepe para los amigos) dar\u00e1 otro achuch\u00f3n a los embalses malague\u00f1os<\/strong><\/span><\/h3>\n<p data-pm-slice=\"1 1 []\">Como muchos sab\u00e9is, la provincia de M\u00e1laga es la m\u00e1s chica de nuestra comunidad andaluza, pero tiene muchos microclimas. Este episodio que trae la borrasca Pepe, perd\u00f3n, Joseph, dar\u00e1 buenos acumulados a la Axarqu\u00eda y comarca de Ronda. La media de los embalses malague\u00f1os esta al 60,45 %.<\/p>\n<p data-pm-slice=\"1 1 []\">El frente empezar\u00e1 a cruzar ma\u00f1ana martes nuestra provincia a partir de primeras horas de la ma\u00f1ana.<\/p>\n<p data-pm-slice=\"1 1 []\">Os pongo los avisos para ma\u00f1ana martes. Es probable que la aemet los vuelva a actualizar durante el d\u00eda de hoy.<\/p>\n<p data-pm-slice=\"1 1 []\"><span style=\"color: #ff0000;\"><strong>Avisos por lluvias<\/strong><\/span><\/p>\n<p data-pm-slice=\"1 1 []\">Comarca de Ronda<\/p>\n<p data-pm-slice=\"1 1 []\">Precipitaci\u00f3n acumulada en una hora: 20 mm.<\/p>\n<p data-pm-slice=\"1 1 []\">Precipitaci\u00f3n acumulada en 12 horas: 70 mm.<\/p>\n<p data-pm-slice=\"1 1 []\">Axarqu\u00eda<\/p>\n<p data-pm-slice=\"1 1 []\">Precipitaci\u00f3n acumulada en una hora: 20 mm.<\/p>\n<p data-pm-slice=\"1 1 []\">Precipitaci\u00f3n acumulada en 12 horas: 40 mm.<\/p>\n<p data-pm-slice=\"1 1 []\"><span style=\"color: #ff0000;\"><strong>Aviso por viento en Sol, Guadalhorce y comarca de Ronda.<\/strong><\/span><\/p>\n<p data-pm-slice=\"1 1 []\">Rachas m\u00e1ximas: 70 km\/h. Vientos de componente oeste.<\/p>\n<p data-pm-slice=\"1 1 []\">Os dejo con este fot\u00f3n de mi amigo Crist\u00f3bal Gambero en Mijas Pueblo. y unas palabras suyas sobre la foto.<\/p>\n<p data-pm-slice=\"1 1 []\"><em>Bueno\u2026me despido comentando la foto de hoy, ya os dije que hoy vendr\u00edan gente bastante ilustre de Liverpool, Inglaterra, aqu\u00ed a Mijas. Pues aqu\u00ed est\u00e1n\u2026 son estos 4 fen\u00f3menos, sus nombre, John, Ringo, Paul y George, \u00bflos hab\u00e9is reconocido?, han venido directamente de Abbey Road donde en 1969 grabaron ese famoso \u00e1lbum\u2026..a darse un pase\u00edto por Mijas, sin olvidarse el paraguas\u2026como buenos ingleses que son.<br class=\"html-br\" \/><br class=\"html-br\" \/>*Foto original de Crist\u00f3bal Gambero, recreando la escena de la portada del disco Abbey Road, lanzado el 26 de septiembre de 1969, el \u00faltimo grabado por la banda The Beatles, composici\u00f3n realizada con la ayuda de la inteligencia artificial.<br class=\"html-br\" \/><\/em><\/p>\n<p data-pm-slice=\"1 1 []\">\n<p data-pm-slice=\"1 1 []\">\n<p data-pm-slice=\"1 1 []\"><a href=\"https:\/\/static-blogs.diariosur.es\/wp-content\/uploads\/sites\/12\/2026\/01\/cristobal-2-e1769413438668.jpg\"><img loading=\"lazy\" class=\"aligncenter size-full wp-image-48771\" src=\"https:\/\/static-blogs.diariosur.es\/wp-content\/uploads\/sites\/12\/2026\/01\/cristobal-2-e1769413438668.jpg\" alt=\"\" width=\"1000\" height=\"667\" \/><\/a><\/p>\n","protected":false},"excerpt":{"rendered":"<p>Buenos d\u00edas, amigos de la meteo. Cuando son las siete de la ma\u00f1ana en M\u00e1laga capital, mi estaci\u00f3n meteorol\u00f3gica registra 12,5 \u00b0C, los cielos est\u00e1n algo nubosos y durante la madrugada se han registrado algunas precipitaciones en algunos puntos de la provincia malague\u00f1a. Destacar ayer domingpo la tempertura m\u00e1xima que registro el aeropuerto de M\u00e1laga [&hellip;]<\/p>\n","protected":false},"author":16,"featured_media":48771,"comment_status":"open","ping_status":"open","sticky":false,"template":"","format":"standard","meta":[],"categories":[2],"tags":[100,151,188,288,358,406,2102,569,587,676,736,800,872,1059],"_links":{"self":[{"href":"https:\/\/blogs.diariosur.es\/tormentas-y-rayos\/wp-json\/wp\/v2\/posts\/48764"}],"collection":[{"href":"https:\/\/blogs.diariosur.es\/tormentas-y-rayos\/wp-json\/wp\/v2\/posts"}],"about":[{"href":"https:\/\/blogs.diariosur.es\/tormentas-y-rayos\/wp-json\/wp\/v2\/types\/post"}],"author":[{"embeddable":true,"href":"https:\/\/blogs.diariosur.es\/tormentas-y-rayos\/wp-json\/wp\/v2\/users\/16"}],"replies":[{"embeddable":true,"href":"https:\/\/blogs.diariosur.es\/tormentas-y-rayos\/wp-json\/wp\/v2\/comments?post=48764"}],"version-history":[{"count":9,"href":"https:\/\/blogs.diariosur.es\/tormentas-y-rayos\/wp-json\/wp\/v2\/posts\/48764\/revisions"}],"predecessor-version":[{"id":48774,"href":"https:\/\/blogs.diariosur.es\/tormentas-y-rayos\/wp-json\/wp\/v2\/posts\/48764\/revisions\/48774"}],"wp:featuredmedia":[{"embeddable":true,"href":"https:\/\/blogs.diariosur.es\/tormentas-y-rayos\/wp-json\/wp\/v2\/media\/48771"}],"wp:attachment":[{"href":"https:\/\/blogs.diariosur.es\/tormentas-y-rayos\/wp-json\/wp\/v2\/media?parent=48764"}],"wp:term":[{"taxonomy":"category","embeddable":true,"href":"https:\/\/blogs.diariosur.es\/tormentas-y-rayos\/wp-json\/wp\/v2\/categories?post=48764"},{"taxonomy":"post_tag","embeddable":true,"href":"https:\/\/blogs.diariosur.es\/tormentas-y-rayos\/wp-json\/wp\/v2\/tags?post=48764"}],"curies":[{"name":"wp","href":"https:\/\/api.w.org\/{rel}","templated":true}]}}