{"id":48775,"date":"2026-01-26T12:38:52","date_gmt":"2026-01-26T11:38:52","guid":{"rendered":"https:\/\/blogs.diariosur.es\/tormentas-y-rayos\/?p=48775"},"modified":"2026-01-26T12:39:47","modified_gmt":"2026-01-26T11:39:47","slug":"se-activa-el-aviso-amarillo-por-lluvias-tambien-en-sol-y-guadalhorce-para-manana-martes","status":"publish","type":"post","link":"https:\/\/blogs.diariosur.es\/tormentas-y-rayos\/2026\/01\/26\/se-activa-el-aviso-amarillo-por-lluvias-tambien-en-sol-y-guadalhorce-para-manana-martes\/","title":{"rendered":"Se activa el aviso amarillo por lluvias tambi\u00e9n en Sol y Guadalhorce para ma\u00f1ana martes"},"content":{"rendered":"<p><a href=\"https:\/\/static-blogs.diariosur.es\/wp-content\/uploads\/sites\/12\/2026\/01\/613672492_10236016006599437_3433095068068293617_n.jpg\"><img loading=\"lazy\" class=\"aligncenter size-thumbnail wp-image-48524\" src=\"https:\/\/static-blogs.diariosur.es\/wp-content\/uploads\/sites\/12\/2026\/01\/613672492_10236016006599437_3433095068068293617_n-150x150.jpg\" alt=\"\" width=\"150\" height=\"150\" srcset=\"https:\/\/static-blogs.diariosur.es\/wp-content\/uploads\/sites\/12\/2026\/01\/613672492_10236016006599437_3433095068068293617_n-150x150.jpg 150w, https:\/\/static-blogs.diariosur.es\/wp-content\/uploads\/sites\/12\/2026\/01\/613672492_10236016006599437_3433095068068293617_n-401x400.jpg 401w, https:\/\/static-blogs.diariosur.es\/wp-content\/uploads\/sites\/12\/2026\/01\/613672492_10236016006599437_3433095068068293617_n-409x408.jpg 409w, https:\/\/static-blogs.diariosur.es\/wp-content\/uploads\/sites\/12\/2026\/01\/613672492_10236016006599437_3433095068068293617_n-768x765.jpg 768w, https:\/\/static-blogs.diariosur.es\/wp-content\/uploads\/sites\/12\/2026\/01\/613672492_10236016006599437_3433095068068293617_n.jpg 1440w\" sizes=\"(max-width: 150px) 100vw, 150px\" \/><\/a><\/p>\n<p>Hola de nuevo, amigos de la meteo. La Aemet activa el aviso amarillo por lluvias para ma\u00f1ana martes en Sol y Guadalhorce.<\/p>\n<p>Precipitaci\u00f3n acumulada en una hora: 15 mm.<\/p>\n<p>Precipitaci\u00f3n acumulada en 12 horas: 40 mm.<\/p>\n<p>A ver si los machos dan leche.<\/p>\n<p>La comarca de Ronda y la Axarqu\u00eda tambi\u00e9n est\u00e1n en aviso como comente esta ma\u00f1ana<\/p>\n<p>El aviso amarillo por viento ser\u00e1 de rachas de 80 km\/h.<\/p>\n<p>&nbsp;<\/p>\n<p>&nbsp;<\/p>\n<p>&nbsp;<\/p>\n","protected":false},"excerpt":{"rendered":"<p>Hola de nuevo, amigos de la meteo. La Aemet activa el aviso amarillo por lluvias para ma\u00f1ana martes en Sol y Guadalhorce. Precipitaci\u00f3n acumulada en una hora: 15 mm. Precipitaci\u00f3n acumulada en 12 horas: 40 mm. A ver si los machos dan leche. La comarca de Ronda y la Axarqu\u00eda tambi\u00e9n est\u00e1n en aviso como [&hellip;]<\/p>\n","protected":false},"author":16,"featured_media":48449,"comment_status":"open","ping_status":"open","sticky":false,"template":"","format":"standard","meta":[],"categories":[2],"tags":[94,151,569,587],"_links":{"self":[{"href":"https:\/\/blogs.diariosur.es\/tormentas-y-rayos\/wp-json\/wp\/v2\/posts\/48775"}],"collection":[{"href":"https:\/\/blogs.diariosur.es\/tormentas-y-rayos\/wp-json\/wp\/v2\/posts"}],"about":[{"href":"https:\/\/blogs.diariosur.es\/tormentas-y-rayos\/wp-json\/wp\/v2\/types\/post"}],"author":[{"embeddable":true,"href":"https:\/\/blogs.diariosur.es\/tormentas-y-rayos\/wp-json\/wp\/v2\/users\/16"}],"replies":[{"embeddable":true,"href":"https:\/\/blogs.diariosur.es\/tormentas-y-rayos\/wp-json\/wp\/v2\/comments?post=48775"}],"version-history":[{"count":2,"href":"https:\/\/blogs.diariosur.es\/tormentas-y-rayos\/wp-json\/wp\/v2\/posts\/48775\/revisions"}],"predecessor-version":[{"id":48777,"href":"https:\/\/blogs.diariosur.es\/tormentas-y-rayos\/wp-json\/wp\/v2\/posts\/48775\/revisions\/48777"}],"wp:featuredmedia":[{"embeddable":true,"href":"https:\/\/blogs.diariosur.es\/tormentas-y-rayos\/wp-json\/wp\/v2\/media\/48449"}],"wp:attachment":[{"href":"https:\/\/blogs.diariosur.es\/tormentas-y-rayos\/wp-json\/wp\/v2\/media?parent=48775"}],"wp:term":[{"taxonomy":"category","embeddable":true,"href":"https:\/\/blogs.diariosur.es\/tormentas-y-rayos\/wp-json\/wp\/v2\/categories?post=48775"},{"taxonomy":"post_tag","embeddable":true,"href":"https:\/\/blogs.diariosur.es\/tormentas-y-rayos\/wp-json\/wp\/v2\/tags?post=48775"}],"curies":[{"name":"wp","href":"https:\/\/api.w.org\/{rel}","templated":true}]}}