{"id":48778,"date":"2026-01-27T18:22:18","date_gmt":"2026-01-27T17:22:18","guid":{"rendered":"https:\/\/blogs.diariosur.es\/tormentas-y-rayos\/?p=48778"},"modified":"2026-01-27T18:22:18","modified_gmt":"2026-01-27T17:22:18","slug":"borrasca-kristin-aviso-especial-viento-temporal-maritimo-lluvia-y-nieve","status":"publish","type":"post","link":"https:\/\/blogs.diariosur.es\/tormentas-y-rayos\/2026\/01\/27\/borrasca-kristin-aviso-especial-viento-temporal-maritimo-lluvia-y-nieve\/","title":{"rendered":"Borrasca Kristin. Aviso especial. Viento, temporal mar\u00edtimo, lluvia y nieve"},"content":{"rendered":"<p><a href=\"https:\/\/static-blogs.diariosur.es\/wp-content\/uploads\/sites\/12\/2026\/01\/613672492_10236016006599437_3433095068068293617_n.jpg\"><img loading=\"lazy\" class=\"aligncenter size-thumbnail wp-image-48524\" src=\"https:\/\/static-blogs.diariosur.es\/wp-content\/uploads\/sites\/12\/2026\/01\/613672492_10236016006599437_3433095068068293617_n-150x150.jpg\" alt=\"\" width=\"150\" height=\"150\" srcset=\"https:\/\/static-blogs.diariosur.es\/wp-content\/uploads\/sites\/12\/2026\/01\/613672492_10236016006599437_3433095068068293617_n-150x150.jpg 150w, https:\/\/static-blogs.diariosur.es\/wp-content\/uploads\/sites\/12\/2026\/01\/613672492_10236016006599437_3433095068068293617_n-401x400.jpg 401w, https:\/\/static-blogs.diariosur.es\/wp-content\/uploads\/sites\/12\/2026\/01\/613672492_10236016006599437_3433095068068293617_n-409x408.jpg 409w, https:\/\/static-blogs.diariosur.es\/wp-content\/uploads\/sites\/12\/2026\/01\/613672492_10236016006599437_3433095068068293617_n-768x765.jpg 768w, https:\/\/static-blogs.diariosur.es\/wp-content\/uploads\/sites\/12\/2026\/01\/613672492_10236016006599437_3433095068068293617_n.jpg 1440w\" sizes=\"(max-width: 150px) 100vw, 150px\" \/><\/a><\/p>\n<p>Buenas tardes, amigos de la meteo. La peque\u00f1a pero profunda borrasca Kristin provocar\u00e1 tiempo muy adverso en la pen\u00ednsula ib\u00e9rica ma\u00f1ana mi\u00e9rcoles. Es la boorasca numero 11 de gran impacto nombrada por IPMA.<\/p>\n<p>Fuente Aemet<\/p>\n<p>Ma\u00f1ana, mi\u00e9rcoles 28, se espera el d\u00eda de mayor adversidad, con la entrada desde el Atl\u00e1ntico de Kristin, cruzando r\u00e1pidamente nuestro pa\u00eds de oeste a este. El impacto de mayor relevancia asociada a la misma ser\u00e1 la intensificaci\u00f3n del viento, con rachas muy fuertes superiores a 90 km\/h que se podr\u00e1n extender por gran parte de la mitad sur peninsular, meseta norte y Baleares, y sin descartar que se superen localmente los 120 km\/h en puntos del extremo sureste peninsular. Asociado a la intensificaci\u00f3n del viento, se producir\u00e1 un empeoramiento del estado del mar, y que ser\u00e1 especialmente significativo por su impacto en el sur del \u00e1rea mediterr\u00e1nea, pudi\u00e9ndose superar los 4-6 m de altura de ola significativa. En cuanto a las precipitaciones, continuar\u00e1n siendo generalizadas y con las mayores acumulaciones esper\u00e1ndose de nuevo en zonas de realce orogr\u00e1fico del extremo sur peninsular, con valores que podr\u00e1n superar hasta los 80 mm\/12 h. Por otro lado, la cota de nieve se situar\u00e1 en apenas 600-700 m durante la madrugada y primeras horas en amplias zonas de la mitad norte peninsular, con nevadas que ser\u00e1n significativas en torno a las principales \u00e1reas monta\u00f1osas del centro y norte peninsular, as\u00ed como en amplias zonas de la meseta Norte, donde localmente se podr\u00eda superar los 5 cm de espesor. Durante la tarde se espera un r\u00e1pido ascenso de la cota de nieve, quedando las nevadas relegadas a zonas monta\u00f1osas.<\/p>\n<p>A partir del jueves 29, tras el paso de Kristin, se espera que la situaci\u00f3n vaya mejorando progresivamente, si bien la intensa circulaci\u00f3n atl\u00e1ntica continuar\u00e1 afect\u00e1ndonos durante gran parte del resto de la semana, con precipitaciones que ser\u00e1n m\u00e1s abundantes en la vertiente atl\u00e1ntica peninsular, vientos de componente oeste que continuar\u00e1n originando rachas localmente muy fuertes y temporal mar\u00edtimo en nuestras costas.<\/p>\n<p><strong>Mucha precauc\u00ed\u00f3n.<\/strong><\/p>\n<p>Os paso los mapas de avisos<\/p>\n<p><strong>VIENTO<\/strong><\/p>\n<p>&nbsp;<\/p>\n<p><a href=\"https:\/\/static-blogs.diariosur.es\/wp-content\/uploads\/sites\/12\/2026\/01\/viento.jpg\"><img loading=\"lazy\" class=\"aligncenter size-full wp-image-48779\" src=\"https:\/\/static-blogs.diariosur.es\/wp-content\/uploads\/sites\/12\/2026\/01\/viento.jpg\" alt=\"\" width=\"1037\" height=\"822\" srcset=\"https:\/\/static-blogs.diariosur.es\/wp-content\/uploads\/sites\/12\/2026\/01\/viento.jpg 1037w, https:\/\/static-blogs.diariosur.es\/wp-content\/uploads\/sites\/12\/2026\/01\/viento-505x400.jpg 505w, https:\/\/static-blogs.diariosur.es\/wp-content\/uploads\/sites\/12\/2026\/01\/viento-515x408.jpg 515w, https:\/\/static-blogs.diariosur.es\/wp-content\/uploads\/sites\/12\/2026\/01\/viento-768x609.jpg 768w\" sizes=\"(max-width: 1037px) 100vw, 1037px\" \/><\/a><\/p>\n<p>&nbsp;<\/p>\n<p><strong>FEN\u00d3MENOS COSTEROS\u00a0<\/strong><\/p>\n<p>&nbsp;<\/p>\n<p><a href=\"https:\/\/static-blogs.diariosur.es\/wp-content\/uploads\/sites\/12\/2026\/01\/costeros.jpg\"><img loading=\"lazy\" class=\"aligncenter size-full wp-image-48780\" src=\"https:\/\/static-blogs.diariosur.es\/wp-content\/uploads\/sites\/12\/2026\/01\/costeros.jpg\" alt=\"\" width=\"1054\" height=\"825\" srcset=\"https:\/\/static-blogs.diariosur.es\/wp-content\/uploads\/sites\/12\/2026\/01\/costeros.jpg 1054w, https:\/\/static-blogs.diariosur.es\/wp-content\/uploads\/sites\/12\/2026\/01\/costeros-511x400.jpg 511w, https:\/\/static-blogs.diariosur.es\/wp-content\/uploads\/sites\/12\/2026\/01\/costeros-521x408.jpg 521w, https:\/\/static-blogs.diariosur.es\/wp-content\/uploads\/sites\/12\/2026\/01\/costeros-768x601.jpg 768w\" sizes=\"(max-width: 1054px) 100vw, 1054px\" \/><\/a><\/p>\n<p>&nbsp;<\/p>\n<p><strong>LLUVIAS<\/strong><\/p>\n<p>Mucha precauc\u00edon en la comarca de Ronda.<\/p>\n<p>&nbsp;<\/p>\n<p><a href=\"https:\/\/static-blogs.diariosur.es\/wp-content\/uploads\/sites\/12\/2026\/01\/lluvias.jpg\"><img loading=\"lazy\" class=\"aligncenter size-full wp-image-48781\" src=\"https:\/\/static-blogs.diariosur.es\/wp-content\/uploads\/sites\/12\/2026\/01\/lluvias.jpg\" alt=\"\" width=\"1033\" height=\"833\" srcset=\"https:\/\/static-blogs.diariosur.es\/wp-content\/uploads\/sites\/12\/2026\/01\/lluvias.jpg 1033w, https:\/\/static-blogs.diariosur.es\/wp-content\/uploads\/sites\/12\/2026\/01\/lluvias-496x400.jpg 496w, https:\/\/static-blogs.diariosur.es\/wp-content\/uploads\/sites\/12\/2026\/01\/lluvias-506x408.jpg 506w, https:\/\/static-blogs.diariosur.es\/wp-content\/uploads\/sites\/12\/2026\/01\/lluvias-768x619.jpg 768w\" sizes=\"(max-width: 1033px) 100vw, 1033px\" \/><\/a><\/p>\n<p>&nbsp;<\/p>\n","protected":false},"excerpt":{"rendered":"<p>Buenas tardes, amigos de la meteo. La peque\u00f1a pero profunda borrasca Kristin provocar\u00e1 tiempo muy adverso en la pen\u00ednsula ib\u00e9rica ma\u00f1ana mi\u00e9rcoles. Es la boorasca numero 11 de gran impacto nombrada por IPMA. Fuente Aemet Ma\u00f1ana, mi\u00e9rcoles 28, se espera el d\u00eda de mayor adversidad, con la entrada desde el Atl\u00e1ntico de Kristin, cruzando r\u00e1pidamente [&hellip;]<\/p>\n","protected":false},"author":16,"featured_media":48782,"comment_status":"open","ping_status":"open","sticky":false,"template":"","format":"standard","meta":[],"categories":[2],"tags":[94,100,151,188,2103,587,2104],"_links":{"self":[{"href":"https:\/\/blogs.diariosur.es\/tormentas-y-rayos\/wp-json\/wp\/v2\/posts\/48778"}],"collection":[{"href":"https:\/\/blogs.diariosur.es\/tormentas-y-rayos\/wp-json\/wp\/v2\/posts"}],"about":[{"href":"https:\/\/blogs.diariosur.es\/tormentas-y-rayos\/wp-json\/wp\/v2\/types\/post"}],"author":[{"embeddable":true,"href":"https:\/\/blogs.diariosur.es\/tormentas-y-rayos\/wp-json\/wp\/v2\/users\/16"}],"replies":[{"embeddable":true,"href":"https:\/\/blogs.diariosur.es\/tormentas-y-rayos\/wp-json\/wp\/v2\/comments?post=48778"}],"version-history":[{"count":1,"href":"https:\/\/blogs.diariosur.es\/tormentas-y-rayos\/wp-json\/wp\/v2\/posts\/48778\/revisions"}],"predecessor-version":[{"id":48783,"href":"https:\/\/blogs.diariosur.es\/tormentas-y-rayos\/wp-json\/wp\/v2\/posts\/48778\/revisions\/48783"}],"wp:featuredmedia":[{"embeddable":true,"href":"https:\/\/blogs.diariosur.es\/tormentas-y-rayos\/wp-json\/wp\/v2\/media\/48782"}],"wp:attachment":[{"href":"https:\/\/blogs.diariosur.es\/tormentas-y-rayos\/wp-json\/wp\/v2\/media?parent=48778"}],"wp:term":[{"taxonomy":"category","embeddable":true,"href":"https:\/\/blogs.diariosur.es\/tormentas-y-rayos\/wp-json\/wp\/v2\/categories?post=48778"},{"taxonomy":"post_tag","embeddable":true,"href":"https:\/\/blogs.diariosur.es\/tormentas-y-rayos\/wp-json\/wp\/v2\/tags?post=48778"}],"curies":[{"name":"wp","href":"https:\/\/api.w.org\/{rel}","templated":true}]}}