{"id":48784,"date":"2026-01-27T20:08:06","date_gmt":"2026-01-27T19:08:06","guid":{"rendered":"https:\/\/blogs.diariosur.es\/tormentas-y-rayos\/?p=48784"},"modified":"2026-01-27T20:08:06","modified_gmt":"2026-01-27T19:08:06","slug":"utima-hora-se-activa-el-aviso-rojo-y-naranja-por-viento-en-andalucia","status":"publish","type":"post","link":"https:\/\/blogs.diariosur.es\/tormentas-y-rayos\/2026\/01\/27\/utima-hora-se-activa-el-aviso-rojo-y-naranja-por-viento-en-andalucia\/","title":{"rendered":"\u00datima hora: Se activa el aviso rojo y naranja por viento en Andaluc\u00eda"},"content":{"rendered":"<p><a href=\"https:\/\/static-blogs.diariosur.es\/wp-content\/uploads\/sites\/12\/2026\/01\/613672492_10236016006599437_3433095068068293617_n.jpg\"><img loading=\"lazy\" class=\"aligncenter size-thumbnail wp-image-48524\" src=\"https:\/\/static-blogs.diariosur.es\/wp-content\/uploads\/sites\/12\/2026\/01\/613672492_10236016006599437_3433095068068293617_n-150x150.jpg\" alt=\"\" width=\"150\" height=\"150\" srcset=\"https:\/\/static-blogs.diariosur.es\/wp-content\/uploads\/sites\/12\/2026\/01\/613672492_10236016006599437_3433095068068293617_n-150x150.jpg 150w, https:\/\/static-blogs.diariosur.es\/wp-content\/uploads\/sites\/12\/2026\/01\/613672492_10236016006599437_3433095068068293617_n-401x400.jpg 401w, https:\/\/static-blogs.diariosur.es\/wp-content\/uploads\/sites\/12\/2026\/01\/613672492_10236016006599437_3433095068068293617_n-409x408.jpg 409w, https:\/\/static-blogs.diariosur.es\/wp-content\/uploads\/sites\/12\/2026\/01\/613672492_10236016006599437_3433095068068293617_n-768x765.jpg 768w, https:\/\/static-blogs.diariosur.es\/wp-content\/uploads\/sites\/12\/2026\/01\/613672492_10236016006599437_3433095068068293617_n.jpg 1440w\" sizes=\"(max-width: 150px) 100vw, 150px\" \/><\/a><\/p>\n<p>Buenas noches de nuevo. La Aemet activa el aviso rojo por rachas fuertes de viento en <span class=\"la-zona-zona\" data-zona-id=\"610401\">Valle del Almanzora y Los V\u00e9lez<\/span>&#8211;<span class=\"la-zona-provincia\" data-zona-id=\"6104\">Almer\u00eda, rachas m\u00e1ximas: <strong>130 km\/h<\/strong>. Vientos de componente oeste.<\/span><\/p>\n<p>Aviso naranja en zonas de la provincia de M\u00e1laga, rachas m\u00e1ximas: <strong>90 km\/h<\/strong>. Vientos de componente oeste. El aviso se refiere a la mitad occidental de la comarca.<\/p>\n<p>Mucha precauci\u00f3n.<\/p>\n<p>Avisos actualizados por viento<\/p>\n<p>&nbsp;<\/p>\n<p><a href=\"https:\/\/static-blogs.diariosur.es\/wp-content\/uploads\/sites\/12\/2026\/01\/rojo.jpg\"><img loading=\"lazy\" class=\"aligncenter size-full wp-image-48785\" src=\"https:\/\/static-blogs.diariosur.es\/wp-content\/uploads\/sites\/12\/2026\/01\/rojo.jpg\" alt=\"\" width=\"1051\" height=\"819\" srcset=\"https:\/\/static-blogs.diariosur.es\/wp-content\/uploads\/sites\/12\/2026\/01\/rojo.jpg 1051w, https:\/\/static-blogs.diariosur.es\/wp-content\/uploads\/sites\/12\/2026\/01\/rojo-513x400.jpg 513w, https:\/\/static-blogs.diariosur.es\/wp-content\/uploads\/sites\/12\/2026\/01\/rojo-524x408.jpg 524w, https:\/\/static-blogs.diariosur.es\/wp-content\/uploads\/sites\/12\/2026\/01\/rojo-768x598.jpg 768w\" sizes=\"(max-width: 1051px) 100vw, 1051px\" \/><\/a><\/p>\n","protected":false},"excerpt":{"rendered":"<p>Buenas noches de nuevo. La Aemet activa el aviso rojo por rachas fuertes de viento en Valle del Almanzora y Los V\u00e9lez&#8211;Almer\u00eda, rachas m\u00e1ximas: 130 km\/h. Vientos de componente oeste. Aviso naranja en zonas de la provincia de M\u00e1laga, rachas m\u00e1ximas: 90 km\/h. Vientos de componente oeste. El aviso se refiere a la mitad occidental [&hellip;]<\/p>\n","protected":false},"author":16,"featured_media":48785,"comment_status":"open","ping_status":"open","sticky":false,"template":"","format":"standard","meta":[],"categories":[2],"tags":[151,676,872,1059],"_links":{"self":[{"href":"https:\/\/blogs.diariosur.es\/tormentas-y-rayos\/wp-json\/wp\/v2\/posts\/48784"}],"collection":[{"href":"https:\/\/blogs.diariosur.es\/tormentas-y-rayos\/wp-json\/wp\/v2\/posts"}],"about":[{"href":"https:\/\/blogs.diariosur.es\/tormentas-y-rayos\/wp-json\/wp\/v2\/types\/post"}],"author":[{"embeddable":true,"href":"https:\/\/blogs.diariosur.es\/tormentas-y-rayos\/wp-json\/wp\/v2\/users\/16"}],"replies":[{"embeddable":true,"href":"https:\/\/blogs.diariosur.es\/tormentas-y-rayos\/wp-json\/wp\/v2\/comments?post=48784"}],"version-history":[{"count":1,"href":"https:\/\/blogs.diariosur.es\/tormentas-y-rayos\/wp-json\/wp\/v2\/posts\/48784\/revisions"}],"predecessor-version":[{"id":48786,"href":"https:\/\/blogs.diariosur.es\/tormentas-y-rayos\/wp-json\/wp\/v2\/posts\/48784\/revisions\/48786"}],"wp:featuredmedia":[{"embeddable":true,"href":"https:\/\/blogs.diariosur.es\/tormentas-y-rayos\/wp-json\/wp\/v2\/media\/48785"}],"wp:attachment":[{"href":"https:\/\/blogs.diariosur.es\/tormentas-y-rayos\/wp-json\/wp\/v2\/media?parent=48784"}],"wp:term":[{"taxonomy":"category","embeddable":true,"href":"https:\/\/blogs.diariosur.es\/tormentas-y-rayos\/wp-json\/wp\/v2\/categories?post=48784"},{"taxonomy":"post_tag","embeddable":true,"href":"https:\/\/blogs.diariosur.es\/tormentas-y-rayos\/wp-json\/wp\/v2\/tags?post=48784"}],"curies":[{"name":"wp","href":"https:\/\/api.w.org\/{rel}","templated":true}]}}