{"id":48787,"date":"2026-01-29T08:35:19","date_gmt":"2026-01-29T07:35:19","guid":{"rendered":"https:\/\/blogs.diariosur.es\/tormentas-y-rayos\/?p=48787"},"modified":"2026-01-29T08:35:19","modified_gmt":"2026-01-29T07:35:19","slug":"que-dias-de-esta-semana-podemos-poner-lavadoras-tranquilamente-en-la-provincia-de-malaga","status":"publish","type":"post","link":"https:\/\/blogs.diariosur.es\/tormentas-y-rayos\/2026\/01\/29\/que-dias-de-esta-semana-podemos-poner-lavadoras-tranquilamente-en-la-provincia-de-malaga\/","title":{"rendered":"\u00bfQu\u00e9 d\u00edas de esta semana podemos poner lavadoras tranquilamente en la provincia de M\u00e1laga?"},"content":{"rendered":"<p data-pm-slice=\"1 1 []\"><a href=\"https:\/\/static-blogs.diariosur.es\/wp-content\/uploads\/sites\/12\/2026\/01\/613672492_10236016006599437_3433095068068293617_n.jpg\"><img loading=\"lazy\" class=\"aligncenter size-thumbnail wp-image-48524\" src=\"https:\/\/static-blogs.diariosur.es\/wp-content\/uploads\/sites\/12\/2026\/01\/613672492_10236016006599437_3433095068068293617_n-150x150.jpg\" alt=\"\" width=\"150\" height=\"150\" srcset=\"https:\/\/static-blogs.diariosur.es\/wp-content\/uploads\/sites\/12\/2026\/01\/613672492_10236016006599437_3433095068068293617_n-150x150.jpg 150w, https:\/\/static-blogs.diariosur.es\/wp-content\/uploads\/sites\/12\/2026\/01\/613672492_10236016006599437_3433095068068293617_n-401x400.jpg 401w, https:\/\/static-blogs.diariosur.es\/wp-content\/uploads\/sites\/12\/2026\/01\/613672492_10236016006599437_3433095068068293617_n-409x408.jpg 409w, https:\/\/static-blogs.diariosur.es\/wp-content\/uploads\/sites\/12\/2026\/01\/613672492_10236016006599437_3433095068068293617_n-768x765.jpg 768w, https:\/\/static-blogs.diariosur.es\/wp-content\/uploads\/sites\/12\/2026\/01\/613672492_10236016006599437_3433095068068293617_n.jpg 1440w\" sizes=\"(max-width: 150px) 100vw, 150px\" \/><\/a><\/p>\n<p data-pm-slice=\"1 1 []\">Buenos d\u00edas, amigos de la meteo. Hoy jueves a las 6:30 de la ma\u00f1ana, mi estaci\u00f3n meteorol\u00f3gica registraba 18,2\u00b0C; abr\u00ed las ventanas para comprobarlo y era cierto. Otras estaciones de aficionados a la meteorolog\u00eda tambi\u00e9n marcaban esa temperatura. Luego, sobre las ocho de la ma\u00f1ana, baj\u00f3 a 15 \u00b0C.<\/p>\n<p>Hoy hay nuevamente probabilidad de chubascos por la tarde-noche, siendo m\u00e1s probables por el interior.<\/p>\n<h3><span style=\"color: #ff0000;\"><strong>\u00bfQu\u00e9 d\u00edas de esta semana podemos poner lavadoras tranquilamente en la provincia de M\u00e1laga?<\/strong><\/span><\/h3>\n<p data-pm-slice=\"1 1 []\">El d\u00eda con menor probabilidad de precipitaciones en toda la provincia ser\u00e1 el s\u00e1bado; de todas formas, ma\u00f1ana viernes por la tarde baja tambi\u00e9n la probabilidad. En cuanto al domingo, a\u00fan no est\u00e1 claro.<\/p>\n<p data-pm-slice=\"1 1 []\">El viento de terral ayudar\u00e1 a secar la ropa antes.<\/p>\n<p>Os dejo con este collage que me ha hecho mi amigo Crist\u00f3bal Gambero con fotos suyas y otra m\u00eda.<\/p>\n<p>&nbsp;<\/p>\n<p>&nbsp;<\/p>\n<p><a href=\"https:\/\/static-blogs.diariosur.es\/wp-content\/uploads\/sites\/12\/2026\/01\/IMG-20260129-WA0001-e1769670734389.jpg\"><img loading=\"lazy\" class=\"aligncenter size-full wp-image-48806\" src=\"https:\/\/static-blogs.diariosur.es\/wp-content\/uploads\/sites\/12\/2026\/01\/IMG-20260129-WA0001-e1769670734389.jpg\" alt=\"\" width=\"900\" height=\"868\" \/><\/a><\/p>\n","protected":false},"excerpt":{"rendered":"<p>Buenos d\u00edas, amigos de la meteo. Hoy jueves a las 6:30 de la ma\u00f1ana, mi estaci\u00f3n meteorol\u00f3gica registraba 18,2\u00b0C; abr\u00ed las ventanas para comprobarlo y era cierto. Otras estaciones de aficionados a la meteorolog\u00eda tambi\u00e9n marcaban esa temperatura. Luego, sobre las ocho de la ma\u00f1ana, baj\u00f3 a 15 \u00b0C. Hoy hay nuevamente probabilidad de chubascos [&hellip;]<\/p>\n","protected":false},"author":16,"featured_media":48806,"comment_status":"open","ping_status":"open","sticky":false,"template":"","format":"standard","meta":[],"categories":[2],"tags":[151,188,2103,1423,569,676,1059],"_links":{"self":[{"href":"https:\/\/blogs.diariosur.es\/tormentas-y-rayos\/wp-json\/wp\/v2\/posts\/48787"}],"collection":[{"href":"https:\/\/blogs.diariosur.es\/tormentas-y-rayos\/wp-json\/wp\/v2\/posts"}],"about":[{"href":"https:\/\/blogs.diariosur.es\/tormentas-y-rayos\/wp-json\/wp\/v2\/types\/post"}],"author":[{"embeddable":true,"href":"https:\/\/blogs.diariosur.es\/tormentas-y-rayos\/wp-json\/wp\/v2\/users\/16"}],"replies":[{"embeddable":true,"href":"https:\/\/blogs.diariosur.es\/tormentas-y-rayos\/wp-json\/wp\/v2\/comments?post=48787"}],"version-history":[{"count":4,"href":"https:\/\/blogs.diariosur.es\/tormentas-y-rayos\/wp-json\/wp\/v2\/posts\/48787\/revisions"}],"predecessor-version":[{"id":48809,"href":"https:\/\/blogs.diariosur.es\/tormentas-y-rayos\/wp-json\/wp\/v2\/posts\/48787\/revisions\/48809"}],"wp:featuredmedia":[{"embeddable":true,"href":"https:\/\/blogs.diariosur.es\/tormentas-y-rayos\/wp-json\/wp\/v2\/media\/48806"}],"wp:attachment":[{"href":"https:\/\/blogs.diariosur.es\/tormentas-y-rayos\/wp-json\/wp\/v2\/media?parent=48787"}],"wp:term":[{"taxonomy":"category","embeddable":true,"href":"https:\/\/blogs.diariosur.es\/tormentas-y-rayos\/wp-json\/wp\/v2\/categories?post=48787"},{"taxonomy":"post_tag","embeddable":true,"href":"https:\/\/blogs.diariosur.es\/tormentas-y-rayos\/wp-json\/wp\/v2\/tags?post=48787"}],"curies":[{"name":"wp","href":"https:\/\/api.w.org\/{rel}","templated":true}]}}