{"id":4883,"date":"2013-02-05T11:20:37","date_gmt":"2013-02-05T10:20:37","guid":{"rendered":"http:\/\/blogs.diariosur.es\/tormentas-y-rayos\/?p=4883"},"modified":"2013-02-05T11:20:37","modified_gmt":"2013-02-05T10:20:37","slug":"alerta-amarilla-por-viento-nuevo-juego-impresionante-imagen-de-polvo-en-suspension-en-canarias","status":"publish","type":"post","link":"https:\/\/blogs.diariosur.es\/tormentas-y-rayos\/2013\/02\/05\/alerta-amarilla-por-viento-nuevo-juego-impresionante-imagen-de-polvo-en-suspension-en-canarias\/","title":{"rendered":"Alerta amarilla por viento.&#8221; Nuevo juego&#8221;. Impresionante imagen de polvo en suspensi\u00f3n en Canarias."},"content":{"rendered":"<p><strong><span style=\"color: #ff0000;\">ACTUALIZACI\u00d3N MIRCOLES 6-2-2013, un poco mas abajo del post\u00a0pod\u00e9is\u00a0ver la explicaci\u00f3n de este nuevo episodio de viento y \u00a0el juego.\u00a0<\/span><\/strong><\/p>\n<p>&nbsp;<\/p>\n<p><span style=\"color: #ff00ff;\"><strong>ULTIMA HORA: SE ACTIVA LA ALERTA AMARILLA , PARA TODA LA COSTA MALAGUE\u00d1A Y GUADALHORCE.<\/strong><\/span><\/p>\n<p>&nbsp;<\/p>\n<p><strong><span><span style=\"color: #0000ff;\">Buenos dias amigos de la meteo, son las seis de la ma\u00f1ana y registro 13 grados. Actualizo en blog para contaros un par de cosas. Lo primero que el terral de invierno ya es protagonista, \u00a0se han alcanzado rachas de 48 km\/h. Esta racha se ha dado en el Centro\u00a0Meteorol\u00f3gico\u00a0de Teatinos, concretamente a las 2,50 minutos. Pienso que la Aemet ampliara la alerta amarilla\u00a0tambi\u00e9n\u00a0a M\u00e1laga Capital. \u00a0A partir de la\u00a0pr\u00f3xima\u00a0madrugada las rachas no\u00a0ser\u00e1n\u00a0tan fuertes, pero el\u00a0fr\u00edo\u00a0tomara protagonismo. Hoy\u00a0mi\u00e9rcoles\u00a0 la maxima puede estar cercana a los 17 \u00a0grados, pero en el momento que entre la masa de aire fr\u00edo bajaran las temperaturas, que unido a la sensaci\u00f3n\u00a0t\u00e9rmica\u00a0debido al viento, lo notaremos mas.<\/span><\/span><\/strong><\/p>\n<p><strong><span style=\"color: #0000ff;\">Ayer\u00a0ocurri\u00f3\u00a0una cosa curiosa, la maxima la dimos sobre las cinco de la tarde con 21,2 grados, sobre esa hora entro el terral y como aun las isos a 1500 hpa estaban altas se dio esa\u00a0circunstancia<\/span><span style=\"color: #0000ff;\">. Un poco mas abajo un puse ayer una secuencia de como entra la bajada de temperaturas. Os dejo con la explicaci\u00f3n y gracias por las respuestas del juego.<\/span><\/strong><\/p>\n<p>&nbsp;<\/p>\n<p><strong>Buenos d\u00edas amigos de la meteo.<span style=\"color: #008000;\"> MARTES 5-2-2013<\/span><\/strong><\/p>\n<p><strong>De nuevo el mi\u00e9rcoles entramos en alerta amarilla por viento en la provincia malague\u00f1a. Siendo la zona de la axarqu\u00eda, \u00a0la que mayor probabilidad tiene de rachas mas\u00a0fuertes\u00a0A partir de las nueve de la ma\u00f1ana del\u00a0mi\u00e9rcoles\u00a06 y hasta las 20.00\u00a0estar\u00e1\u00a0activa.<\/strong><\/p>\n<p><a href=\"https:\/\/blogs.diariosur.es\/tormentas-y-rayos\/2013\/02\/05\/alerta-amarilla-por-viento-nuevo-juego-impresionante-imagen-de-polvo-en-suspension-en-canarias\/alerta-amarilla-4\/\" rel=\"attachment wp-att-4895\"><img loading=\"lazy\" class=\"aligncenter size-full wp-image-4895\" title=\"alerta amarilla\" src=\"\/tormentas-y-rayos\/wp-content\/uploads\/sites\/12\/2013\/02\/alerta-amarilla.jpg\" alt=\"\" width=\"558\" height=\"397\" \/><\/a><\/p>\n<p>&nbsp;<\/p>\n<p><strong>Una potente \u00a0borrasca que se situara en el continente europeo, y la posici\u00f3n del anticicl\u00f3n en el Atl\u00e1ntico , favorecer\u00e1 la entrada de viento del norte en toda la\u00a0pen\u00ednsula\u00a0 Al estar las isobaras muy juntas, el viento soplara muy fuerte.<\/strong><\/p>\n<p><strong>\u00a0Os paso una imagen del modelo hirlam fuente aemet.<\/strong><\/p>\n<p>&nbsp;<\/p>\n<p><a href=\"https:\/\/blogs.diariosur.es\/tormentas-y-rayos\/2013\/02\/05\/alerta-amarilla-por-viento-nuevo-juego-impresionante-imagen-de-polvo-en-suspension-en-canarias\/isobaras-2\/\" rel=\"attachment wp-att-4885\"><img loading=\"lazy\" class=\"aligncenter size-full wp-image-4885\" title=\"isobaras\" src=\"\/tormentas-y-rayos\/wp-content\/uploads\/sites\/12\/2013\/02\/isobaras1.jpg\" alt=\"\" width=\"674\" height=\"416\" srcset=\"https:\/\/static-blogs.diariosur.es\/wp-content\/uploads\/sites\/12\/2013\/02\/isobaras1.jpg 674w, https:\/\/static-blogs.diariosur.es\/wp-content\/uploads\/sites\/12\/2013\/02\/isobaras1-640x395.jpg 640w\" sizes=\"(max-width: 674px) 100vw, 674px\" \/><\/a><\/p>\n<p>&nbsp;<\/p>\n<p><strong>\u00a0Esta borrasca trae un frente que entrara esta tarde por el norte peninsular,\u00a0detr\u00e1s\u00a0del frente le precede una vaguada. Os paso esta imagen fuente eumetsat meteogalicia.<\/strong><\/p>\n<p><a href=\"https:\/\/blogs.diariosur.es\/tormentas-y-rayos\/2013\/02\/05\/alerta-amarilla-por-viento-nuevo-juego-impresionante-imagen-de-polvo-en-suspension-en-canarias\/frente-13\/\" rel=\"attachment wp-att-4886\"><img loading=\"lazy\" class=\"aligncenter size-medium wp-image-4886\" title=\"frente\" src=\"\/tormentas-y-rayos\/wp-content\/uploads\/sites\/12\/2013\/02\/frente1.jpg\" alt=\"\" width=\"556\" height=\"400\" srcset=\"https:\/\/static-blogs.diariosur.es\/wp-content\/uploads\/sites\/12\/2013\/02\/frente1.jpg 756w, https:\/\/static-blogs.diariosur.es\/wp-content\/uploads\/sites\/12\/2013\/02\/frente1-557x400.jpg 557w\" sizes=\"(max-width: 556px) 100vw, 556px\" \/><\/a><\/p>\n<p><strong>Esta vaguada traer\u00e1 una bajada de temperaturas paulatinamente a toda la\u00a0pen\u00ednsula.\u00a0 Las isos a 850 hpa, que hoy est\u00e1n entre los 4 y los 10 grados en la\u00a0pen\u00ednsula\u00a0ir\u00e1n bajando. Os paso una secuencia de la pagina de meteociel, para que ve\u00e1is como baja la temperatura a 1500 metros.\u00a0<\/strong><\/p>\n<p><strong>\u00a0\u00a0<a href=\"https:\/\/blogs.diariosur.es\/tormentas-y-rayos\/2013\/02\/05\/alerta-amarilla-por-viento-nuevo-juego-impresionante-imagen-de-polvo-en-suspension-en-canarias\/iso-4-2\/\" rel=\"attachment wp-att-4888\"><img loading=\"lazy\" class=\"aligncenter size-medium wp-image-4888\" title=\"iso 4\" src=\"\/tormentas-y-rayos\/wp-content\/uploads\/sites\/12\/2013\/02\/iso-4.jpg\" alt=\"\" width=\"600\" height=\"386\" srcset=\"https:\/\/static-blogs.diariosur.es\/wp-content\/uploads\/sites\/12\/2013\/02\/iso-4.jpg 749w, https:\/\/static-blogs.diariosur.es\/wp-content\/uploads\/sites\/12\/2013\/02\/iso-4-622x400.jpg 622w\" sizes=\"(max-width: 600px) 100vw, 600px\" \/><\/a><a href=\"https:\/\/blogs.diariosur.es\/tormentas-y-rayos\/2013\/02\/05\/alerta-amarilla-por-viento-nuevo-juego-impresionante-imagen-de-polvo-en-suspension-en-canarias\/iso2\/\" rel=\"attachment wp-att-4889\"><img loading=\"lazy\" class=\"aligncenter size-medium wp-image-4889\" title=\"iso2\" src=\"\/tormentas-y-rayos\/wp-content\/uploads\/sites\/12\/2013\/02\/iso2.jpg\" alt=\"\" width=\"587\" height=\"400\" srcset=\"https:\/\/static-blogs.diariosur.es\/wp-content\/uploads\/sites\/12\/2013\/02\/iso2.jpg 717w, https:\/\/static-blogs.diariosur.es\/wp-content\/uploads\/sites\/12\/2013\/02\/iso2-588x400.jpg 588w\" sizes=\"(max-width: 587px) 100vw, 587px\" \/><\/a><a href=\"https:\/\/blogs.diariosur.es\/tormentas-y-rayos\/2013\/02\/05\/alerta-amarilla-por-viento-nuevo-juego-impresionante-imagen-de-polvo-en-suspension-en-canarias\/iso-0-2\/\" rel=\"attachment wp-att-4890\"><img loading=\"lazy\" class=\"aligncenter size-medium wp-image-4890\" title=\"iso 0\" src=\"\/tormentas-y-rayos\/wp-content\/uploads\/sites\/12\/2013\/02\/iso-01.jpg\" alt=\"\" width=\"600\" height=\"385\" srcset=\"https:\/\/static-blogs.diariosur.es\/wp-content\/uploads\/sites\/12\/2013\/02\/iso-01.jpg 768w, https:\/\/static-blogs.diariosur.es\/wp-content\/uploads\/sites\/12\/2013\/02\/iso-01-623x400.jpg 623w\" sizes=\"(max-width: 600px) 100vw, 600px\" \/><\/a><\/strong><\/p>\n<p>&nbsp;<\/p>\n<p><strong>Esto har\u00e1 que la nieve caiga a partir de 500 metros en el norte peninsular.<\/strong><\/p>\n<p><strong><span style=\"color: #ff0000;\">En nuestra provincia el viento empezara a soplar esta tarde noche, de momento moderado. Pero a partir de la madrugada del\u00a0mi\u00e9rcoles\u00a0o primeras horas de la ma\u00f1ana, el terral de invierno tomara protagonismo. Las rachas de viento estar\u00e1n cercanas en la capital a los 46 km\/h, siendo mas fuertes en la zona de la Axarquia, donde se sobrepasaran los 60 km\/h. La bajada de temperatura la notaremos a ultima hora de la noche del mi\u00e9rcoles y madrugada del jueves.<\/span><\/strong><\/p>\n<p>&nbsp;<\/p>\n<p><strong>\u00a0<\/strong><\/p>\n<p><strong>Hoy le he echado valor y he tirado para la playa. Los term\u00f3metros marcaban 6 grados, que unido a que iba en la moto la sensaci\u00f3n de fr\u00edo era bestial. El amanecer ha estado sosillo ( ni una nube), pero hemos cargado las pilas los habituales que vamos. Os paso un par de fotos y os pongo el juego.<\/strong><\/p>\n<p><a href=\"https:\/\/blogs.diariosur.es\/tormentas-y-rayos\/2013\/02\/05\/alerta-amarilla-por-viento-nuevo-juego-impresionante-imagen-de-polvo-en-suspension-en-canarias\/olympus-digital-camera-1088\/\" rel=\"attachment wp-att-4891\"><img loading=\"lazy\" class=\"aligncenter size-full wp-image-4891\" title=\"OLYMPUS DIGITAL CAMERA\" src=\"\/tormentas-y-rayos\/wp-content\/uploads\/sites\/12\/2013\/02\/002.jpg\" alt=\"\" width=\"670\" height=\"503\" srcset=\"https:\/\/static-blogs.diariosur.es\/wp-content\/uploads\/sites\/12\/2013\/02\/002.jpg 670w, https:\/\/static-blogs.diariosur.es\/wp-content\/uploads\/sites\/12\/2013\/02\/002-533x400.jpg 533w\" sizes=\"(max-width: 670px) 100vw, 670px\" \/><\/a><\/p>\n<p>&nbsp;<\/p>\n<p><a href=\"https:\/\/blogs.diariosur.es\/tormentas-y-rayos\/2013\/02\/05\/alerta-amarilla-por-viento-nuevo-juego-impresionante-imagen-de-polvo-en-suspension-en-canarias\/olympus-digital-camera-1089\/\" rel=\"attachment wp-att-4892\"><img loading=\"lazy\" class=\"aligncenter size-full wp-image-4892\" title=\"OLYMPUS DIGITAL CAMERA\" src=\"\/tormentas-y-rayos\/wp-content\/uploads\/sites\/12\/2013\/02\/018.jpg\" alt=\"\" width=\"670\" height=\"503\" srcset=\"https:\/\/static-blogs.diariosur.es\/wp-content\/uploads\/sites\/12\/2013\/02\/018.jpg 670w, https:\/\/static-blogs.diariosur.es\/wp-content\/uploads\/sites\/12\/2013\/02\/018-533x400.jpg 533w\" sizes=\"(max-width: 670px) 100vw, 670px\" \/><\/a><\/p>\n<p><strong>\u00a0<\/strong><\/p>\n<p><strong>Antes de nada comentaros que la mayores amplitudes\u00a0t\u00e9rmicas\u00a0se dan en los desiertos. Aunque lo puse en un comentario, se me paso dar la respuesta en el post.<\/strong><\/p>\n<p><strong>Os paso esta imagen de alta\u00a0resoluci\u00f3n\u00a0del\u00a0sat\u00e9lite\u00a0modis, lo que os se\u00f1alo con una flecha que es ? El viernes la soluci\u00f3n<\/strong><\/p>\n<p><a href=\"https:\/\/blogs.diariosur.es\/tormentas-y-rayos\/2013\/02\/05\/alerta-amarilla-por-viento-nuevo-juego-impresionante-imagen-de-polvo-en-suspension-en-canarias\/que-es\/\" rel=\"attachment wp-att-4893\"><img loading=\"lazy\" class=\"aligncenter size-full wp-image-4893\" title=\"que es\" src=\"\/tormentas-y-rayos\/wp-content\/uploads\/sites\/12\/2013\/02\/que-es.jpg\" alt=\"\" width=\"690\" height=\"434\" srcset=\"https:\/\/static-blogs.diariosur.es\/wp-content\/uploads\/sites\/12\/2013\/02\/que-es.jpg 690w, https:\/\/static-blogs.diariosur.es\/wp-content\/uploads\/sites\/12\/2013\/02\/que-es-636x400.jpg 636w\" sizes=\"(max-width: 690px) 100vw, 690px\" \/><\/a><\/p>\n<p><strong>Y para terminar os dejo con esta impresionante imagen de polvo en suspensi\u00f3n entrando en Canarias.<\/strong><\/p>\n<p>&nbsp;<\/p>\n<p><a href=\"https:\/\/blogs.diariosur.es\/tormentas-y-rayos\/2013\/02\/05\/alerta-amarilla-por-viento-nuevo-juego-impresionante-imagen-de-polvo-en-suspension-en-canarias\/canaria\/\" rel=\"attachment wp-att-4894\"><img loading=\"lazy\" class=\"aligncenter size-full wp-image-4894\" title=\"canaria\" src=\"\/tormentas-y-rayos\/wp-content\/uploads\/sites\/12\/2013\/02\/canaria.jpg\" alt=\"\" width=\"718\" height=\"574\" srcset=\"https:\/\/static-blogs.diariosur.es\/wp-content\/uploads\/sites\/12\/2013\/02\/canaria.jpg 718w, https:\/\/static-blogs.diariosur.es\/wp-content\/uploads\/sites\/12\/2013\/02\/canaria-500x400.jpg 500w\" sizes=\"(max-width: 718px) 100vw, 718px\" \/><\/a><\/p>\n<p>&nbsp;<\/p>\n","protected":false},"excerpt":{"rendered":"<p>ACTUALIZACI\u00d3N MIRCOLES 6-2-2013, un poco mas abajo del post\u00a0pod\u00e9is\u00a0ver la explicaci\u00f3n de este nuevo episodio de viento y \u00a0el juego.\u00a0 &nbsp; ULTIMA HORA: SE ACTIVA LA ALERTA AMARILLA , PARA TODA LA COSTA MALAGUE\u00d1A Y GUADALHORCE. &nbsp; Buenos dias amigos de la meteo, son las seis de la ma\u00f1ana y registro 13 grados. Actualizo en [&hellip;]<\/p>\n","protected":false},"author":16,"featured_media":4894,"comment_status":"open","ping_status":"closed","sticky":false,"template":"","format":"standard","meta":[],"categories":[2],"tags":[63,91,219,499,789,947,1059],"_links":{"self":[{"href":"https:\/\/blogs.diariosur.es\/tormentas-y-rayos\/wp-json\/wp\/v2\/posts\/4883"}],"collection":[{"href":"https:\/\/blogs.diariosur.es\/tormentas-y-rayos\/wp-json\/wp\/v2\/posts"}],"about":[{"href":"https:\/\/blogs.diariosur.es\/tormentas-y-rayos\/wp-json\/wp\/v2\/types\/post"}],"author":[{"embeddable":true,"href":"https:\/\/blogs.diariosur.es\/tormentas-y-rayos\/wp-json\/wp\/v2\/users\/16"}],"replies":[{"embeddable":true,"href":"https:\/\/blogs.diariosur.es\/tormentas-y-rayos\/wp-json\/wp\/v2\/comments?post=4883"}],"version-history":[{"count":0,"href":"https:\/\/blogs.diariosur.es\/tormentas-y-rayos\/wp-json\/wp\/v2\/posts\/4883\/revisions"}],"wp:featuredmedia":[{"embeddable":true,"href":"https:\/\/blogs.diariosur.es\/tormentas-y-rayos\/wp-json\/wp\/v2\/media\/4894"}],"wp:attachment":[{"href":"https:\/\/blogs.diariosur.es\/tormentas-y-rayos\/wp-json\/wp\/v2\/media?parent=4883"}],"wp:term":[{"taxonomy":"category","embeddable":true,"href":"https:\/\/blogs.diariosur.es\/tormentas-y-rayos\/wp-json\/wp\/v2\/categories?post=4883"},{"taxonomy":"post_tag","embeddable":true,"href":"https:\/\/blogs.diariosur.es\/tormentas-y-rayos\/wp-json\/wp\/v2\/tags?post=4883"}],"curies":[{"name":"wp","href":"https:\/\/api.w.org\/{rel}","templated":true}]}}