{"id":4918,"date":"2013-02-08T10:21:51","date_gmt":"2013-02-08T09:21:51","guid":{"rendered":"http:\/\/blogs.diariosur.es\/tormentas-y-rayos\/?p=4918"},"modified":"2013-02-08T10:21:51","modified_gmt":"2013-02-08T09:21:51","slug":"prediccion-del-tiempo-fin-de-semana-madrugada-del-domingo-muy-fria-nuevo-juego","status":"publish","type":"post","link":"https:\/\/blogs.diariosur.es\/tormentas-y-rayos\/2013\/02\/08\/prediccion-del-tiempo-fin-de-semana-madrugada-del-domingo-muy-fria-nuevo-juego\/","title":{"rendered":"Predicci\u00f3n del tiempo fin de semana. Madrugada del domingo muy fria.&#8221; Nuevo juego&#8221;."},"content":{"rendered":"<p><strong>Buenos dias amigos de la meteo.<\/strong><\/p>\n<p><strong>Antes de daros la predicci\u00f3n del fin de semana y poneros el juego nuevo, <a href=\"https:\/\/blogs.diariosur.es\/tormentas-y-rayos\/2013\/02\/07\/bestiales-impresionantes-fotos-del-incendio-helado-de-chicago-las-islas-britanicas-en-el-cielo-si-en-el-cielo\/\">os paso el enlace del incendio helado de Chicago y la imagen de las Islas Brit\u00e1nicas en el cielo. Es una pasada.<\/a><\/strong><\/p>\n<p><strong>Os recomiendo este<a href=\"http:\/\/blogs.diariosur.es\/borisalas\/\"> blog,<\/a> es de mi amigo Salvador Salas. Seguro que\u00a0tendr\u00e1\u00a0muchas visitas.<\/strong><\/p>\n<p><strong>Ahora mismo son las seis y media de la ma\u00f1ana, registro 7 grados. Pero en muchos puntos de Andaluc\u00eda y \u00a0de nuestra provincia esta helando, como es el caso de la Roda de Andaluc\u00eda, Antequera, Loja, Ecija, C\u00f3rdoba, Granada etc etc. Los cielos est\u00e1n algo nubosos por nuestra provincia,as\u00ed que con vuestro permiso, en un rato tirare para la playa. Durante toda esta semana los amaneceres han estado muyyyyyy sosossss.<\/strong><\/p>\n<p><strong>\u00a0<\/strong><\/p>\n<p><span style=\"color: #ff0000;\"><strong>Empecemos por lo que se espera hoy viernes.<\/strong><\/span><\/p>\n<p><span style=\"color: #0000ff;\"><strong>La m\u00e1xima de hoy rondara los 17 grados, y si los mapas que he visto no fallan, el terral de invierno empezara a soplar durante esta ma\u00f1ana. Un frente frio asociado a una borrasca, que esta en el continente europeo, afecta en estos momentos a la zona norte peninsular. Fuente meteociel<\/strong><\/span><\/p>\n<p><a href=\"https:\/\/blogs.diariosur.es\/tormentas-y-rayos\/2013\/02\/08\/prediccion-del-tiempo-fin-de-semana-madrugada-del-domingo-muy-fria-nuevo-juego\/viernes-11\/\" rel=\"attachment wp-att-4919\"><img loading=\"lazy\" class=\"aligncenter size-medium wp-image-4919\" title=\"viernes\" src=\"\/tormentas-y-rayos\/wp-content\/uploads\/sites\/12\/2013\/02\/viernes.jpg\" alt=\"\" width=\"600\" height=\"380\" srcset=\"https:\/\/static-blogs.diariosur.es\/wp-content\/uploads\/sites\/12\/2013\/02\/viernes.jpg 767w, https:\/\/static-blogs.diariosur.es\/wp-content\/uploads\/sites\/12\/2013\/02\/viernes-631x400.jpg 631w\" sizes=\"(max-width: 600px) 100vw, 600px\" \/><\/a><\/p>\n<p><span style=\"color: #0000ff;\"><strong>Como la configuraci\u00f3n es algo \u00a0parecida a la que se ha dado esta semana, las isobaras se juntaran un poco y el viento ser\u00e1 el protagonista de nuevo. De todas formas no espero rachas muy fuertes, y pienso que durante la pr\u00f3xima madrugada y primeras horas de ma\u00f1ana s\u00e1bado ira amainando. Asi que lo mejor buscar una esquinita que no sople el terral, y de el sol.<\/strong><\/span><\/p>\n<p><span style=\"color: #0000ff;\"><strong>\u00a0<a href=\"https:\/\/blogs.diariosur.es\/tormentas-y-rayos\/2013\/02\/08\/prediccion-del-tiempo-fin-de-semana-madrugada-del-domingo-muy-fria-nuevo-juego\/olympus-digital-camera-1090\/\" rel=\"attachment wp-att-4923\"><img loading=\"lazy\" class=\"aligncenter size-full wp-image-4923\" title=\"OLYMPUS DIGITAL CAMERA\" src=\"\/tormentas-y-rayos\/wp-content\/uploads\/sites\/12\/2013\/02\/025.jpg\" alt=\"\" width=\"670\" height=\"398\" srcset=\"https:\/\/static-blogs.diariosur.es\/wp-content\/uploads\/sites\/12\/2013\/02\/025.jpg 670w, https:\/\/static-blogs.diariosur.es\/wp-content\/uploads\/sites\/12\/2013\/02\/025-640x380.jpg 640w\" sizes=\"(max-width: 670px) 100vw, 670px\" \/><\/a><\/strong><\/span><\/p>\n<p><span style=\"color: #ff0000;\"><strong>Predicci\u00f3n s\u00e1bado 9 de febrero.<\/strong><\/span><\/p>\n<p><strong style=\"color: #ff00ff;\">La madrugada del s\u00e1bado ser\u00e1 fresquita, no espero lluvias. Si todo trascurre como espero, sobre el mediod\u00eda o primeras horas de la tarde entrar\u00eda el levante. El anticicl\u00f3n se acercar\u00eda a la\u00a0pen\u00ednsula\u00a0y har\u00eda que los vientos en nuestra zona vengan de levante. El levante\u00a0soplar\u00eda\u00a0al principio un poco moderado, pero luego se\u00a0<\/strong><strong><span style=\"color: #ff00ff;\">calmar\u00eda. Fuente Aemet, Hirlam<\/span><\/strong><\/p>\n<p><a href=\"https:\/\/blogs.diariosur.es\/tormentas-y-rayos\/2013\/02\/08\/prediccion-del-tiempo-fin-de-semana-madrugada-del-domingo-muy-fria-nuevo-juego\/levante-10\/\" rel=\"attachment wp-att-4920\"><img loading=\"lazy\" class=\"aligncenter size-full wp-image-4920\" title=\"levante\" src=\"\/tormentas-y-rayos\/wp-content\/uploads\/sites\/12\/2013\/02\/levante.jpg\" alt=\"\" width=\"695\" height=\"465\" srcset=\"https:\/\/static-blogs.diariosur.es\/wp-content\/uploads\/sites\/12\/2013\/02\/levante.jpg 695w, https:\/\/static-blogs.diariosur.es\/wp-content\/uploads\/sites\/12\/2013\/02\/levante-598x400.jpg 598w\" sizes=\"(max-width: 695px) 100vw, 695px\" \/><\/a><\/p>\n<p><strong><span style=\"color: #ff00ff;\">Durante la noche no espero viento.\u00a0<\/span><\/strong><strong><span style=\"color: #ff00ff;\">La maxima del\u00a0s\u00e1bado\u00a0estar\u00e1\u00a0cercana a los 16 grados.<\/span><\/strong><\/p>\n<p><span style=\"color: #ff0000;\"><strong>Predicci\u00f3n domingo 10 de febrero.<\/strong><\/span><\/p>\n<p><span style=\"color: #3366ff;\"><strong>Como os he comentado en la predicci\u00f3n del s\u00e1bado, el aire se calmar\u00eda y al tener los cielos despejados, las m\u00ednimas bajaran mucho y las heladas ser\u00e1n las protagonistas en nuestra provincia. Incluso en M\u00e1laga Capital la m\u00ednima puede ser de 2 grados, incluso helar en la zona del Aeropuerto. Aqui podeis ver como las heladas seran las protagonistas en casi toda la pen\u00ednsula.<\/strong><\/span><\/p>\n<p><a href=\"https:\/\/blogs.diariosur.es\/tormentas-y-rayos\/2013\/02\/08\/prediccion-del-tiempo-fin-de-semana-madrugada-del-domingo-muy-fria-nuevo-juego\/captura-127\/\" rel=\"attachment wp-att-4921\"><img loading=\"lazy\" class=\"aligncenter size-medium wp-image-4921\" title=\"Captura\" src=\"\/tormentas-y-rayos\/wp-content\/uploads\/sites\/12\/2013\/02\/Captura.jpg\" alt=\"\" width=\"547\" height=\"400\" srcset=\"https:\/\/static-blogs.diariosur.es\/wp-content\/uploads\/sites\/12\/2013\/02\/Captura.jpg 748w, https:\/\/static-blogs.diariosur.es\/wp-content\/uploads\/sites\/12\/2013\/02\/Captura-548x400.jpg 548w\" sizes=\"(max-width: 547px) 100vw, 547px\" \/><\/a><\/p>\n<p>&nbsp;<\/p>\n<p>&nbsp;<\/p>\n<p><strong>Poco mas que contar sobre el fin de semana.<\/strong><\/p>\n<p><strong>\u00a0Acabo de llegar de la playa y me cuesta aun escribir en el teclado, las manos congeladas. En la zona de la playa la temperatura era de 7 grados, que unido al terral que soplaba la sensaci\u00f3n era de 1 grado. Los que nos hemos juntado, hemos disfrutado de un impresionante amanecer. Los lenticularis y los cirros eran los protagonistas. Os paso unas cuantas \u00a0fotos del amanecer de hoy, y a continuaci\u00f3n vamos al juego ok?<\/strong><\/p>\n<p><a href=\"https:\/\/blogs.diariosur.es\/tormentas-y-rayos\/2013\/02\/08\/prediccion-del-tiempo-fin-de-semana-madrugada-del-domingo-muy-fria-nuevo-juego\/olympus-digital-camera-1091\/\" rel=\"attachment wp-att-4924\"><img loading=\"lazy\" class=\"aligncenter size-full wp-image-4924\" title=\"OLYMPUS DIGITAL CAMERA\" src=\"\/tormentas-y-rayos\/wp-content\/uploads\/sites\/12\/2013\/02\/007.jpg\" alt=\"\" width=\"670\" height=\"503\" srcset=\"https:\/\/static-blogs.diariosur.es\/wp-content\/uploads\/sites\/12\/2013\/02\/007.jpg 670w, https:\/\/static-blogs.diariosur.es\/wp-content\/uploads\/sites\/12\/2013\/02\/007-533x400.jpg 533w\" sizes=\"(max-width: 670px) 100vw, 670px\" \/><\/a><\/p>\n<p>&nbsp;<\/p>\n<p><a href=\"https:\/\/blogs.diariosur.es\/tormentas-y-rayos\/2013\/02\/08\/prediccion-del-tiempo-fin-de-semana-madrugada-del-domingo-muy-fria-nuevo-juego\/olympus-digital-camera-1092\/\" rel=\"attachment wp-att-4925\"><img loading=\"lazy\" class=\"aligncenter size-full wp-image-4925\" title=\"OLYMPUS DIGITAL CAMERA\" src=\"\/tormentas-y-rayos\/wp-content\/uploads\/sites\/12\/2013\/02\/blog1.jpg\" alt=\"\" width=\"670\" height=\"502\" srcset=\"https:\/\/static-blogs.diariosur.es\/wp-content\/uploads\/sites\/12\/2013\/02\/blog1.jpg 670w, https:\/\/static-blogs.diariosur.es\/wp-content\/uploads\/sites\/12\/2013\/02\/blog1-534x400.jpg 534w\" sizes=\"(max-width: 670px) 100vw, 670px\" \/><\/a><\/p>\n<p>&nbsp;<\/p>\n<p><a href=\"https:\/\/blogs.diariosur.es\/tormentas-y-rayos\/2013\/02\/08\/prediccion-del-tiempo-fin-de-semana-madrugada-del-domingo-muy-fria-nuevo-juego\/olympus-digital-camera-1093\/\" rel=\"attachment wp-att-4926\"><img loading=\"lazy\" class=\"aligncenter size-full wp-image-4926\" title=\"OLYMPUS DIGITAL CAMERA\" src=\"\/tormentas-y-rayos\/wp-content\/uploads\/sites\/12\/2013\/02\/bbbb.jpg\" alt=\"\" width=\"670\" height=\"503\" srcset=\"https:\/\/static-blogs.diariosur.es\/wp-content\/uploads\/sites\/12\/2013\/02\/bbbb.jpg 670w, https:\/\/static-blogs.diariosur.es\/wp-content\/uploads\/sites\/12\/2013\/02\/bbbb-533x400.jpg 533w\" sizes=\"(max-width: 670px) 100vw, 670px\" \/><\/a><\/p>\n<p>&nbsp;<\/p>\n<p><strong>\u00a0<\/strong><\/p>\n<p>&nbsp;<\/p>\n<p><strong>Antes os doy la soluci\u00f3n del juego anterior, muy bien a todos, efectivamente lo que se ve \u00a0desde el satelite modis son los invernaderos del Ejido.<\/strong><\/p>\n<p><strong>Pero hoy me voy a vengar ji ji, y este juego \u00a0aunque parece muy f\u00e1cil, no lo es. Os paso varias im\u00e1genes de\u00a0sat\u00e9lite,\u00a0y me ten\u00e9is que decir que son esas l\u00edneas blancas que se ven. El lunes la\u00a0soluci\u00f3n.\u00a0<\/strong><\/p>\n<p><a href=\"https:\/\/blogs.diariosur.es\/tormentas-y-rayos\/2013\/02\/08\/prediccion-del-tiempo-fin-de-semana-madrugada-del-domingo-muy-fria-nuevo-juego\/page-6\/\" rel=\"attachment wp-att-4927\"><img loading=\"lazy\" class=\"aligncenter size-full wp-image-4927\" title=\"page\" src=\"\/tormentas-y-rayos\/wp-content\/uploads\/sites\/12\/2013\/02\/page.jpg\" alt=\"\" width=\"639\" height=\"639\" srcset=\"https:\/\/static-blogs.diariosur.es\/wp-content\/uploads\/sites\/12\/2013\/02\/page.jpg 639w, https:\/\/static-blogs.diariosur.es\/wp-content\/uploads\/sites\/12\/2013\/02\/page-150x150.jpg 150w, https:\/\/static-blogs.diariosur.es\/wp-content\/uploads\/sites\/12\/2013\/02\/page-400x400.jpg 400w\" sizes=\"(max-width: 639px) 100vw, 639px\" \/><\/a><\/p>\n<p>&nbsp;<\/p>\n<p><strong>Una cosilla mas amigos, lo mismo el domingo actualizo el blog. Se espera una borrasca\u00a0 que trae asociado un frente, que puede dejar precipitaciones en nuestra regi\u00f3n. Estas precipitaciones pueden ser de nieve a partir de 800 metros.<\/strong><\/p>\n<p><strong>Os dejo con este fot\u00f3n que me ha pasado mi amigo Kiko Kik\u00f3n en facebook ( Francisco Castejon ) . Es el radar de lluvias que tiene la Aemet en la Sierra de Mijas. De vez en cuando nuestro amigo sube\u00a0all\u00ed\u00a0para arreglarlo. \u00a0Seguro que el lunes cae nieve en el radar.<\/strong><\/p>\n<p><a href=\"https:\/\/blogs.diariosur.es\/tormentas-y-rayos\/2013\/02\/08\/prediccion-del-tiempo-fin-de-semana-madrugada-del-domingo-muy-fria-nuevo-juego\/377718_10200613695574405_207173811_n\/\" rel=\"attachment wp-att-4928\"><img loading=\"lazy\" class=\"aligncenter size-full wp-image-4928\" title=\"377718_10200613695574405_207173811_n\" src=\"\/tormentas-y-rayos\/wp-content\/uploads\/sites\/12\/2013\/02\/377718_10200613695574405_207173811_n.jpg\" alt=\"\" width=\"465\" height=\"700\" srcset=\"https:\/\/static-blogs.diariosur.es\/wp-content\/uploads\/sites\/12\/2013\/02\/377718_10200613695574405_207173811_n.jpg 465w, https:\/\/static-blogs.diariosur.es\/wp-content\/uploads\/sites\/12\/2013\/02\/377718_10200613695574405_207173811_n-266x400.jpg 266w\" sizes=\"(max-width: 465px) 100vw, 465px\" \/><\/a><\/p>\n<p><strong>\u00a0<\/strong><\/p>\n","protected":false},"excerpt":{"rendered":"<p>Buenos dias amigos de la meteo. Antes de daros la predicci\u00f3n del fin de semana y poneros el juego nuevo, os paso el enlace del incendio helado de Chicago y la imagen de las Islas Brit\u00e1nicas en el cielo. Es una pasada. Os recomiendo este blog, es de mi amigo Salvador Salas. Seguro que\u00a0tendr\u00e1\u00a0muchas visitas. [&hellip;]<\/p>\n","protected":false},"author":16,"featured_media":4926,"comment_status":"open","ping_status":"closed","sticky":false,"template":"","format":"standard","meta":[],"categories":[2],"tags":[410,800,902,980],"_links":{"self":[{"href":"https:\/\/blogs.diariosur.es\/tormentas-y-rayos\/wp-json\/wp\/v2\/posts\/4918"}],"collection":[{"href":"https:\/\/blogs.diariosur.es\/tormentas-y-rayos\/wp-json\/wp\/v2\/posts"}],"about":[{"href":"https:\/\/blogs.diariosur.es\/tormentas-y-rayos\/wp-json\/wp\/v2\/types\/post"}],"author":[{"embeddable":true,"href":"https:\/\/blogs.diariosur.es\/tormentas-y-rayos\/wp-json\/wp\/v2\/users\/16"}],"replies":[{"embeddable":true,"href":"https:\/\/blogs.diariosur.es\/tormentas-y-rayos\/wp-json\/wp\/v2\/comments?post=4918"}],"version-history":[{"count":0,"href":"https:\/\/blogs.diariosur.es\/tormentas-y-rayos\/wp-json\/wp\/v2\/posts\/4918\/revisions"}],"wp:featuredmedia":[{"embeddable":true,"href":"https:\/\/blogs.diariosur.es\/tormentas-y-rayos\/wp-json\/wp\/v2\/media\/4926"}],"wp:attachment":[{"href":"https:\/\/blogs.diariosur.es\/tormentas-y-rayos\/wp-json\/wp\/v2\/media?parent=4918"}],"wp:term":[{"taxonomy":"category","embeddable":true,"href":"https:\/\/blogs.diariosur.es\/tormentas-y-rayos\/wp-json\/wp\/v2\/categories?post=4918"},{"taxonomy":"post_tag","embeddable":true,"href":"https:\/\/blogs.diariosur.es\/tormentas-y-rayos\/wp-json\/wp\/v2\/tags?post=4918"}],"curies":[{"name":"wp","href":"https:\/\/api.w.org\/{rel}","templated":true}]}}