{"id":4931,"date":"2013-02-10T09:26:18","date_gmt":"2013-02-10T08:26:18","guid":{"rendered":"http:\/\/blogs.diariosur.es\/tormentas-y-rayos\/?p=4931"},"modified":"2013-02-10T09:26:18","modified_gmt":"2013-02-10T08:26:18","slug":"atencion-alerta-amarilla-por-nevadas-en-la-provincia-malaguena-entrada-de-masa-de-aire-polar","status":"publish","type":"post","link":"https:\/\/blogs.diariosur.es\/tormentas-y-rayos\/2013\/02\/10\/atencion-alerta-amarilla-por-nevadas-en-la-provincia-malaguena-entrada-de-masa-de-aire-polar\/","title":{"rendered":"!Atenci\u00f3n! Alerta amarilla por nevadas en la Provincia Malague\u00f1a. Entrada de masa de aire polar."},"content":{"rendered":"<p><strong>Buenos d\u00edas amigos de la meteo.\u00a0<\/strong><\/p>\n<p>&nbsp;<\/p>\n<p><strong>La Aemet activa las alerta por nevadas \u00a0en la Provincia Malague\u00f1a. La alerta \u00a0comenzara a las 06:00 horas del lunes y terminara a las 18:00. La zonas con mas probabilidad de nieve , ser\u00e1n Ronda y la comarca de Antequera. Se espera que caiga a partir de 700 o 800 metros.<\/strong><\/p>\n<p><a href=\"https:\/\/blogs.diariosur.es\/tormentas-y-rayos\/2013\/02\/10\/atencion-alerta-amarilla-por-nevadas-en-la-provincia-malaguena-entrada-de-masa-de-aire-polar\/alerta-nevadas\/\" rel=\"attachment wp-att-4941\"><img loading=\"lazy\" class=\"aligncenter size-full wp-image-4941\" title=\"alerta nevadas\" src=\"\/tormentas-y-rayos\/wp-content\/uploads\/sites\/12\/2013\/02\/alerta-nevadas.jpg\" alt=\"\" width=\"534\" height=\"378\" \/><\/a><\/p>\n<p><strong> La alerta por viento lo mas seguro es que la activen durante el dia de hoy. Las rachas mas fuertes se producir\u00e1n en toda la Costa Malague\u00f1a, la Axarqu\u00eda y Valle del Guadalhorce, las rachas pueden llegar a los 60 km\/h. Os explico de forma sencilla este nuevo episodio que nos afectara.<\/strong><\/p>\n<p><strong>Un frente frio comenzara a afectar a la zona norte de la\u00a0pen\u00ednsula\u00a0durante el dia de hoy. Este frente\u00a0fr\u00edo\u00a0lo ha producido una potente borrasca que esta en estos momentos en las Islas\u00a0Brit\u00e1nicas\u00a0 Os paso esta imagen de esta ma\u00f1ana, fuente meteogalicia. Y metteoofice<\/strong><\/p>\n<p><a href=\"https:\/\/blogs.diariosur.es\/tormentas-y-rayos\/2013\/02\/10\/atencion-alerta-amarilla-por-nevadas-en-la-provincia-malaguena-entrada-de-masa-de-aire-polar\/borrasca-27\/\" rel=\"attachment wp-att-4933\"><img loading=\"lazy\" class=\"aligncenter size-full wp-image-4933\" title=\"borrasca\" src=\"\/tormentas-y-rayos\/wp-content\/uploads\/sites\/12\/2013\/02\/borrasca1.jpg\" alt=\"\" width=\"680\" height=\"474\" srcset=\"https:\/\/static-blogs.diariosur.es\/wp-content\/uploads\/sites\/12\/2013\/02\/borrasca1.jpg 680w, https:\/\/static-blogs.diariosur.es\/wp-content\/uploads\/sites\/12\/2013\/02\/borrasca1-574x400.jpg 574w\" sizes=\"(max-width: 680px) 100vw, 680px\" \/><\/a><\/p>\n<p>&nbsp;<\/p>\n<p><a href=\"https:\/\/blogs.diariosur.es\/tormentas-y-rayos\/2013\/02\/10\/atencion-alerta-amarilla-por-nevadas-en-la-provincia-malaguena-entrada-de-masa-de-aire-polar\/met-office-3\/\" rel=\"attachment wp-att-4935\"><img loading=\"lazy\" class=\"aligncenter size-medium wp-image-4935\" title=\"met office\" src=\"\/tormentas-y-rayos\/wp-content\/uploads\/sites\/12\/2013\/02\/met-office.jpg\" alt=\"\" width=\"473\" height=\"400\" srcset=\"https:\/\/static-blogs.diariosur.es\/wp-content\/uploads\/sites\/12\/2013\/02\/met-office.jpg 777w, https:\/\/static-blogs.diariosur.es\/wp-content\/uploads\/sites\/12\/2013\/02\/met-office-474x400.jpg 474w, https:\/\/static-blogs.diariosur.es\/wp-content\/uploads\/sites\/12\/2013\/02\/met-office-768x648.jpg 768w\" sizes=\"(max-width: 473px) 100vw, 473px\" \/><\/a><\/p>\n<p>&nbsp;<\/p>\n<p><strong>Muchos me preguntareis: &#8220;Jose&#8221; \u00bfun frente\u00a0t\u00edpico\u00a0de invierno?, no amigos ! <\/strong><\/p>\n<p><strong>Lo mas interesante es lo que viene detr\u00e1s del frente, nada menos que una masa de aire polar. Esta masa de aire polar har\u00e1 que bajen mucho las temperaturas en toda la pen\u00ednsula.<\/strong><\/p>\n<p><strong>Os voy a poner una imagen de masas de aire del\u00a0sat\u00e9lite\u00a0Eumetsat que es una pasada. Por el color se distingue perfectamente esa masa de aire. Fuente Aemet.<\/strong><\/p>\n<p><a href=\"https:\/\/blogs.diariosur.es\/tormentas-y-rayos\/2013\/02\/10\/atencion-alerta-amarilla-por-nevadas-en-la-provincia-malaguena-entrada-de-masa-de-aire-polar\/masa-polar\/\" rel=\"attachment wp-att-4934\"><img loading=\"lazy\" class=\"aligncenter size-full wp-image-4934\" title=\"masa polar\" src=\"\/tormentas-y-rayos\/wp-content\/uploads\/sites\/12\/2013\/02\/masa-polar.jpg\" alt=\"\" width=\"660\" height=\"583\" srcset=\"https:\/\/static-blogs.diariosur.es\/wp-content\/uploads\/sites\/12\/2013\/02\/masa-polar.jpg 660w, https:\/\/static-blogs.diariosur.es\/wp-content\/uploads\/sites\/12\/2013\/02\/masa-polar-453x400.jpg 453w\" sizes=\"(max-width: 660px) 100vw, 660px\" \/><\/a><\/p>\n<p>&nbsp;<\/p>\n<p><strong>La temperatura a 850 hpa ( 1500 metros ) bajara r\u00e1pidamente, os paso este mapa de hoy y el que se espera al mediod\u00eda del lunes.<\/strong><\/p>\n<p><a href=\"https:\/\/blogs.diariosur.es\/tormentas-y-rayos\/2013\/02\/10\/atencion-alerta-amarilla-por-nevadas-en-la-provincia-malaguena-entrada-de-masa-de-aire-polar\/850-2\/\" rel=\"attachment wp-att-4936\"><img loading=\"lazy\" class=\"aligncenter size-medium wp-image-4936\" title=\"850\" src=\"\/tormentas-y-rayos\/wp-content\/uploads\/sites\/12\/2013\/02\/850.jpg\" alt=\"\" width=\"553\" height=\"400\" srcset=\"https:\/\/static-blogs.diariosur.es\/wp-content\/uploads\/sites\/12\/2013\/02\/850.jpg 746w, https:\/\/static-blogs.diariosur.es\/wp-content\/uploads\/sites\/12\/2013\/02\/850-554x400.jpg 554w\" sizes=\"(max-width: 553px) 100vw, 553px\" \/><\/a><\/p>\n<p><a href=\"https:\/\/blogs.diariosur.es\/tormentas-y-rayos\/2013\/02\/10\/atencion-alerta-amarilla-por-nevadas-en-la-provincia-malaguena-entrada-de-masa-de-aire-polar\/850-lu\/\" rel=\"attachment wp-att-4937\"><img loading=\"lazy\" class=\"aligncenter size-medium wp-image-4937\" title=\"850 lu\" src=\"\/tormentas-y-rayos\/wp-content\/uploads\/sites\/12\/2013\/02\/850-lu.jpg\" alt=\"\" width=\"550\" height=\"400\" srcset=\"https:\/\/static-blogs.diariosur.es\/wp-content\/uploads\/sites\/12\/2013\/02\/850-lu.jpg 746w, https:\/\/static-blogs.diariosur.es\/wp-content\/uploads\/sites\/12\/2013\/02\/850-lu-551x400.jpg 551w\" sizes=\"(max-width: 550px) 100vw, 550px\" \/><\/a><\/p>\n<p>&nbsp;<\/p>\n<p><strong>Por este motivo la nieve caer\u00e1 en nuestra provincia a partir de 700 o 800 metros. Siendo la Comarca de Ronda y Antequera donde se pueden acumular 3 cm.<\/strong><\/p>\n<p><strong>El viento de terral de invierno tomara protagonismo . Al situarse la borrasca cerca del Mediterr\u00e1neo y unido al potente Anticicl\u00f3n de las Azores, las isobaras se juntaran mucho, d\u00e1ndose rachas de viento muy fuertes en casi toda la\u00a0pen\u00ednsula. Os paso este mapa previsto, fijaros como se juntas las isobaras.\u00a0<\/strong><\/p>\n<p><a href=\"https:\/\/blogs.diariosur.es\/tormentas-y-rayos\/2013\/02\/10\/atencion-alerta-amarilla-por-nevadas-en-la-provincia-malaguena-entrada-de-masa-de-aire-polar\/viento-17\/\" rel=\"attachment wp-att-4938\"><img loading=\"lazy\" class=\"aligncenter size-full wp-image-4938\" title=\"viento\" src=\"\/tormentas-y-rayos\/wp-content\/uploads\/sites\/12\/2013\/02\/viento1.jpg\" alt=\"\" width=\"704\" height=\"472\" srcset=\"https:\/\/static-blogs.diariosur.es\/wp-content\/uploads\/sites\/12\/2013\/02\/viento1.jpg 704w, https:\/\/static-blogs.diariosur.es\/wp-content\/uploads\/sites\/12\/2013\/02\/viento1-597x400.jpg 597w\" sizes=\"(max-width: 704px) 100vw, 704px\" \/><\/a><\/p>\n<p>&nbsp;<\/p>\n<p><strong>Como antes os he comentado, las rachas de viento ser\u00e1n fuertes en toda nuestra costa, as\u00ed como tambi\u00e9n en el Valle del Guadalhorce y Axarqu\u00eda. A todo esto hay que unirle la sensaci\u00f3n t\u00e9rmica de fr\u00edo, que la notaremos sobre todo el lunes por la tarde y madrugada del martes.<\/strong><\/p>\n<p><strong>Hoy domingo sobre el\u00a0mediod\u00eda\u00a0llegaran nubes altas, del genero cirros. Estas nubes pueden dejar un bonito atardecer. La maxima puede llegar a los 17 grados.<\/strong><\/p>\n<p><span style=\"color: #ff0000;\"><strong>Os paso una foto de mi amigo Rafa Vives, es un impresionante lenticular en Valencia. \u00a0Y pinchar en este enlace de <a href=\"https:\/\/www.facebook.com\/MeteoCaudete\" rel=\"external nofollow\">facebook, es una pagina dedicada a la meteorologia que es una pasada.<\/a>\u00a0METEO CAUDETE<\/strong><\/span><\/p>\n<p><a href=\"https:\/\/blogs.diariosur.es\/tormentas-y-rayos\/2013\/02\/10\/atencion-alerta-amarilla-por-nevadas-en-la-provincia-malaguena-entrada-de-masa-de-aire-polar\/703629_550166091660106_1527237278_o\/\" rel=\"attachment wp-att-4940\"><img loading=\"lazy\" class=\"aligncenter size-full wp-image-4940\" title=\"703629_550166091660106_1527237278_o\" src=\"\/tormentas-y-rayos\/wp-content\/uploads\/sites\/12\/2013\/02\/703629_550166091660106_1527237278_o.jpg\" alt=\"\" width=\"670\" height=\"293\" srcset=\"https:\/\/static-blogs.diariosur.es\/wp-content\/uploads\/sites\/12\/2013\/02\/703629_550166091660106_1527237278_o.jpg 670w, https:\/\/static-blogs.diariosur.es\/wp-content\/uploads\/sites\/12\/2013\/02\/703629_550166091660106_1527237278_o-640x280.jpg 640w\" sizes=\"(max-width: 670px) 100vw, 670px\" \/><\/a><\/p>\n<p><strong>Sobre el juego comentaros que no son estelas de aviones. Os doy una pista: si no son estelas de aviones \u00bf de que son las estelas ? como ma\u00f1ana lunes lo mas seguro\u00a0actualice\u00a0de nuevo el blog, os\u00a0dar\u00e9\u00a0la soluci\u00f3n.<\/strong><\/p>\n<p><strong>Os dejo con este amanecer que\u00a0fotografi\u00e9\u00a0el viernes pasado.<\/strong><\/p>\n<p><a href=\"https:\/\/blogs.diariosur.es\/tormentas-y-rayos\/2013\/02\/10\/atencion-alerta-amarilla-por-nevadas-en-la-provincia-malaguena-entrada-de-masa-de-aire-polar\/olympus-digital-camera-1094\/\" rel=\"attachment wp-att-4939\"><img loading=\"lazy\" class=\"aligncenter size-full wp-image-4939\" title=\"OLYMPUS DIGITAL CAMERA\" src=\"\/tormentas-y-rayos\/wp-content\/uploads\/sites\/12\/2013\/02\/8454712603_87b577e491_o.jpg\" alt=\"\" width=\"680\" height=\"487\" srcset=\"https:\/\/static-blogs.diariosur.es\/wp-content\/uploads\/sites\/12\/2013\/02\/8454712603_87b577e491_o.jpg 680w, https:\/\/static-blogs.diariosur.es\/wp-content\/uploads\/sites\/12\/2013\/02\/8454712603_87b577e491_o-559x400.jpg 559w\" sizes=\"(max-width: 680px) 100vw, 680px\" \/><\/a><\/p>\n","protected":false},"excerpt":{"rendered":"<p>Buenos d\u00edas amigos de la meteo.\u00a0 &nbsp; La Aemet activa las alerta por nevadas \u00a0en la Provincia Malague\u00f1a. La alerta \u00a0comenzara a las 06:00 horas del lunes y terminara a las 18:00. La zonas con mas probabilidad de nieve , ser\u00e1n Ronda y la comarca de Antequera. Se espera que caiga a partir de 700 [&hellip;]<\/p>\n","protected":false},"author":16,"featured_media":4934,"comment_status":"open","ping_status":"closed","sticky":false,"template":"","format":"standard","meta":[],"categories":[2],"tags":[63,91,616,690,787],"_links":{"self":[{"href":"https:\/\/blogs.diariosur.es\/tormentas-y-rayos\/wp-json\/wp\/v2\/posts\/4931"}],"collection":[{"href":"https:\/\/blogs.diariosur.es\/tormentas-y-rayos\/wp-json\/wp\/v2\/posts"}],"about":[{"href":"https:\/\/blogs.diariosur.es\/tormentas-y-rayos\/wp-json\/wp\/v2\/types\/post"}],"author":[{"embeddable":true,"href":"https:\/\/blogs.diariosur.es\/tormentas-y-rayos\/wp-json\/wp\/v2\/users\/16"}],"replies":[{"embeddable":true,"href":"https:\/\/blogs.diariosur.es\/tormentas-y-rayos\/wp-json\/wp\/v2\/comments?post=4931"}],"version-history":[{"count":0,"href":"https:\/\/blogs.diariosur.es\/tormentas-y-rayos\/wp-json\/wp\/v2\/posts\/4931\/revisions"}],"wp:featuredmedia":[{"embeddable":true,"href":"https:\/\/blogs.diariosur.es\/tormentas-y-rayos\/wp-json\/wp\/v2\/media\/4934"}],"wp:attachment":[{"href":"https:\/\/blogs.diariosur.es\/tormentas-y-rayos\/wp-json\/wp\/v2\/media?parent=4931"}],"wp:term":[{"taxonomy":"category","embeddable":true,"href":"https:\/\/blogs.diariosur.es\/tormentas-y-rayos\/wp-json\/wp\/v2\/categories?post=4931"},{"taxonomy":"post_tag","embeddable":true,"href":"https:\/\/blogs.diariosur.es\/tormentas-y-rayos\/wp-json\/wp\/v2\/tags?post=4931"}],"curies":[{"name":"wp","href":"https:\/\/api.w.org\/{rel}","templated":true}]}}