{"id":49365,"date":"2026-03-02T19:58:47","date_gmt":"2026-03-02T18:58:47","guid":{"rendered":"https:\/\/blogs.diariosur.es\/tormentas-y-rayos\/?p=49365"},"modified":"2026-03-02T20:04:14","modified_gmt":"2026-03-02T19:04:14","slug":"aviso-amarilllo-por-lluvias-en-la-axarquia-borrasca-regina","status":"publish","type":"post","link":"https:\/\/blogs.diariosur.es\/tormentas-y-rayos\/2026\/03\/02\/aviso-amarilllo-por-lluvias-en-la-axarquia-borrasca-regina\/","title":{"rendered":"Aviso amarilllo por lluvias en la Axarqu\u00eda. Borrasca Regina"},"content":{"rendered":"<p><a href=\"https:\/\/static-blogs.diariosur.es\/wp-content\/uploads\/sites\/12\/2026\/02\/z.jpg\"><img loading=\"lazy\" class=\"aligncenter size-thumbnail wp-image-48990\" src=\"https:\/\/static-blogs.diariosur.es\/wp-content\/uploads\/sites\/12\/2026\/02\/z-150x150.jpg\" alt=\"\" width=\"150\" height=\"150\" \/><\/a><\/p>\n<p>Buenas noches, amigos de la meteo. La Aemet activa para el mi\u00e9rcoles el aviso amarillo por lluvias en la Axarqu\u00eda. Es probable que en nuevas actualizaciones entren otras zonas. Estas precipitaciones puede ir acompa\u00f1adas de fen\u00f3menos tormentosos.<a href=\"https:\/\/static-blogs.diariosur.es\/wp-content\/uploads\/sites\/12\/2026\/03\/Screenshot_20260302_194833_Chrome.jpg\"><img loading=\"lazy\" class=\"aligncenter size-full wp-image-49366\" src=\"https:\/\/static-blogs.diariosur.es\/wp-content\/uploads\/sites\/12\/2026\/03\/Screenshot_20260302_194833_Chrome.jpg\" alt=\"\" width=\"1165\" height=\"1187\" srcset=\"https:\/\/static-blogs.diariosur.es\/wp-content\/uploads\/sites\/12\/2026\/03\/Screenshot_20260302_194833_Chrome.jpg 1165w, https:\/\/static-blogs.diariosur.es\/wp-content\/uploads\/sites\/12\/2026\/03\/Screenshot_20260302_194833_Chrome-393x400.jpg 393w, https:\/\/static-blogs.diariosur.es\/wp-content\/uploads\/sites\/12\/2026\/03\/Screenshot_20260302_194833_Chrome-400x408.jpg 400w, https:\/\/static-blogs.diariosur.es\/wp-content\/uploads\/sites\/12\/2026\/03\/Screenshot_20260302_194833_Chrome-768x783.jpg 768w\" sizes=\"(max-width: 1165px) 100vw, 1165px\" \/><\/a><\/p>\n","protected":false},"excerpt":{"rendered":"<p>Buenas noches, amigos de la meteo. La Aemet activa para el mi\u00e9rcoles el aviso amarillo por lluvias en la Axarqu\u00eda. Es probable que en nuevas actualizaciones entren otras zonas. Estas precipitaciones puede ir acompa\u00f1adas de fen\u00f3menos tormentosos.<\/p>\n","protected":false},"author":16,"featured_media":48127,"comment_status":"open","ping_status":"open","sticky":false,"template":"","format":"standard","meta":[],"categories":[2],"tags":[93,151,155,188,569,2124],"_links":{"self":[{"href":"https:\/\/blogs.diariosur.es\/tormentas-y-rayos\/wp-json\/wp\/v2\/posts\/49365"}],"collection":[{"href":"https:\/\/blogs.diariosur.es\/tormentas-y-rayos\/wp-json\/wp\/v2\/posts"}],"about":[{"href":"https:\/\/blogs.diariosur.es\/tormentas-y-rayos\/wp-json\/wp\/v2\/types\/post"}],"author":[{"embeddable":true,"href":"https:\/\/blogs.diariosur.es\/tormentas-y-rayos\/wp-json\/wp\/v2\/users\/16"}],"replies":[{"embeddable":true,"href":"https:\/\/blogs.diariosur.es\/tormentas-y-rayos\/wp-json\/wp\/v2\/comments?post=49365"}],"version-history":[{"count":3,"href":"https:\/\/blogs.diariosur.es\/tormentas-y-rayos\/wp-json\/wp\/v2\/posts\/49365\/revisions"}],"predecessor-version":[{"id":49369,"href":"https:\/\/blogs.diariosur.es\/tormentas-y-rayos\/wp-json\/wp\/v2\/posts\/49365\/revisions\/49369"}],"wp:featuredmedia":[{"embeddable":true,"href":"https:\/\/blogs.diariosur.es\/tormentas-y-rayos\/wp-json\/wp\/v2\/media\/48127"}],"wp:attachment":[{"href":"https:\/\/blogs.diariosur.es\/tormentas-y-rayos\/wp-json\/wp\/v2\/media?parent=49365"}],"wp:term":[{"taxonomy":"category","embeddable":true,"href":"https:\/\/blogs.diariosur.es\/tormentas-y-rayos\/wp-json\/wp\/v2\/categories?post=49365"},{"taxonomy":"post_tag","embeddable":true,"href":"https:\/\/blogs.diariosur.es\/tormentas-y-rayos\/wp-json\/wp\/v2\/tags?post=49365"}],"curies":[{"name":"wp","href":"https:\/\/api.w.org\/{rel}","templated":true}]}}