{"id":49420,"date":"2026-03-09T07:57:27","date_gmt":"2026-03-09T06:57:27","guid":{"rendered":"https:\/\/blogs.diariosur.es\/tormentas-y-rayos\/?p=49420"},"modified":"2026-03-09T07:58:19","modified_gmt":"2026-03-09T06:58:19","slug":"nueva-dana-probables-acumulados-precipitacion-manana-martes-en-la-provincia-de-malaga","status":"publish","type":"post","link":"https:\/\/blogs.diariosur.es\/tormentas-y-rayos\/2026\/03\/09\/nueva-dana-probables-acumulados-precipitacion-manana-martes-en-la-provincia-de-malaga\/","title":{"rendered":"Nueva dana. Probables acumulados de precipitaci\u00f3n ma\u00f1ana martes en la provincia de M\u00e1laga."},"content":{"rendered":"<p data-pm-slice=\"1 1 []\"><a href=\"https:\/\/static-blogs.diariosur.es\/wp-content\/uploads\/sites\/12\/2026\/02\/z.jpg\"><img loading=\"lazy\" class=\"aligncenter size-thumbnail wp-image-48990\" src=\"https:\/\/static-blogs.diariosur.es\/wp-content\/uploads\/sites\/12\/2026\/02\/z-150x150.jpg\" alt=\"\" width=\"150\" height=\"150\" \/><\/a><\/p>\n<p data-pm-slice=\"1 1 []\">Buenos d\u00edas, amigos de la meteo. Cuando son las siete de la ma\u00f1ana en M\u00e1laga capital, mi estaci\u00f3n registra 10 \u00baC, los cielos est\u00e1n poco nubosos y el viento sopla flojo de direcci\u00f3n variable. A primera hora de la tyarde hay probabilidad de chubascos por el interior de la provincia, no descarto algunas gotas por la noche en M\u00e1laga capital.<\/p>\n<h3><span style=\"color: #0000ff;\"><strong>Probables acumulados de precipitaci\u00f3n ma\u00f1ana martes en la provincia de M\u00e1laga<\/strong><\/span><\/h3>\n<p>Os pongo en primer lugar el mapa a 500 hPa para que ve\u00e1is d\u00f3nde se sit\u00faa la DANA ma\u00f1ana martes. Fuente meteociel, el modelo europeo y americano coinciden.<\/p>\n<p>&nbsp;<\/p>\n<p><a href=\"https:\/\/static-blogs.diariosur.es\/wp-content\/uploads\/sites\/12\/2026\/03\/3.jpg\"><img loading=\"lazy\" class=\"aligncenter size-full wp-image-49421\" src=\"https:\/\/static-blogs.diariosur.es\/wp-content\/uploads\/sites\/12\/2026\/03\/3.jpg\" alt=\"\" width=\"1126\" height=\"1139\" srcset=\"https:\/\/static-blogs.diariosur.es\/wp-content\/uploads\/sites\/12\/2026\/03\/3.jpg 1126w, https:\/\/static-blogs.diariosur.es\/wp-content\/uploads\/sites\/12\/2026\/03\/3-395x400.jpg 395w, https:\/\/static-blogs.diariosur.es\/wp-content\/uploads\/sites\/12\/2026\/03\/3-403x408.jpg 403w, https:\/\/static-blogs.diariosur.es\/wp-content\/uploads\/sites\/12\/2026\/03\/3-768x777.jpg 768w\" sizes=\"(max-width: 1126px) 100vw, 1126px\" \/><\/a><\/p>\n<p>&nbsp;<\/p>\n<p data-pm-slice=\"1 1 []\">El n\u00facleo de la dana estar\u00e1 encima de M\u00e1laga capital, pero desde esa posici\u00f3n no se esperan muchos litros en la provincia de M\u00e1laga. Las zonas m\u00e1s favorecidas ser\u00e1n las provincias de Granada, Almer\u00eda y Ja\u00e9n; la Aemet activa el aviso naranja y amarillo\u00a0 por nevadas en estas provincias. En la Sierra de las Nieves y la Maroma la cota de nieve rondar\u00e1 los 1100 metros, es probable que tambi\u00e9n nieve en el Torcal.<\/p>\n<p data-pm-slice=\"1 1 []\">Os pongo el acumulado del modelo europeo para ma\u00f1ana martes. El mi\u00e9rcoles baja mucho la probabilidad de precipitaciones.<\/p>\n<p data-pm-slice=\"1 1 []\"><a href=\"https:\/\/static-blogs.diariosur.es\/wp-content\/uploads\/sites\/12\/2026\/03\/martes.jpg\"><img loading=\"lazy\" class=\"aligncenter size-full wp-image-49422\" src=\"https:\/\/static-blogs.diariosur.es\/wp-content\/uploads\/sites\/12\/2026\/03\/martes.jpg\" alt=\"\" width=\"1142\" height=\"1130\" srcset=\"https:\/\/static-blogs.diariosur.es\/wp-content\/uploads\/sites\/12\/2026\/03\/martes.jpg 1142w, https:\/\/static-blogs.diariosur.es\/wp-content\/uploads\/sites\/12\/2026\/03\/martes-404x400.jpg 404w, https:\/\/static-blogs.diariosur.es\/wp-content\/uploads\/sites\/12\/2026\/03\/martes-412x408.jpg 412w, https:\/\/static-blogs.diariosur.es\/wp-content\/uploads\/sites\/12\/2026\/03\/martes-768x760.jpg 768w\" sizes=\"(max-width: 1142px) 100vw, 1142px\" \/><\/a><\/p>\n<p data-pm-slice=\"1 1 []\">Os dejo con el mapa de avisos por nevadas para ma\u00f1ana martes. Fuente Aemet<\/p>\n<p data-pm-slice=\"1 1 []\"><a href=\"https:\/\/static-blogs.diariosur.es\/wp-content\/uploads\/sites\/12\/2026\/03\/Captura-de-pantalla-2026-03-09-074443.jpg\"><img loading=\"lazy\" class=\"aligncenter size-full wp-image-49423\" src=\"https:\/\/static-blogs.diariosur.es\/wp-content\/uploads\/sites\/12\/2026\/03\/Captura-de-pantalla-2026-03-09-074443.jpg\" alt=\"\" width=\"1053\" height=\"825\" srcset=\"https:\/\/static-blogs.diariosur.es\/wp-content\/uploads\/sites\/12\/2026\/03\/Captura-de-pantalla-2026-03-09-074443.jpg 1053w, https:\/\/static-blogs.diariosur.es\/wp-content\/uploads\/sites\/12\/2026\/03\/Captura-de-pantalla-2026-03-09-074443-511x400.jpg 511w, https:\/\/static-blogs.diariosur.es\/wp-content\/uploads\/sites\/12\/2026\/03\/Captura-de-pantalla-2026-03-09-074443-521x408.jpg 521w, https:\/\/static-blogs.diariosur.es\/wp-content\/uploads\/sites\/12\/2026\/03\/Captura-de-pantalla-2026-03-09-074443-768x602.jpg 768w\" sizes=\"(max-width: 1053px) 100vw, 1053px\" \/><\/a><\/p>\n<p data-pm-slice=\"1 1 []\">\n","protected":false},"excerpt":{"rendered":"<p>Buenos d\u00edas, amigos de la meteo. Cuando son las siete de la ma\u00f1ana en M\u00e1laga capital, mi estaci\u00f3n registra 10 \u00baC, los cielos est\u00e1n poco nubosos y el viento sopla flojo de direcci\u00f3n variable. A primera hora de la tyarde hay probabilidad de chubascos por el interior de la provincia, no descarto algunas gotas por [&hellip;]<\/p>\n","protected":false},"author":16,"featured_media":49424,"comment_status":"open","ping_status":"open","sticky":false,"template":"","format":"standard","meta":[],"categories":[2],"tags":[100,151,307,569,587,676,690],"_links":{"self":[{"href":"https:\/\/blogs.diariosur.es\/tormentas-y-rayos\/wp-json\/wp\/v2\/posts\/49420"}],"collection":[{"href":"https:\/\/blogs.diariosur.es\/tormentas-y-rayos\/wp-json\/wp\/v2\/posts"}],"about":[{"href":"https:\/\/blogs.diariosur.es\/tormentas-y-rayos\/wp-json\/wp\/v2\/types\/post"}],"author":[{"embeddable":true,"href":"https:\/\/blogs.diariosur.es\/tormentas-y-rayos\/wp-json\/wp\/v2\/users\/16"}],"replies":[{"embeddable":true,"href":"https:\/\/blogs.diariosur.es\/tormentas-y-rayos\/wp-json\/wp\/v2\/comments?post=49420"}],"version-history":[{"count":2,"href":"https:\/\/blogs.diariosur.es\/tormentas-y-rayos\/wp-json\/wp\/v2\/posts\/49420\/revisions"}],"predecessor-version":[{"id":49426,"href":"https:\/\/blogs.diariosur.es\/tormentas-y-rayos\/wp-json\/wp\/v2\/posts\/49420\/revisions\/49426"}],"wp:featuredmedia":[{"embeddable":true,"href":"https:\/\/blogs.diariosur.es\/tormentas-y-rayos\/wp-json\/wp\/v2\/media\/49424"}],"wp:attachment":[{"href":"https:\/\/blogs.diariosur.es\/tormentas-y-rayos\/wp-json\/wp\/v2\/media?parent=49420"}],"wp:term":[{"taxonomy":"category","embeddable":true,"href":"https:\/\/blogs.diariosur.es\/tormentas-y-rayos\/wp-json\/wp\/v2\/categories?post=49420"},{"taxonomy":"post_tag","embeddable":true,"href":"https:\/\/blogs.diariosur.es\/tormentas-y-rayos\/wp-json\/wp\/v2\/tags?post=49420"}],"curies":[{"name":"wp","href":"https:\/\/api.w.org\/{rel}","templated":true}]}}