{"id":49430,"date":"2026-03-11T08:07:21","date_gmt":"2026-03-11T07:07:21","guid":{"rendered":"https:\/\/blogs.diariosur.es\/tormentas-y-rayos\/?p=49430"},"modified":"2026-03-11T08:07:21","modified_gmt":"2026-03-11T07:07:21","slug":"la-provincia-malaguena-registra-la-segunda-madrugada-mas-fria-del-ano-lo-peor-que-puede-pasar-en-semana-santa-es-lo-que-paso-ayer","status":"publish","type":"post","link":"https:\/\/blogs.diariosur.es\/tormentas-y-rayos\/2026\/03\/11\/la-provincia-malaguena-registra-la-segunda-madrugada-mas-fria-del-ano-lo-peor-que-puede-pasar-en-semana-santa-es-lo-que-paso-ayer\/","title":{"rendered":"La provincia malague\u00f1a registra la segunda madrugada m\u00e1s fr\u00eda del a\u00f1o. Lo peor que puede pasar en Semana Santa es lo que pas\u00f3 ayer."},"content":{"rendered":"<p data-pm-slice=\"1 1 []\"><a href=\"https:\/\/static-blogs.diariosur.es\/wp-content\/uploads\/sites\/12\/2026\/01\/613672492_10236016006599437_3433095068068293617_n.jpg\"><img loading=\"lazy\" class=\"aligncenter size-thumbnail wp-image-48524\" src=\"https:\/\/static-blogs.diariosur.es\/wp-content\/uploads\/sites\/12\/2026\/01\/613672492_10236016006599437_3433095068068293617_n-150x150.jpg\" alt=\"\" width=\"150\" height=\"150\" srcset=\"https:\/\/static-blogs.diariosur.es\/wp-content\/uploads\/sites\/12\/2026\/01\/613672492_10236016006599437_3433095068068293617_n-150x150.jpg 150w, https:\/\/static-blogs.diariosur.es\/wp-content\/uploads\/sites\/12\/2026\/01\/613672492_10236016006599437_3433095068068293617_n-401x400.jpg 401w, https:\/\/static-blogs.diariosur.es\/wp-content\/uploads\/sites\/12\/2026\/01\/613672492_10236016006599437_3433095068068293617_n-409x408.jpg 409w, https:\/\/static-blogs.diariosur.es\/wp-content\/uploads\/sites\/12\/2026\/01\/613672492_10236016006599437_3433095068068293617_n-768x765.jpg 768w, https:\/\/static-blogs.diariosur.es\/wp-content\/uploads\/sites\/12\/2026\/01\/613672492_10236016006599437_3433095068068293617_n.jpg 1440w\" sizes=\"(max-width: 150px) 100vw, 150px\" \/><\/a><\/p>\n<p data-pm-slice=\"1 1 []\">Buenos d\u00edas, amigos de la meteo. Cuando son las siete de la ma\u00f1ana en M\u00e1laga capital, el Aeropuerto registra 4,9 \u00b0C, los cielos est\u00e1n poco nubosos y el viento sopla flojo de direcci\u00f3n variable. Amigo Javier, de momento no se esperan rachas fuertes de viento; el castigo te lo he levantado, jijijij.<\/p>\n<h3 data-pm-slice=\"1 1 []\"><span style=\"color: #000000;\"><strong> La provincia registra la segunda madrugada m\u00e1s fr\u00eda del a\u00f1o<\/strong><\/span><\/h3>\n<p>Viendo registros desde que comenz\u00f3 2026, esta pasada madrugada ha sido en conjunto la segunda m\u00e1s fr\u00eda en la provincia. Os pongo algunas temperaturas m\u00ednimas<\/p>\n<p><span style=\"color: #0000ff;\"><strong>Archidona Vega -1,2 grados bajo cero<\/strong><\/span><\/p>\n<p><span style=\"color: #0000ff;\"><strong>Villanueva del Trabuco -0,9 grados bajo cero<\/strong><\/span><\/p>\n<p><span style=\"color: #0000ff;\"><strong>Villanueva del Rosario -0,4 grados bajo cero<\/strong><\/span><\/p>\n<p><span style=\"color: #0000ff;\"><strong>Alfarnate -1 grado bajo cero<\/strong><\/span><\/p>\n<p><span style=\"color: #0000ff;\"><strong>Ronda San Francico\u00a0 -0,2 grados bajo cero<\/strong><\/span><\/p>\n<p>Antequera 0,5 \u00baC<\/p>\n<p>M\u00e1laga Aeropuerto 4,9 \u00baC<\/p>\n<p>Nerja 8,6 \u00baC<\/p>\n<p>Algarrobo 6,6 \u00baC<\/p>\n<p>V\u00e9lez M\u00e1laga 6,3 \u00baC<\/p>\n<p>Ardales 2,1 \u00baC<\/p>\n<p>Campillos 1,8 \u00baC<\/p>\n<p>Almargen 0,2 \u00baC<\/p>\n<p>Arriate 0,7 \u00baC<\/p>\n<p>Humilladero 0,6 \u00baC<\/p>\n<p>Villanueva de la Concepci\u00f3n 0,6 \u00baC<\/p>\n<p>El Burgo 0,1 \u00baC<\/p>\n<p>Cartama 4,4 \u00baC<\/p>\n<p>Manilva 7,4 \u00baC<\/p>\n<p>Marbella 9,6 \u00bac<\/p>\n<p>Estepona 7,6 \u00baC<\/p>\n<p>Antequera 0,5 \u00baC<\/p>\n<p>Alameda 1,5 \u00baC<\/p>\n<p>El Borge 5,8 \u00baC<\/p>\n<p>Gauc\u00edn 2 \u00baC<\/p>\n<p>Benaoj\u00e1n 1,1 \u00baC<\/p>\n<p>Cortes de la Frontera 1,1 \u00baC<\/p>\n<p>Colmenar 2,3 \u00baC<\/p>\n<h3 data-pm-slice=\"1 1 []\"><span style=\"color: #ff0000;\"><strong>Lo peor que puede pasar en Semana Santa es lo que paso ayer<\/strong><\/span><\/h3>\n<p data-pm-slice=\"1 1 []\">Desde hace muchos a\u00f1os lo digo siempre: lo peor que puede pasar es que tengamos alguna dana o chubascos posfrontales. Ayer hasta las siete y media de la tarde nos afectaron chubascos; a partir de las ocho dej\u00f3 de llover. Esta misma dana tambi\u00e9n trajo precipitaciones a primeras horas de la madrugada por el interior, dejando nevadas en cotas bajas.<\/p>\n<p data-pm-slice=\"1 1 []\">El a\u00f1o pasado el Martes Santo pas\u00f3 igual con una granizada que cay\u00f3; unas cofrad\u00edas salieron y otras no.<\/p>\n<p data-pm-slice=\"1 1 []\">En la predicci\u00f3n que daba el Lunes Santo para el martes comentaba esto: <a href=\"https:\/\/blogs.diariosur.es\/tormentas-y-rayos\/2025\/04\/14\/masa-de-aire-polar-que-tiempo-tendremos-el-martes-santo-en-la-provincia-de-malaga\/\"><em><strong>En cuanto a las precipitaciones, hay que estar atentos a los chubascos posfrontales que se dar\u00e1n por la tarde en cualquier punto de la provincia; algunos modelos no los descartan en puntos de la costa malague\u00f1a acompa\u00f1ados de granizo menudo. Ma\u00f1ana, cuando os d\u00e9 la predicci\u00f3n del Mi\u00e9rcoles Santo, estar\u00e1 m\u00e1s claro cu\u00e1ndo baja la probabilidad de estos chubascos en las horas de las procesiones. Nuevamente hay que mirar el radar de lluvias. La cota de nieve puede rondar sobre los 1700 metros.\u00a0<\/strong><\/em><\/a><\/p>\n<p data-pm-slice=\"1 1 []\">\n<p>Os dejo con dos videos y una foto que hice desde la terraza y otras dos fotosde la granizada de zonas de C\u00f3mpeta y Churriana<\/p>\n<p>&nbsp;<\/p>\n<p><iframe loading=\"lazy\" title=\"Cumulonimbus en M\u00e1laga capital \" width=\"500\" height=\"281\" src=\"https:\/\/www.youtube.com\/embed\/JQypmK9LVbs?feature=oembed\" frameborder=\"0\" allow=\"accelerometer; autoplay; clipboard-write; encrypted-media; gyroscope; picture-in-picture; web-share\" referrerpolicy=\"strict-origin-when-cross-origin\" allowfullscreen><\/iframe><\/p>\n<p>&nbsp;<\/p>\n<p><iframe loading=\"lazy\" title=\"Cortinas de lluvias y granizo en M\u00e1laga capital \" width=\"500\" height=\"281\" src=\"https:\/\/www.youtube.com\/embed\/L1KgAggmkvI?feature=oembed\" frameborder=\"0\" allow=\"accelerometer; autoplay; clipboard-write; encrypted-media; gyroscope; picture-in-picture; web-share\" referrerpolicy=\"strict-origin-when-cross-origin\" allowfullscreen><\/iframe><\/p>\n<p>&nbsp;<\/p>\n<p><a href=\"https:\/\/static-blogs.diariosur.es\/wp-content\/uploads\/sites\/12\/2026\/03\/blog.jpg\"><img loading=\"lazy\" class=\"aligncenter size-full wp-image-49435\" src=\"https:\/\/static-blogs.diariosur.es\/wp-content\/uploads\/sites\/12\/2026\/03\/blog.jpg\" alt=\"\" width=\"1000\" height=\"750\" srcset=\"https:\/\/static-blogs.diariosur.es\/wp-content\/uploads\/sites\/12\/2026\/03\/blog.jpg 1000w, https:\/\/static-blogs.diariosur.es\/wp-content\/uploads\/sites\/12\/2026\/03\/blog-533x400.jpg 533w, https:\/\/static-blogs.diariosur.es\/wp-content\/uploads\/sites\/12\/2026\/03\/blog-544x408.jpg 544w, https:\/\/static-blogs.diariosur.es\/wp-content\/uploads\/sites\/12\/2026\/03\/blog-768x576.jpg 768w\" sizes=\"(max-width: 1000px) 100vw, 1000px\" \/><\/a><\/p>\n<p>&nbsp;<\/p>\n<p>Juan Carlos Bueno y Tahi Bueno zona de C\u00f3mpeta<\/p>\n<p>&nbsp;<\/p>\n<p><a href=\"https:\/\/static-blogs.diariosur.es\/wp-content\/uploads\/sites\/12\/2026\/03\/jose-calos-bueno-e1773210063824.jpg\"><img loading=\"lazy\" class=\"aligncenter size-full wp-image-49436\" src=\"https:\/\/static-blogs.diariosur.es\/wp-content\/uploads\/sites\/12\/2026\/03\/jose-calos-bueno-e1773210063824.jpg\" alt=\"\" width=\"1040\" height=\"1163\" \/><\/a><\/p>\n<p>&nbsp;<\/p>\n<p>Juan Aranda en Churriana<\/p>\n<p>&nbsp;<\/p>\n<p><a href=\"https:\/\/static-blogs.diariosur.es\/wp-content\/uploads\/sites\/12\/2026\/03\/juan-aranda-e1773210130974.jpg\"><img loading=\"lazy\" class=\"aligncenter size-full wp-image-49437\" src=\"https:\/\/static-blogs.diariosur.es\/wp-content\/uploads\/sites\/12\/2026\/03\/juan-aranda-e1773210130974.jpg\" alt=\"\" width=\"800\" height=\"1067\" \/><\/a><\/p>\n","protected":false},"excerpt":{"rendered":"<p>Buenos d\u00edas, amigos de la meteo. Cuando son las siete de la ma\u00f1ana en M\u00e1laga capital, el Aeropuerto registra 4,9 \u00b0C, los cielos est\u00e1n poco nubosos y el viento sopla flojo de direcci\u00f3n variable. Amigo Javier, de momento no se esperan rachas fuertes de viento; el castigo te lo he levantado, jijijij. La provincia registra [&hellip;]<\/p>\n","protected":false},"author":16,"featured_media":49436,"comment_status":"open","ping_status":"open","sticky":false,"template":"","format":"standard","meta":[],"categories":[2],"tags":[2090,358,432,465,888,902],"_links":{"self":[{"href":"https:\/\/blogs.diariosur.es\/tormentas-y-rayos\/wp-json\/wp\/v2\/posts\/49430"}],"collection":[{"href":"https:\/\/blogs.diariosur.es\/tormentas-y-rayos\/wp-json\/wp\/v2\/posts"}],"about":[{"href":"https:\/\/blogs.diariosur.es\/tormentas-y-rayos\/wp-json\/wp\/v2\/types\/post"}],"author":[{"embeddable":true,"href":"https:\/\/blogs.diariosur.es\/tormentas-y-rayos\/wp-json\/wp\/v2\/users\/16"}],"replies":[{"embeddable":true,"href":"https:\/\/blogs.diariosur.es\/tormentas-y-rayos\/wp-json\/wp\/v2\/comments?post=49430"}],"version-history":[{"count":5,"href":"https:\/\/blogs.diariosur.es\/tormentas-y-rayos\/wp-json\/wp\/v2\/posts\/49430\/revisions"}],"predecessor-version":[{"id":49439,"href":"https:\/\/blogs.diariosur.es\/tormentas-y-rayos\/wp-json\/wp\/v2\/posts\/49430\/revisions\/49439"}],"wp:featuredmedia":[{"embeddable":true,"href":"https:\/\/blogs.diariosur.es\/tormentas-y-rayos\/wp-json\/wp\/v2\/media\/49436"}],"wp:attachment":[{"href":"https:\/\/blogs.diariosur.es\/tormentas-y-rayos\/wp-json\/wp\/v2\/media?parent=49430"}],"wp:term":[{"taxonomy":"category","embeddable":true,"href":"https:\/\/blogs.diariosur.es\/tormentas-y-rayos\/wp-json\/wp\/v2\/categories?post=49430"},{"taxonomy":"post_tag","embeddable":true,"href":"https:\/\/blogs.diariosur.es\/tormentas-y-rayos\/wp-json\/wp\/v2\/tags?post=49430"}],"curies":[{"name":"wp","href":"https:\/\/api.w.org\/{rel}","templated":true}]}}