{"id":49442,"date":"2026-03-12T08:12:45","date_gmt":"2026-03-12T07:12:45","guid":{"rendered":"https:\/\/blogs.diariosur.es\/tormentas-y-rayos\/?p=49442"},"modified":"2026-03-12T08:14:05","modified_gmt":"2026-03-12T07:14:05","slug":"que-dia-se-espera-poniente-fuerte-y-terral-de-primavera-en-la-costa-malaguena","status":"publish","type":"post","link":"https:\/\/blogs.diariosur.es\/tormentas-y-rayos\/2026\/03\/12\/que-dia-se-espera-poniente-fuerte-y-terral-de-primavera-en-la-costa-malaguena\/","title":{"rendered":"\u00bfQu\u00e9 d\u00eda se espera poniente fuerte y terral de primavera en la costa malague\u00f1a?"},"content":{"rendered":"<p data-pm-slice=\"1 1 []\"><a href=\"https:\/\/static-blogs.diariosur.es\/wp-content\/uploads\/sites\/12\/2026\/01\/613672492_10236016006599437_3433095068068293617_n.jpg\"><img loading=\"lazy\" class=\"aligncenter size-thumbnail wp-image-48524\" src=\"https:\/\/static-blogs.diariosur.es\/wp-content\/uploads\/sites\/12\/2026\/01\/613672492_10236016006599437_3433095068068293617_n-150x150.jpg\" alt=\"\" width=\"150\" height=\"150\" srcset=\"https:\/\/static-blogs.diariosur.es\/wp-content\/uploads\/sites\/12\/2026\/01\/613672492_10236016006599437_3433095068068293617_n-150x150.jpg 150w, https:\/\/static-blogs.diariosur.es\/wp-content\/uploads\/sites\/12\/2026\/01\/613672492_10236016006599437_3433095068068293617_n-401x400.jpg 401w, https:\/\/static-blogs.diariosur.es\/wp-content\/uploads\/sites\/12\/2026\/01\/613672492_10236016006599437_3433095068068293617_n-409x408.jpg 409w, https:\/\/static-blogs.diariosur.es\/wp-content\/uploads\/sites\/12\/2026\/01\/613672492_10236016006599437_3433095068068293617_n-768x765.jpg 768w, https:\/\/static-blogs.diariosur.es\/wp-content\/uploads\/sites\/12\/2026\/01\/613672492_10236016006599437_3433095068068293617_n.jpg 1440w\" sizes=\"(max-width: 150px) 100vw, 150px\" \/><\/a><\/p>\n<p data-pm-slice=\"1 1 []\">Buenos d\u00edas, amigos de la meteo. Nuevamente madrugada fresquita en la provincia malague\u00f1a; destacar Archidona Vega con 2,2 \u00baC, Ronda 3 \u00baC, Antequera 4,6, Villanueva del Trabuco 2,9 \u00baC, El Burgo 3,3 \u00baC y M\u00e1laga capital Aeropuerto 6,7 \u00baC. Hoy subir\u00e1n las temperaturas m\u00e1ximas en toda la provincia; no se esperan rachas fuertes de viento ni lluvias.<\/p>\n<p>Ayer la temperatura m\u00e1xima en M\u00e1laga capital se registr\u00f3 en el Centro Meteorol\u00f3gico con 17,2 \u00baC y la m\u00ednima en el Aeropuerto con 4,7 \u00baC.<\/p>\n<h3><span style=\"color: #ff0000;\"><strong>\u00bfQu\u00e9 d\u00eda se espera poniente fuerte y terral de primavera en la costa malague\u00f1a?<\/strong><\/span><\/h3>\n<p data-pm-slice=\"1 1 []\">El s\u00e1bado se espera en toda la costa malague\u00f1a rachas fuertes de viento de poniente; en las zonas habituales ser\u00e1 de terral de primavera. Hay probabilidad de que en el interior norte de la provincia se d\u00e9 alg\u00fan chubasco d\u00e9bil y espor\u00e1dico; ma\u00f1ana, con los modelos en mesoescala, estar\u00e1 m\u00e1s claro. Las temperturas m\u00e1ximas bajaran por el interior de la provincia malague\u00f1a.<\/p>\n<p>En las costas de Granada y Almer\u00eda hay probabilidad de avisos por fen\u00f3menos costeros y viento; esto lo sabremos en pr\u00f3ximas actualizaciones de la Aemet. Por el interior de estas provincias antes mencionadas hay probabilidad de chubascos.<\/p>\n<p><strong>Ma\u00f1ana viernes aprovechar el d\u00eda, no se esperan rachas fuertes de viento, adem\u00e1s, las temperturas m\u00e1ximas rondaran en toda la provincia entre los 18 y 21 \u00baC.<\/strong><\/p>\n<h3><\/h3>\n<p><a href=\"https:\/\/static-blogs.diariosur.es\/wp-content\/uploads\/sites\/12\/2026\/03\/636976052_25813651051590545_3839843134625584147_n-e1773299506968.jpg\"><img loading=\"lazy\" class=\"aligncenter size-full wp-image-49443\" src=\"https:\/\/static-blogs.diariosur.es\/wp-content\/uploads\/sites\/12\/2026\/03\/636976052_25813651051590545_3839843134625584147_n-e1773299506968.jpg\" alt=\"\" width=\"1000\" height=\"667\" \/><\/a><\/p>\n<h3><\/h3>\n","protected":false},"excerpt":{"rendered":"<p>Buenos d\u00edas, amigos de la meteo. Nuevamente madrugada fresquita en la provincia malague\u00f1a; destacar Archidona Vega con 2,2 \u00baC, Ronda 3 \u00baC, Antequera 4,6, Villanueva del Trabuco 2,9 \u00baC, El Burgo 3,3 \u00baC y M\u00e1laga capital Aeropuerto 6,7 \u00baC. Hoy subir\u00e1n las temperaturas m\u00e1ximas en toda la provincia; no se esperan rachas fuertes de viento [&hellip;]<\/p>\n","protected":false},"author":16,"featured_media":49443,"comment_status":"open","ping_status":"open","sticky":false,"template":"","format":"standard","meta":[],"categories":[2],"tags":[100,151,587,791,975,1059],"_links":{"self":[{"href":"https:\/\/blogs.diariosur.es\/tormentas-y-rayos\/wp-json\/wp\/v2\/posts\/49442"}],"collection":[{"href":"https:\/\/blogs.diariosur.es\/tormentas-y-rayos\/wp-json\/wp\/v2\/posts"}],"about":[{"href":"https:\/\/blogs.diariosur.es\/tormentas-y-rayos\/wp-json\/wp\/v2\/types\/post"}],"author":[{"embeddable":true,"href":"https:\/\/blogs.diariosur.es\/tormentas-y-rayos\/wp-json\/wp\/v2\/users\/16"}],"replies":[{"embeddable":true,"href":"https:\/\/blogs.diariosur.es\/tormentas-y-rayos\/wp-json\/wp\/v2\/comments?post=49442"}],"version-history":[{"count":2,"href":"https:\/\/blogs.diariosur.es\/tormentas-y-rayos\/wp-json\/wp\/v2\/posts\/49442\/revisions"}],"predecessor-version":[{"id":49445,"href":"https:\/\/blogs.diariosur.es\/tormentas-y-rayos\/wp-json\/wp\/v2\/posts\/49442\/revisions\/49445"}],"wp:featuredmedia":[{"embeddable":true,"href":"https:\/\/blogs.diariosur.es\/tormentas-y-rayos\/wp-json\/wp\/v2\/media\/49443"}],"wp:attachment":[{"href":"https:\/\/blogs.diariosur.es\/tormentas-y-rayos\/wp-json\/wp\/v2\/media?parent=49442"}],"wp:term":[{"taxonomy":"category","embeddable":true,"href":"https:\/\/blogs.diariosur.es\/tormentas-y-rayos\/wp-json\/wp\/v2\/categories?post=49442"},{"taxonomy":"post_tag","embeddable":true,"href":"https:\/\/blogs.diariosur.es\/tormentas-y-rayos\/wp-json\/wp\/v2\/tags?post=49442"}],"curies":[{"name":"wp","href":"https:\/\/api.w.org\/{rel}","templated":true}]}}