{"id":49466,"date":"2026-03-13T08:07:10","date_gmt":"2026-03-13T07:07:10","guid":{"rendered":"https:\/\/blogs.diariosur.es\/tormentas-y-rayos\/?p=49466"},"modified":"2026-03-13T08:07:10","modified_gmt":"2026-03-13T07:07:10","slug":"cuarto-aniversario-de-cuando-el-desierto-del-sahara-llego-a-las-puertas-de-las-casas-en-malaga-espectaculares-fotos-y-videos","status":"publish","type":"post","link":"https:\/\/blogs.diariosur.es\/tormentas-y-rayos\/2026\/03\/13\/cuarto-aniversario-de-cuando-el-desierto-del-sahara-llego-a-las-puertas-de-las-casas-en-malaga-espectaculares-fotos-y-videos\/","title":{"rendered":"Cuarto aniversario de cuando el desierto del S\u00e1hara lleg\u00f3 a las puertas de las casas en M\u00e1laga. Espectaculares fotos y videos"},"content":{"rendered":"<p data-pm-slice=\"1 1 []\"><a href=\"https:\/\/static-blogs.diariosur.es\/wp-content\/uploads\/sites\/12\/2025\/10\/444912498_10228884468795449_97962860407814916_n-e1763121197919.jpg\"><img loading=\"lazy\" class=\"aligncenter size-thumbnail wp-image-46969\" src=\"https:\/\/static-blogs.diariosur.es\/wp-content\/uploads\/sites\/12\/2025\/10\/444912498_10228884468795449_97962860407814916_n-150x150.jpg\" alt=\"\" width=\"150\" height=\"150\" \/><\/a><\/p>\n<p data-pm-slice=\"1 1 []\">Hace cuatro a\u00f1os aconteci\u00f3 en M\u00e1laga un fen\u00f3meno que nos llam\u00f3 much\u00edsimo la atenci\u00f3n; s\u00ed, me refiero a la <strong>CALIMA<\/strong>, que desde ese d\u00eda nos acompa\u00f1\u00f3 durante alg\u00fan tiempo. \u00bfPero qu\u00e9 es la calima? Pues nada m\u00e1s y nada menos que granos muy finos de arena del S\u00e1hara que son transportados por vientos de componente sur, y que, atravesando el mar Mediterr\u00e1neo, acaban en la pen\u00ednsula ib\u00e9rica e incluso en el sur de Europa. Esto puede ocurrir en cualquier \u00e9poca del a\u00f1o, pero si se dan las circunstancias apropiadas, borrascas, frentes, etc., pueden acabar como las de 2022, o sea, como lluvias de barro, que puede que les sentara muy bien a las plantas, pero nos dej\u00f3 la ropa de los tendederos, los coches, las fachadas y a nosotros perdidos de lodo.<\/p>\n<p>Tuvimos dos episodios el 14 y 24; este \u00faltimo fue el que m\u00e1s lluvia de barro descarg\u00f3, sobre todo en nuestra comunidad y M\u00e1laga.<\/p>\n<p>El d\u00eda 13, tald\u00eda como hoy, nadie podr\u00eda imaginarse los cielos marcianos que tendr\u00edamos al d\u00eda siguiente.<\/p>\n<p>Os paso una foto del d\u00eda 13 de mi amigo\u00a0<strong>Francisco Javier Gonz\u00e1lez Gonz\u00e1lez<\/strong>. El cielo anunciaba cambios.<\/p>\n<p>&nbsp;<\/p>\n<p><a href=\"https:\/\/static-blogs.diariosur.es\/wp-content\/uploads\/sites\/12\/2023\/03\/275676141_10224203414972029_5553202691453558250_n-1-e1678685121461.jpg\"><img loading=\"lazy\" class=\"aligncenter size-full wp-image-36389\" src=\"https:\/\/static-blogs.diariosur.es\/wp-content\/uploads\/sites\/12\/2023\/03\/275676141_10224203414972029_5553202691453558250_n-1-e1678685121461.jpg\" alt=\"\" width=\"900\" height=\"437\" \/><\/a><\/p>\n<p>&nbsp;<\/p>\n<p>&nbsp;<\/p>\n<p data-pm-slice=\"1 1 []\"><strong>El primer episodio<\/strong>\u00a0se debi\u00f3 a la borrasca Celia (BFA), que no solo trajo precipitaciones de barro, tambi\u00e9n un aviso rojo por fuertes lluvias en M\u00e1laga.\u00a0 Me acuerdo perfectamente del polvo en suspensi\u00f3n que ten\u00edamos a primera hora de la ma\u00f1ana del 14 y 15 en los suelos de las aceras de M\u00e1laga y gente barriendo.<\/p>\n<p>Celia se form\u00f3 por una potente vaguada que se descolg\u00f3 hacia el suroeste de la pen\u00ednsula, para m\u00e1s tarde cerrarse y formar una dana con reflejo en todos los niveles, lo que llamamos BFA.<\/p>\n<p>Os paso dos im\u00e1genes del sat\u00e9lite Eumetsat, la primera de masas de aire y la segunda de vapor de agua. Fuente: AEMET, Meteogalicia<\/p>\n<p>&nbsp;<\/p>\n<p>&nbsp;<\/p>\n<p><a href=\"https:\/\/static-blogs.diariosur.es\/wp-content\/uploads\/sites\/12\/2023\/03\/275663341_10224203582136208_2881468227536797137_n.jpg\"><img loading=\"lazy\" class=\"aligncenter size-full wp-image-36390\" src=\"https:\/\/static-blogs.diariosur.es\/wp-content\/uploads\/sites\/12\/2023\/03\/275663341_10224203582136208_2881468227536797137_n.jpg\" sizes=\"(max-width: 550px) 100vw, 550px\" srcset=\"https:\/\/static-blogs.diariosur.es\/wp-content\/uploads\/sites\/12\/2023\/03\/275663341_10224203582136208_2881468227536797137_n.jpg 550w, https:\/\/static-blogs.diariosur.es\/wp-content\/uploads\/sites\/12\/2023\/03\/275663341_10224203582136208_2881468227536797137_n-451x400.jpg 451w\" alt=\"\" width=\"550\" height=\"488\" \/><\/a><\/p>\n<p>&nbsp;<\/p>\n<p><a href=\"https:\/\/static-blogs.diariosur.es\/wp-content\/uploads\/sites\/12\/2023\/03\/275664457_10224203582656221_1877780657906501807_n.jpg\"><img loading=\"lazy\" class=\"aligncenter size-full wp-image-36391\" src=\"https:\/\/static-blogs.diariosur.es\/wp-content\/uploads\/sites\/12\/2023\/03\/275664457_10224203582656221_1877780657906501807_n.jpg\" sizes=\"(max-width: 750px) 100vw, 750px\" srcset=\"https:\/\/static-blogs.diariosur.es\/wp-content\/uploads\/sites\/12\/2023\/03\/275664457_10224203582656221_1877780657906501807_n.jpg 750w, https:\/\/static-blogs.diariosur.es\/wp-content\/uploads\/sites\/12\/2023\/03\/275664457_10224203582656221_1877780657906501807_n-600x400.jpg 600w\" alt=\"\" width=\"750\" height=\"500\" \/><\/a><\/p>\n<p>&nbsp;<\/p>\n<p><strong>Os pongo el mapa de superficie de la aemet y el aviso rojo del 14.<\/strong><\/p>\n<p><a href=\"https:\/\/static-blogs.diariosur.es\/wp-content\/uploads\/sites\/12\/2023\/03\/2022031412024_ww_g1x0a2d1-e1647326032492.gif\"><img loading=\"lazy\" class=\"aligncenter size-full wp-image-36328\" src=\"https:\/\/static-blogs.diariosur.es\/wp-content\/uploads\/sites\/12\/2023\/03\/2022031412024_ww_g1x0a2d1-e1647326032492.gif\" alt=\"\" width=\"1200\" height=\"840\" \/><\/a><\/p>\n<p>&nbsp;<\/p>\n<p><a href=\"https:\/\/static-blogs.diariosur.es\/wp-content\/uploads\/sites\/12\/2023\/03\/Captura-7.jpg\"><img loading=\"lazy\" class=\"aligncenter size-full wp-image-36326\" src=\"https:\/\/static-blogs.diariosur.es\/wp-content\/uploads\/sites\/12\/2023\/03\/Captura-7.jpg\" sizes=\"(max-width: 699px) 100vw, 699px\" srcset=\"https:\/\/static-blogs.diariosur.es\/wp-content\/uploads\/sites\/12\/2023\/03\/Captura-7.jpg 699w, https:\/\/static-blogs.diariosur.es\/wp-content\/uploads\/sites\/12\/2023\/03\/Captura-7-508x400.jpg 508w\" alt=\"\" width=\"699\" height=\"550\" \/><\/a><\/p>\n<p>&nbsp;<\/p>\n<p data-pm-slice=\"1 1 []\"><strong>El segundo episodio<\/strong>\u00a0se debi\u00f3 a otra dana que tambi\u00e9n se situ\u00f3 en el Golfo de C\u00e1diz; tambi\u00e9n se activaron avisos por lluvias. El 24 llovi\u00f3 barro en la provincia malague\u00f1a por la noche; fue de tal magnitud e intensidad que los faros de los coches se taparon por el barro y no alumbraban; tambi\u00e9n los parabrisas no daban abasto. Muchos automovilistas pararon en los arcenes de las carreteras por falta de visibilidad.<\/p>\n<p><strong>Mapa del d\u00eda 24 a 500 hpa del modelo europeo, fuente Meteociel, y el aviso naranja del 23.<\/strong><\/p>\n<p>&nbsp;<\/p>\n<p><a href=\"https:\/\/static-blogs.diariosur.es\/wp-content\/uploads\/sites\/12\/2023\/03\/archives-2022-3-24-0-0.png\"><img loading=\"lazy\" class=\"aligncenter size-full wp-image-36349\" src=\"https:\/\/static-blogs.diariosur.es\/wp-content\/uploads\/sites\/12\/2023\/03\/archives-2022-3-24-0-0.png\" sizes=\"(max-width: 768px) 100vw, 768px\" srcset=\"https:\/\/static-blogs.diariosur.es\/wp-content\/uploads\/sites\/12\/2023\/03\/archives-2022-3-24-0-0.png 768w, https:\/\/static-blogs.diariosur.es\/wp-content\/uploads\/sites\/12\/2023\/03\/archives-2022-3-24-0-0-600x400.png 600w\" alt=\"\" width=\"768\" height=\"512\" \/><\/a><\/p>\n<p>&nbsp;<\/p>\n<p><a href=\"https:\/\/static-blogs.diariosur.es\/wp-content\/uploads\/sites\/12\/2023\/03\/Captura-15.jpg\"><img loading=\"lazy\" class=\"aligncenter size-full wp-image-36355\" src=\"https:\/\/static-blogs.diariosur.es\/wp-content\/uploads\/sites\/12\/2023\/03\/Captura-15.jpg\" sizes=\"(max-width: 700px) 100vw, 700px\" srcset=\"https:\/\/static-blogs.diariosur.es\/wp-content\/uploads\/sites\/12\/2023\/03\/Captura-15.jpg 700w, https:\/\/static-blogs.diariosur.es\/wp-content\/uploads\/sites\/12\/2023\/03\/Captura-15-508x400.jpg 508w\" alt=\"\" width=\"700\" height=\"551\" \/><\/a><\/p>\n<p>&nbsp;<\/p>\n<p>Esta imagen de la pen\u00ednsula con la calima lo dice todo.<\/p>\n<p>&nbsp;<\/p>\n<p><a href=\"https:\/\/static-blogs.diariosur.es\/wp-content\/uploads\/sites\/12\/2023\/03\/descarga-1.png\"><img loading=\"lazy\" class=\"aligncenter size-full wp-image-36329\" src=\"https:\/\/static-blogs.diariosur.es\/wp-content\/uploads\/sites\/12\/2023\/03\/descarga-1.png\" sizes=\"(max-width: 567px) 100vw, 567px\" srcset=\"https:\/\/static-blogs.diariosur.es\/wp-content\/uploads\/sites\/12\/2023\/03\/descarga-1.png 567w, https:\/\/static-blogs.diariosur.es\/wp-content\/uploads\/sites\/12\/2023\/03\/descarga-1-325x400.png 325w\" alt=\"\" width=\"567\" height=\"698\" \/><\/a><\/p>\n<h3><\/h3>\n<p>&nbsp;<\/p>\n<p><strong>Primer episodio.<\/strong><\/p>\n<p><strong>Comenzamos con el d\u00eda 14 y 15 con fotos y videos.\u00a0<\/strong><\/p>\n<h3><\/h3>\n<p><iframe loading=\"lazy\" title=\"YouTube video player\" src=\"https:\/\/www.youtube.com\/embed\/OuE_S3NSApY\" width=\"560\" height=\"315\" frameborder=\"0\" allowfullscreen=\"allowfullscreen\" data-mce-fragment=\"1\"><\/iframe><\/p>\n<p>&nbsp;<\/p>\n<p><a href=\"https:\/\/static-blogs.diariosur.es\/wp-content\/uploads\/sites\/12\/2023\/03\/ESCUDERO-2-e1678520900151.jpg\"><img loading=\"lazy\" class=\"aligncenter size-full wp-image-36330\" src=\"https:\/\/static-blogs.diariosur.es\/wp-content\/uploads\/sites\/12\/2023\/03\/ESCUDERO-2-e1678520900151.jpg\" alt=\"\" width=\"1200\" height=\"800\" \/><\/a><\/p>\n<p>&nbsp;<\/p>\n<p><a href=\"https:\/\/static-blogs.diariosur.es\/wp-content\/uploads\/sites\/12\/2023\/03\/a.jpg\"><img loading=\"lazy\" class=\"aligncenter size-full wp-image-36331\" src=\"https:\/\/static-blogs.diariosur.es\/wp-content\/uploads\/sites\/12\/2023\/03\/a.jpg\" sizes=\"(max-width: 1024px) 100vw, 1024px\" srcset=\"https:\/\/static-blogs.diariosur.es\/wp-content\/uploads\/sites\/12\/2023\/03\/a.jpg 1024w, https:\/\/static-blogs.diariosur.es\/wp-content\/uploads\/sites\/12\/2023\/03\/a-600x400.jpg 600w, https:\/\/static-blogs.diariosur.es\/wp-content\/uploads\/sites\/12\/2023\/03\/a-768x512.jpg 768w\" alt=\"\" width=\"1024\" height=\"683\" \/><\/a><\/p>\n<p>&nbsp;<\/p>\n<p><a href=\"https:\/\/static-blogs.diariosur.es\/wp-content\/uploads\/sites\/12\/2023\/03\/a2.jpg\"><img loading=\"lazy\" class=\"aligncenter size-full wp-image-36332\" src=\"https:\/\/static-blogs.diariosur.es\/wp-content\/uploads\/sites\/12\/2023\/03\/a2.jpg\" sizes=\"(max-width: 1024px) 100vw, 1024px\" srcset=\"https:\/\/static-blogs.diariosur.es\/wp-content\/uploads\/sites\/12\/2023\/03\/a2.jpg 1024w, https:\/\/static-blogs.diariosur.es\/wp-content\/uploads\/sites\/12\/2023\/03\/a2-600x400.jpg 600w, https:\/\/static-blogs.diariosur.es\/wp-content\/uploads\/sites\/12\/2023\/03\/a2-768x512.jpg 768w\" alt=\"\" width=\"1024\" height=\"683\" \/><\/a><\/p>\n<p>&nbsp;<\/p>\n<p><a href=\"https:\/\/static-blogs.diariosur.es\/wp-content\/uploads\/sites\/12\/2023\/03\/a3.jpg\"><img loading=\"lazy\" class=\"aligncenter size-full wp-image-36333\" src=\"https:\/\/static-blogs.diariosur.es\/wp-content\/uploads\/sites\/12\/2023\/03\/a3.jpg\" sizes=\"(max-width: 1024px) 100vw, 1024px\" srcset=\"https:\/\/static-blogs.diariosur.es\/wp-content\/uploads\/sites\/12\/2023\/03\/a3.jpg 1024w, https:\/\/static-blogs.diariosur.es\/wp-content\/uploads\/sites\/12\/2023\/03\/a3-600x400.jpg 600w, https:\/\/static-blogs.diariosur.es\/wp-content\/uploads\/sites\/12\/2023\/03\/a3-768x512.jpg 768w\" alt=\"\" width=\"1024\" height=\"683\" \/><\/a><\/p>\n<p>&nbsp;<\/p>\n<p><a href=\"https:\/\/static-blogs.diariosur.es\/wp-content\/uploads\/sites\/12\/2023\/03\/a5.jpg\"><img loading=\"lazy\" class=\"aligncenter size-full wp-image-36334\" src=\"https:\/\/static-blogs.diariosur.es\/wp-content\/uploads\/sites\/12\/2023\/03\/a5.jpg\" sizes=\"(max-width: 1024px) 100vw, 1024px\" srcset=\"https:\/\/static-blogs.diariosur.es\/wp-content\/uploads\/sites\/12\/2023\/03\/a5.jpg 1024w, https:\/\/static-blogs.diariosur.es\/wp-content\/uploads\/sites\/12\/2023\/03\/a5-600x400.jpg 600w, https:\/\/static-blogs.diariosur.es\/wp-content\/uploads\/sites\/12\/2023\/03\/a5-768x512.jpg 768w\" alt=\"\" width=\"1024\" height=\"683\" \/><\/a><\/p>\n<p>&nbsp;<\/p>\n<h3><a href=\"https:\/\/static-blogs.diariosur.es\/wp-content\/uploads\/sites\/12\/2023\/03\/335076680_2163679110486146_2132335257427610799_n.jpg\"><img loading=\"lazy\" class=\"aligncenter size-full wp-image-36393\" src=\"https:\/\/static-blogs.diariosur.es\/wp-content\/uploads\/sites\/12\/2023\/03\/335076680_2163679110486146_2132335257427610799_n.jpg\" sizes=\"(max-width: 900px) 100vw, 900px\" srcset=\"https:\/\/static-blogs.diariosur.es\/wp-content\/uploads\/sites\/12\/2023\/03\/335076680_2163679110486146_2132335257427610799_n.jpg 900w, https:\/\/static-blogs.diariosur.es\/wp-content\/uploads\/sites\/12\/2023\/03\/335076680_2163679110486146_2132335257427610799_n-533x400.jpg 533w, https:\/\/static-blogs.diariosur.es\/wp-content\/uploads\/sites\/12\/2023\/03\/335076680_2163679110486146_2132335257427610799_n-768x576.jpg 768w\" alt=\"\" width=\"900\" height=\"675\" \/><\/a><\/h3>\n<p>&nbsp;<\/p>\n<p><a href=\"https:\/\/static-blogs.diariosur.es\/wp-content\/uploads\/sites\/12\/2023\/03\/335458765_1248033826134194_5561155230495485952_n.jpg\"><img loading=\"lazy\" class=\"aligncenter size-full wp-image-36394\" src=\"https:\/\/static-blogs.diariosur.es\/wp-content\/uploads\/sites\/12\/2023\/03\/335458765_1248033826134194_5561155230495485952_n.jpg\" sizes=\"(max-width: 700px) 100vw, 700px\" srcset=\"https:\/\/static-blogs.diariosur.es\/wp-content\/uploads\/sites\/12\/2023\/03\/335458765_1248033826134194_5561155230495485952_n.jpg 700w, https:\/\/static-blogs.diariosur.es\/wp-content\/uploads\/sites\/12\/2023\/03\/335458765_1248033826134194_5561155230495485952_n-300x400.jpg 300w\" alt=\"\" width=\"700\" height=\"933\" \/><\/a><\/p>\n<p>&nbsp;<\/p>\n<p>&nbsp;<\/p>\n<p>La borrasca Celia tambi\u00e9n trajo el d\u00eda 14 una bonita nevada en el Cortijo de las Navas en Parauta. Fotos de Paqui y Clara.<\/p>\n<p>&nbsp;<\/p>\n<p><a href=\"https:\/\/static-blogs.diariosur.es\/wp-content\/uploads\/sites\/12\/2023\/03\/275770487_10224207659198132_3790869529188114408_n-e1678772174699.jpg\"><img loading=\"lazy\" class=\"aligncenter size-full wp-image-36403\" src=\"https:\/\/static-blogs.diariosur.es\/wp-content\/uploads\/sites\/12\/2023\/03\/275770487_10224207659198132_3790869529188114408_n-e1678772174699.jpg\" alt=\"\" width=\"900\" height=\"675\" \/><\/a><\/p>\n<p>&nbsp;<\/p>\n<p><a href=\"https:\/\/static-blogs.diariosur.es\/wp-content\/uploads\/sites\/12\/2023\/03\/275579502_10224207660198157_4628079779528778112_n-e1678772200450.jpg\"><img loading=\"lazy\" class=\"aligncenter size-full wp-image-36404\" src=\"https:\/\/static-blogs.diariosur.es\/wp-content\/uploads\/sites\/12\/2023\/03\/275579502_10224207660198157_4628079779528778112_n-e1678772200450.jpg\" alt=\"\" width=\"900\" height=\"675\" \/><\/a><\/p>\n<h3><strong>Segundo episodio<\/strong><\/h3>\n<h3><strong>Dia 24. La impresionante lluvia de barro.<\/strong><\/h3>\n<p>El primer video fue a las nueve de la ma\u00f1ana. Los siguientes por la tarde y noche.<\/p>\n<p>&nbsp;<\/p>\n<p><iframe loading=\"lazy\" title=\"YouTube video player\" src=\"https:\/\/www.youtube.com\/embed\/ggPqSub9KA4\" width=\"560\" height=\"315\" frameborder=\"0\" allowfullscreen=\"allowfullscreen\" data-mce-fragment=\"1\"><\/iframe><\/p>\n<p><iframe loading=\"lazy\" title=\"YouTube video player\" src=\"https:\/\/www.youtube.com\/embed\/MFCJpcwmPTw\" width=\"560\" height=\"315\" frameborder=\"0\" allowfullscreen=\"allowfullscreen\" data-mce-fragment=\"1\"><\/iframe><\/p>\n<p><iframe loading=\"lazy\" title=\"YouTube video player\" src=\"https:\/\/www.youtube.com\/embed\/H4ftuMcPD0k\" width=\"560\" height=\"315\" frameborder=\"0\" allowfullscreen=\"allowfullscreen\" data-mce-fragment=\"1\"><\/iframe><\/p>\n<p><iframe loading=\"lazy\" title=\"YouTube video player\" src=\"https:\/\/www.youtube.com\/embed\/AC3YnCij3zc\" width=\"560\" height=\"315\" frameborder=\"0\" allowfullscreen=\"allowfullscreen\" data-mce-fragment=\"1\"><\/iframe><\/p>\n<p><iframe loading=\"lazy\" title=\"YouTube video player\" src=\"https:\/\/www.youtube.com\/embed\/jes475zbGYU\" width=\"560\" height=\"315\" frameborder=\"0\" allowfullscreen=\"allowfullscreen\" data-mce-fragment=\"1\"><\/iframe><\/p>\n<p>&nbsp;<\/p>\n<p><a href=\"https:\/\/static-blogs.diariosur.es\/wp-content\/uploads\/sites\/12\/2023\/03\/24-de-marzo.jpg\"><img loading=\"lazy\" class=\"aligncenter size-full wp-image-36335\" src=\"https:\/\/static-blogs.diariosur.es\/wp-content\/uploads\/sites\/12\/2023\/03\/24-de-marzo.jpg\" sizes=\"(max-width: 1024px) 100vw, 1024px\" srcset=\"https:\/\/static-blogs.diariosur.es\/wp-content\/uploads\/sites\/12\/2023\/03\/24-de-marzo.jpg 1024w, https:\/\/static-blogs.diariosur.es\/wp-content\/uploads\/sites\/12\/2023\/03\/24-de-marzo-640x361.jpg 640w, https:\/\/static-blogs.diariosur.es\/wp-content\/uploads\/sites\/12\/2023\/03\/24-de-marzo-768x433.jpg 768w\" alt=\"\" width=\"1024\" height=\"577\" \/><\/a><\/p>\n<p>&nbsp;<\/p>\n<p><a href=\"https:\/\/static-blogs.diariosur.es\/wp-content\/uploads\/sites\/12\/2023\/03\/b.jpg\"><img loading=\"lazy\" class=\"aligncenter size-full wp-image-36336\" src=\"https:\/\/static-blogs.diariosur.es\/wp-content\/uploads\/sites\/12\/2023\/03\/b.jpg\" sizes=\"(max-width: 800px) 100vw, 800px\" srcset=\"https:\/\/static-blogs.diariosur.es\/wp-content\/uploads\/sites\/12\/2023\/03\/b.jpg 800w, https:\/\/static-blogs.diariosur.es\/wp-content\/uploads\/sites\/12\/2023\/03\/b-533x400.jpg 533w, https:\/\/static-blogs.diariosur.es\/wp-content\/uploads\/sites\/12\/2023\/03\/b-768x576.jpg 768w\" alt=\"\" width=\"800\" height=\"600\" \/><\/a><\/p>\n<p>&nbsp;<\/p>\n<p><a href=\"https:\/\/static-blogs.diariosur.es\/wp-content\/uploads\/sites\/12\/2023\/03\/b1.jpg\"><img loading=\"lazy\" class=\"aligncenter size-full wp-image-36337\" src=\"https:\/\/static-blogs.diariosur.es\/wp-content\/uploads\/sites\/12\/2023\/03\/b1.jpg\" sizes=\"(max-width: 900px) 100vw, 900px\" srcset=\"https:\/\/static-blogs.diariosur.es\/wp-content\/uploads\/sites\/12\/2023\/03\/b1.jpg 900w, https:\/\/static-blogs.diariosur.es\/wp-content\/uploads\/sites\/12\/2023\/03\/b1-533x400.jpg 533w, https:\/\/static-blogs.diariosur.es\/wp-content\/uploads\/sites\/12\/2023\/03\/b1-768x576.jpg 768w\" alt=\"\" width=\"900\" height=\"675\" \/><\/a><\/p>\n<p>&nbsp;<\/p>\n<p><a href=\"https:\/\/static-blogs.diariosur.es\/wp-content\/uploads\/sites\/12\/2023\/03\/b2.jpg\"><img loading=\"lazy\" class=\"aligncenter size-full wp-image-36338\" src=\"https:\/\/static-blogs.diariosur.es\/wp-content\/uploads\/sites\/12\/2023\/03\/b2.jpg\" sizes=\"(max-width: 800px) 100vw, 800px\" srcset=\"https:\/\/static-blogs.diariosur.es\/wp-content\/uploads\/sites\/12\/2023\/03\/b2.jpg 800w, https:\/\/static-blogs.diariosur.es\/wp-content\/uploads\/sites\/12\/2023\/03\/b2-533x400.jpg 533w, https:\/\/static-blogs.diariosur.es\/wp-content\/uploads\/sites\/12\/2023\/03\/b2-768x576.jpg 768w\" alt=\"\" width=\"800\" height=\"600\" \/><\/a><\/p>\n<p>&nbsp;<\/p>\n<p><a href=\"https:\/\/static-blogs.diariosur.es\/wp-content\/uploads\/sites\/12\/2023\/03\/b3.jpg\"><img loading=\"lazy\" class=\"aligncenter size-full wp-image-36339\" src=\"https:\/\/static-blogs.diariosur.es\/wp-content\/uploads\/sites\/12\/2023\/03\/b3.jpg\" sizes=\"(max-width: 800px) 100vw, 800px\" srcset=\"https:\/\/static-blogs.diariosur.es\/wp-content\/uploads\/sites\/12\/2023\/03\/b3.jpg 800w, https:\/\/static-blogs.diariosur.es\/wp-content\/uploads\/sites\/12\/2023\/03\/b3-533x400.jpg 533w, https:\/\/static-blogs.diariosur.es\/wp-content\/uploads\/sites\/12\/2023\/03\/b3-768x576.jpg 768w\" alt=\"\" width=\"800\" height=\"600\" \/><\/a><\/p>\n<p>&nbsp;<\/p>\n<p>Muchas casas amanecieron as\u00ed en M\u00e1laga al d\u00eda siguiente.<\/p>\n<p>&nbsp;<\/p>\n<p><a href=\"https:\/\/static-blogs.diariosur.es\/wp-content\/uploads\/sites\/12\/2023\/03\/c-e1678525401300.jpg\"><img loading=\"lazy\" class=\"aligncenter size-full wp-image-36342\" src=\"https:\/\/static-blogs.diariosur.es\/wp-content\/uploads\/sites\/12\/2023\/03\/c-e1678525401300.jpg\" alt=\"\" width=\"800\" height=\"1067\" \/><\/a><\/p>\n<p>&nbsp;<\/p>\n<p><a href=\"https:\/\/static-blogs.diariosur.es\/wp-content\/uploads\/sites\/12\/2023\/03\/c1.jpg\"><img loading=\"lazy\" class=\"aligncenter size-full wp-image-36343\" src=\"https:\/\/static-blogs.diariosur.es\/wp-content\/uploads\/sites\/12\/2023\/03\/c1.jpg\" sizes=\"(max-width: 960px) 100vw, 960px\" srcset=\"https:\/\/static-blogs.diariosur.es\/wp-content\/uploads\/sites\/12\/2023\/03\/c1.jpg 960w, https:\/\/static-blogs.diariosur.es\/wp-content\/uploads\/sites\/12\/2023\/03\/c1-533x400.jpg 533w, https:\/\/static-blogs.diariosur.es\/wp-content\/uploads\/sites\/12\/2023\/03\/c1-768x576.jpg 768w\" alt=\"\" width=\"960\" height=\"720\" \/><\/a><\/p>\n<p>&nbsp;<\/p>\n<p><a href=\"https:\/\/static-blogs.diariosur.es\/wp-content\/uploads\/sites\/12\/2023\/03\/51965867227_25bb125dfb_b.jpg\"><img loading=\"lazy\" class=\"aligncenter size-full wp-image-36350\" src=\"https:\/\/static-blogs.diariosur.es\/wp-content\/uploads\/sites\/12\/2023\/03\/51965867227_25bb125dfb_b.jpg\" sizes=\"(max-width: 768px) 100vw, 768px\" srcset=\"https:\/\/static-blogs.diariosur.es\/wp-content\/uploads\/sites\/12\/2023\/03\/51965867227_25bb125dfb_b.jpg 768w, https:\/\/static-blogs.diariosur.es\/wp-content\/uploads\/sites\/12\/2023\/03\/51965867227_25bb125dfb_b-300x400.jpg 300w\" alt=\"\" width=\"768\" height=\"1024\" \/><\/a><\/p>\n<p>Fotos de mi amigo Enrique Bandera. Piscina de la comunidad y bloque.<\/p>\n<p><a href=\"https:\/\/static-blogs.diariosur.es\/wp-content\/uploads\/sites\/12\/2023\/03\/IMG-20230313-WA0010-e1678708678150.jpg\"><img loading=\"lazy\" class=\"aligncenter size-full wp-image-36399\" src=\"https:\/\/static-blogs.diariosur.es\/wp-content\/uploads\/sites\/12\/2023\/03\/IMG-20230313-WA0010-e1678708678150.jpg\" alt=\"\" width=\"900\" height=\"414\" \/><\/a><\/p>\n<p><a href=\"https:\/\/static-blogs.diariosur.es\/wp-content\/uploads\/sites\/12\/2023\/03\/IMG-20230313-WA0009-e1678708873782.jpg\"><img loading=\"lazy\" class=\"aligncenter size-full wp-image-36401\" src=\"https:\/\/static-blogs.diariosur.es\/wp-content\/uploads\/sites\/12\/2023\/03\/IMG-20230313-WA0009-e1678708873782.jpg\" alt=\"\" width=\"400\" height=\"870\" \/><\/a><\/p>\n<p>&nbsp;<\/p>\n<p>Estas tres fotos son de mi amiga\u00a0<strong>Nany Lavado<\/strong>\u00a0del d\u00eda 24. Fotones<\/p>\n<p>&nbsp;<\/p>\n<p><a href=\"https:\/\/static-blogs.diariosur.es\/wp-content\/uploads\/sites\/12\/2023\/03\/NANY-1-e1678530585635.jpg\"><img loading=\"lazy\" class=\"aligncenter size-full wp-image-36357\" src=\"https:\/\/static-blogs.diariosur.es\/wp-content\/uploads\/sites\/12\/2023\/03\/NANY-1-e1678530585635.jpg\" alt=\"\" width=\"800\" height=\"534\" \/><\/a><\/p>\n<p>&nbsp;<\/p>\n<p><a href=\"https:\/\/static-blogs.diariosur.es\/wp-content\/uploads\/sites\/12\/2023\/03\/NANY-LAVADO-e1678530662836.jpg\"><img loading=\"lazy\" class=\"aligncenter size-full wp-image-36358\" src=\"https:\/\/static-blogs.diariosur.es\/wp-content\/uploads\/sites\/12\/2023\/03\/NANY-LAVADO-e1678530662836.jpg\" alt=\"\" width=\"1200\" height=\"670\" \/><\/a><\/p>\n<p>&nbsp;<\/p>\n<p><a href=\"https:\/\/static-blogs.diariosur.es\/wp-content\/uploads\/sites\/12\/2023\/03\/nany-lava.jpg\"><img loading=\"lazy\" class=\"aligncenter size-full wp-image-36359\" src=\"https:\/\/static-blogs.diariosur.es\/wp-content\/uploads\/sites\/12\/2023\/03\/nany-lava.jpg\" sizes=\"(max-width: 960px) 100vw, 960px\" srcset=\"https:\/\/static-blogs.diariosur.es\/wp-content\/uploads\/sites\/12\/2023\/03\/nany-lava.jpg 960w, https:\/\/static-blogs.diariosur.es\/wp-content\/uploads\/sites\/12\/2023\/03\/nany-lava-599x400.jpg 599w, https:\/\/static-blogs.diariosur.es\/wp-content\/uploads\/sites\/12\/2023\/03\/nany-lava-768x513.jpg 768w\" alt=\"\" width=\"960\" height=\"641\" \/><\/a><\/p>\n<p>&nbsp;<\/p>\n<p>Estas otras tres fotos de mi amigo<strong>\u00a0David Mancebo.\u00a0<\/strong>Fotones<\/p>\n<p>&nbsp;<\/p>\n<p><a href=\"https:\/\/static-blogs.diariosur.es\/wp-content\/uploads\/sites\/12\/2023\/03\/david.jpg\"><img loading=\"lazy\" class=\"aligncenter size-full wp-image-36384\" src=\"https:\/\/static-blogs.diariosur.es\/wp-content\/uploads\/sites\/12\/2023\/03\/david.jpg\" sizes=\"(max-width: 900px) 100vw, 900px\" srcset=\"https:\/\/static-blogs.diariosur.es\/wp-content\/uploads\/sites\/12\/2023\/03\/david.jpg 900w, https:\/\/static-blogs.diariosur.es\/wp-content\/uploads\/sites\/12\/2023\/03\/david-607x400.jpg 607w, https:\/\/static-blogs.diariosur.es\/wp-content\/uploads\/sites\/12\/2023\/03\/david-768x506.jpg 768w\" alt=\"\" width=\"900\" height=\"593\" \/><\/a><\/p>\n<p>&nbsp;<\/p>\n<p><a href=\"https:\/\/static-blogs.diariosur.es\/wp-content\/uploads\/sites\/12\/2023\/03\/daviddd.jpg\"><img loading=\"lazy\" class=\"aligncenter size-full wp-image-36385\" src=\"https:\/\/static-blogs.diariosur.es\/wp-content\/uploads\/sites\/12\/2023\/03\/daviddd.jpg\" sizes=\"(max-width: 600px) 100vw, 600px\" srcset=\"https:\/\/static-blogs.diariosur.es\/wp-content\/uploads\/sites\/12\/2023\/03\/daviddd.jpg 600w, https:\/\/static-blogs.diariosur.es\/wp-content\/uploads\/sites\/12\/2023\/03\/daviddd-266x400.jpg 266w\" alt=\"\" width=\"600\" height=\"901\" \/><\/a><\/p>\n<p>&nbsp;<\/p>\n<p><a href=\"https:\/\/static-blogs.diariosur.es\/wp-content\/uploads\/sites\/12\/2023\/03\/david-mancebo.jpg\"><img loading=\"lazy\" class=\"aligncenter size-full wp-image-36386\" src=\"https:\/\/static-blogs.diariosur.es\/wp-content\/uploads\/sites\/12\/2023\/03\/david-mancebo.jpg\" sizes=\"(max-width: 900px) 100vw, 900px\" srcset=\"https:\/\/static-blogs.diariosur.es\/wp-content\/uploads\/sites\/12\/2023\/03\/david-mancebo.jpg 900w, https:\/\/static-blogs.diariosur.es\/wp-content\/uploads\/sites\/12\/2023\/03\/david-mancebo-600x400.jpg 600w, https:\/\/static-blogs.diariosur.es\/wp-content\/uploads\/sites\/12\/2023\/03\/david-mancebo-768x512.jpg 768w\" alt=\"\" width=\"900\" height=\"600\" \/><\/a><\/p>\n<p>&nbsp;<\/p>\n<p>Que vuelva a pasar esto con esa magnitud la probabilidad es baja. No tenemos datos hist\u00f3ricos que haya pasado otra vez.<\/p>\n<p>&nbsp;<\/p>\n","protected":false},"excerpt":{"rendered":"<p>Hace cuatro a\u00f1os aconteci\u00f3 en M\u00e1laga un fen\u00f3meno que nos llam\u00f3 much\u00edsimo la atenci\u00f3n; s\u00ed, me refiero a la CALIMA, que desde ese d\u00eda nos acompa\u00f1\u00f3 durante alg\u00fan tiempo. \u00bfPero qu\u00e9 es la calima? Pues nada m\u00e1s y nada menos que granos muy finos de arena del S\u00e1hara que son transportados por vientos de componente [&hellip;]<\/p>\n","protected":false},"author":16,"featured_media":49467,"comment_status":"open","ping_status":"open","sticky":false,"template":"","format":"standard","meta":[],"categories":[2],"tags":[108,2126,2008,881],"_links":{"self":[{"href":"https:\/\/blogs.diariosur.es\/tormentas-y-rayos\/wp-json\/wp\/v2\/posts\/49466"}],"collection":[{"href":"https:\/\/blogs.diariosur.es\/tormentas-y-rayos\/wp-json\/wp\/v2\/posts"}],"about":[{"href":"https:\/\/blogs.diariosur.es\/tormentas-y-rayos\/wp-json\/wp\/v2\/types\/post"}],"author":[{"embeddable":true,"href":"https:\/\/blogs.diariosur.es\/tormentas-y-rayos\/wp-json\/wp\/v2\/users\/16"}],"replies":[{"embeddable":true,"href":"https:\/\/blogs.diariosur.es\/tormentas-y-rayos\/wp-json\/wp\/v2\/comments?post=49466"}],"version-history":[{"count":1,"href":"https:\/\/blogs.diariosur.es\/tormentas-y-rayos\/wp-json\/wp\/v2\/posts\/49466\/revisions"}],"predecessor-version":[{"id":49468,"href":"https:\/\/blogs.diariosur.es\/tormentas-y-rayos\/wp-json\/wp\/v2\/posts\/49466\/revisions\/49468"}],"wp:featuredmedia":[{"embeddable":true,"href":"https:\/\/blogs.diariosur.es\/tormentas-y-rayos\/wp-json\/wp\/v2\/media\/49467"}],"wp:attachment":[{"href":"https:\/\/blogs.diariosur.es\/tormentas-y-rayos\/wp-json\/wp\/v2\/media?parent=49466"}],"wp:term":[{"taxonomy":"category","embeddable":true,"href":"https:\/\/blogs.diariosur.es\/tormentas-y-rayos\/wp-json\/wp\/v2\/categories?post=49466"},{"taxonomy":"post_tag","embeddable":true,"href":"https:\/\/blogs.diariosur.es\/tormentas-y-rayos\/wp-json\/wp\/v2\/tags?post=49466"}],"curies":[{"name":"wp","href":"https:\/\/api.w.org\/{rel}","templated":true}]}}