{"id":49490,"date":"2026-03-15T09:02:01","date_gmt":"2026-03-15T08:02:01","guid":{"rendered":"https:\/\/blogs.diariosur.es\/tormentas-y-rayos\/?p=49490"},"modified":"2026-03-15T09:02:01","modified_gmt":"2026-03-15T08:02:01","slug":"que-tendra-marbella-registra-la-temperatura-minima-mas-alta-de-la-peninsula-y-las-baleares","status":"publish","type":"post","link":"https:\/\/blogs.diariosur.es\/tormentas-y-rayos\/2026\/03\/15\/que-tendra-marbella-registra-la-temperatura-minima-mas-alta-de-la-peninsula-y-las-baleares\/","title":{"rendered":"\u00bfQu\u00e9 tendr\u00e1 Marbella\u2026? Registra la temperatura m\u00ednima m\u00e1s alta de la pen\u00ednsula y las Baleares"},"content":{"rendered":"<p data-pm-slice=\"1 1 []\"><a href=\"https:\/\/static-blogs.diariosur.es\/wp-content\/uploads\/sites\/12\/2026\/02\/z.jpg\"><img loading=\"lazy\" class=\"aligncenter size-thumbnail wp-image-48990\" src=\"https:\/\/static-blogs.diariosur.es\/wp-content\/uploads\/sites\/12\/2026\/02\/z-150x150.jpg\" alt=\"\" width=\"150\" height=\"150\" \/><\/a><\/p>\n<p data-pm-slice=\"1 1 []\">Buenos d\u00edas, amigos de la meteo. Mientras muchas zonas de la pen\u00ednsula y las Baleares registran temperaturas m\u00ednimas por debajo de la media, hoy domingo Marbella ha registrado la temperatura m\u00ednima m\u00e1s alta con <span style=\"color: #ff0000;\"><strong>16,7 \u00b0C<\/strong><\/span>.<\/p>\n<p data-pm-slice=\"1 1 []\">Destacar tambi\u00e9n M\u00e1laga Puerto y V\u00e9lez M\u00e1laga con 15,7 \u00baC.<\/p>\n<p data-pm-slice=\"1 1 []\">Ma\u00f1ana empezaremos a hacer un seguimiento de una borrasca fr\u00eda aislada que se formar\u00e1 el mi\u00e9rcoles al oeste de la pen\u00ednsula ib\u00e9rica.<\/p>\n<p data-pm-slice=\"1 1 []\">Ya veremos c\u00f3mo afectar\u00e1 a los traslados de Seamana Santa de la pr\u00f3xima semana.<\/p>\n<p data-pm-slice=\"1 1 []\">\n","protected":false},"excerpt":{"rendered":"<p>Buenos d\u00edas, amigos de la meteo. Mientras muchas zonas de la pen\u00ednsula y las Baleares registran temperaturas m\u00ednimas por debajo de la media, hoy domingo Marbella ha registrado la temperatura m\u00ednima m\u00e1s alta con 16,7 \u00b0C. Destacar tambi\u00e9n M\u00e1laga Puerto y V\u00e9lez M\u00e1laga con 15,7 \u00baC. Ma\u00f1ana empezaremos a hacer un seguimiento de una borrasca [&hellip;]<\/p>\n","protected":false},"author":16,"featured_media":49492,"comment_status":"open","ping_status":"open","sticky":false,"template":"","format":"standard","meta":[],"categories":[2],"tags":[151,358,1787,872,888,902],"_links":{"self":[{"href":"https:\/\/blogs.diariosur.es\/tormentas-y-rayos\/wp-json\/wp\/v2\/posts\/49490"}],"collection":[{"href":"https:\/\/blogs.diariosur.es\/tormentas-y-rayos\/wp-json\/wp\/v2\/posts"}],"about":[{"href":"https:\/\/blogs.diariosur.es\/tormentas-y-rayos\/wp-json\/wp\/v2\/types\/post"}],"author":[{"embeddable":true,"href":"https:\/\/blogs.diariosur.es\/tormentas-y-rayos\/wp-json\/wp\/v2\/users\/16"}],"replies":[{"embeddable":true,"href":"https:\/\/blogs.diariosur.es\/tormentas-y-rayos\/wp-json\/wp\/v2\/comments?post=49490"}],"version-history":[{"count":2,"href":"https:\/\/blogs.diariosur.es\/tormentas-y-rayos\/wp-json\/wp\/v2\/posts\/49490\/revisions"}],"predecessor-version":[{"id":49493,"href":"https:\/\/blogs.diariosur.es\/tormentas-y-rayos\/wp-json\/wp\/v2\/posts\/49490\/revisions\/49493"}],"wp:featuredmedia":[{"embeddable":true,"href":"https:\/\/blogs.diariosur.es\/tormentas-y-rayos\/wp-json\/wp\/v2\/media\/49492"}],"wp:attachment":[{"href":"https:\/\/blogs.diariosur.es\/tormentas-y-rayos\/wp-json\/wp\/v2\/media?parent=49490"}],"wp:term":[{"taxonomy":"category","embeddable":true,"href":"https:\/\/blogs.diariosur.es\/tormentas-y-rayos\/wp-json\/wp\/v2\/categories?post=49490"},{"taxonomy":"post_tag","embeddable":true,"href":"https:\/\/blogs.diariosur.es\/tormentas-y-rayos\/wp-json\/wp\/v2\/tags?post=49490"}],"curies":[{"name":"wp","href":"https:\/\/api.w.org\/{rel}","templated":true}]}}