{"id":49507,"date":"2026-03-17T07:35:40","date_gmt":"2026-03-17T06:35:40","guid":{"rendered":"https:\/\/blogs.diariosur.es\/tormentas-y-rayos\/?p=49507"},"modified":"2026-03-17T07:44:04","modified_gmt":"2026-03-17T06:44:04","slug":"borrasca-therese-prediccion-de-traslados-semana-santa-en-malaga-miercoles-y-jueves","status":"publish","type":"post","link":"https:\/\/blogs.diariosur.es\/tormentas-y-rayos\/2026\/03\/17\/borrasca-therese-prediccion-de-traslados-semana-santa-en-malaga-miercoles-y-jueves\/","title":{"rendered":"Borrasca Therese. Predicci\u00f3n de traslados Semana Santa en M\u00e1laga, mi\u00e9rcoles y jueves"},"content":{"rendered":"<p data-pm-slice=\"1 1 []\"><a href=\"https:\/\/static-blogs.diariosur.es\/wp-content\/uploads\/sites\/12\/2026\/02\/z.jpg\"><img loading=\"lazy\" class=\"aligncenter size-thumbnail wp-image-48990\" src=\"https:\/\/static-blogs.diariosur.es\/wp-content\/uploads\/sites\/12\/2026\/02\/z-150x150.jpg\" alt=\"\" width=\"150\" height=\"150\" \/><\/a><\/p>\n<p data-pm-slice=\"1 1 []\">Buenos d\u00edas, amigos de la meteo. Cuando son las siete de la ma\u00f1ana en M\u00e1laga capital, mi estaci\u00f3n registra <strong>9,8 \u00b0C<\/strong>, los cielos est\u00e1n despejados y el viento sopla flojo de levante.<\/p>\n<p>Os pongo una imagen de sat\u00e9lite de vapor de agua.\u00a0 Se puede ver claramente la vaguada que se cerrar\u00e1 y formar\u00e1 la BFA Therese.<\/p>\n<p>&nbsp;<\/p>\n<p><a href=\"https:\/\/static-blogs.diariosur.es\/wp-content\/uploads\/sites\/12\/2026\/03\/vapor-1-e1773727093405.jpg\"><img loading=\"lazy\" class=\"aligncenter size-full wp-image-49511\" src=\"https:\/\/static-blogs.diariosur.es\/wp-content\/uploads\/sites\/12\/2026\/03\/vapor-1-e1773727093405.jpg\" alt=\"\" width=\"1200\" height=\"857\" \/><\/a><\/p>\n<p>&nbsp;<\/p>\n<h3><span style=\"color: #ff00ff;\"><strong>Predicci\u00f3n de traslados Semana Santa en M\u00e1laga mi\u00e9rcoles y jueves<\/strong><\/span><\/h3>\n<p data-pm-slice=\"1 1 []\"><strong>Ma\u00f1ana mi\u00e9rcoles<\/strong> pueden caer algunos chubascos durante la madrugada y primera hora de la ma\u00f1ana; a partir del mediod\u00eda baja la probabilidad.<\/p>\n<p><strong>El jueves<\/strong> lo \u00fanico destacable ser\u00e1 que entramos en aviso amarillo por fen\u00f3menos costeros: Viento del E de 40 a 50 km\/h (fuerza 6 a 7) y olas de 3 m. La probabilidad de precipitaciones hasta las doce de la noche es baja; durante la madrugada del viernes s\u00ed pueden caer precipitaciones.<\/p>\n<p>Fuente Diario Sur<\/p>\n<p><a href=\"https:\/\/static-blogs.diariosur.es\/wp-content\/uploads\/sites\/12\/2026\/03\/Captura-de-pantalla-2026-03-17-073257.jpg\"><img loading=\"lazy\" class=\"aligncenter size-full wp-image-49513\" src=\"https:\/\/static-blogs.diariosur.es\/wp-content\/uploads\/sites\/12\/2026\/03\/Captura-de-pantalla-2026-03-17-073257.jpg\" alt=\"\" width=\"1037\" height=\"975\" srcset=\"https:\/\/static-blogs.diariosur.es\/wp-content\/uploads\/sites\/12\/2026\/03\/Captura-de-pantalla-2026-03-17-073257.jpg 1037w, https:\/\/static-blogs.diariosur.es\/wp-content\/uploads\/sites\/12\/2026\/03\/Captura-de-pantalla-2026-03-17-073257-425x400.jpg 425w, https:\/\/static-blogs.diariosur.es\/wp-content\/uploads\/sites\/12\/2026\/03\/Captura-de-pantalla-2026-03-17-073257-434x408.jpg 434w, https:\/\/static-blogs.diariosur.es\/wp-content\/uploads\/sites\/12\/2026\/03\/Captura-de-pantalla-2026-03-17-073257-768x722.jpg 768w\" sizes=\"(max-width: 1037px) 100vw, 1037px\" \/><\/a><\/p>\n<p data-pm-slice=\"1 1 []\">Durante los traslados dema\u00f1ana mi\u00e9rcoles y jueves, el nazareno protagonista ser\u00e1 este.<\/p>\n<p><a href=\"https:\/\/static-blogs.diariosur.es\/wp-content\/uploads\/sites\/12\/2026\/03\/a.jpg\"><img loading=\"lazy\" class=\"aligncenter size-full wp-image-49512\" src=\"https:\/\/static-blogs.diariosur.es\/wp-content\/uploads\/sites\/12\/2026\/03\/a.jpg\" alt=\"\" width=\"698\" height=\"800\" srcset=\"https:\/\/static-blogs.diariosur.es\/wp-content\/uploads\/sites\/12\/2026\/03\/a.jpg 698w, https:\/\/static-blogs.diariosur.es\/wp-content\/uploads\/sites\/12\/2026\/03\/a-349x400.jpg 349w, https:\/\/static-blogs.diariosur.es\/wp-content\/uploads\/sites\/12\/2026\/03\/a-356x408.jpg 356w\" sizes=\"(max-width: 698px) 100vw, 698px\" \/><\/a><\/p>\n","protected":false},"excerpt":{"rendered":"<p>Buenos d\u00edas, amigos de la meteo. Cuando son las siete de la ma\u00f1ana en M\u00e1laga capital, mi estaci\u00f3n registra 9,8 \u00b0C, los cielos est\u00e1n despejados y el viento sopla flojo de levante. Os pongo una imagen de sat\u00e9lite de vapor de agua.\u00a0 Se puede ver claramente la vaguada que se cerrar\u00e1 y formar\u00e1 la BFA [&hellip;]<\/p>\n","protected":false},"author":16,"featured_media":49513,"comment_status":"open","ping_status":"open","sticky":false,"template":"","format":"standard","meta":[],"categories":[2],"tags":[94,100,151,188,587,800,888,902,2127,1017],"_links":{"self":[{"href":"https:\/\/blogs.diariosur.es\/tormentas-y-rayos\/wp-json\/wp\/v2\/posts\/49507"}],"collection":[{"href":"https:\/\/blogs.diariosur.es\/tormentas-y-rayos\/wp-json\/wp\/v2\/posts"}],"about":[{"href":"https:\/\/blogs.diariosur.es\/tormentas-y-rayos\/wp-json\/wp\/v2\/types\/post"}],"author":[{"embeddable":true,"href":"https:\/\/blogs.diariosur.es\/tormentas-y-rayos\/wp-json\/wp\/v2\/users\/16"}],"replies":[{"embeddable":true,"href":"https:\/\/blogs.diariosur.es\/tormentas-y-rayos\/wp-json\/wp\/v2\/comments?post=49507"}],"version-history":[{"count":4,"href":"https:\/\/blogs.diariosur.es\/tormentas-y-rayos\/wp-json\/wp\/v2\/posts\/49507\/revisions"}],"predecessor-version":[{"id":49514,"href":"https:\/\/blogs.diariosur.es\/tormentas-y-rayos\/wp-json\/wp\/v2\/posts\/49507\/revisions\/49514"}],"wp:featuredmedia":[{"embeddable":true,"href":"https:\/\/blogs.diariosur.es\/tormentas-y-rayos\/wp-json\/wp\/v2\/media\/49513"}],"wp:attachment":[{"href":"https:\/\/blogs.diariosur.es\/tormentas-y-rayos\/wp-json\/wp\/v2\/media?parent=49507"}],"wp:term":[{"taxonomy":"category","embeddable":true,"href":"https:\/\/blogs.diariosur.es\/tormentas-y-rayos\/wp-json\/wp\/v2\/categories?post=49507"},{"taxonomy":"post_tag","embeddable":true,"href":"https:\/\/blogs.diariosur.es\/tormentas-y-rayos\/wp-json\/wp\/v2\/tags?post=49507"}],"curies":[{"name":"wp","href":"https:\/\/api.w.org\/{rel}","templated":true}]}}