{"id":4958,"date":"2013-02-13T09:33:43","date_gmt":"2013-02-13T08:33:43","guid":{"rendered":"http:\/\/blogs.diariosur.es\/tormentas-y-rayos\/?p=4958"},"modified":"2013-02-13T09:33:43","modified_gmt":"2013-02-13T08:33:43","slug":"faltan-40-dias-y-500-noches-para-semana-santa-y-un-nuevo-papa","status":"publish","type":"post","link":"https:\/\/blogs.diariosur.es\/tormentas-y-rayos\/2013\/02\/13\/faltan-40-dias-y-500-noches-para-semana-santa-y-un-nuevo-papa\/","title":{"rendered":"FALTAN 40 DIAS Y 500 NOCHES PARA SEMANA SANTA Y UN NUEVO PAPA"},"content":{"rendered":"<p><a href=\"https:\/\/blogs.diariosur.es\/tormentas-y-rayos\/2013\/02\/13\/faltan-40-dias-y-500-noches-para-semana-santa-y-un-nuevo-papa\/olympus-digital-camera-1104\/\" rel=\"attachment wp-att-4972\"><img loading=\"lazy\" class=\"aligncenter size-full wp-image-4972\" src=\"\/tormentas-y-rayos\/wp-content\/uploads\/sites\/12\/2013\/02\/P30308151.jpg\" alt=\"\" width=\"300\" height=\"400\" \/><\/a><\/p>\n<p>&nbsp;<\/p>\n<p>&nbsp;<\/p>\n<p><span style=\"color: #0000ff;\"><strong>Buenos dias amigos de la meteo<\/strong>.<\/span><\/p>\n<p><span style=\"color: #0000ff;\"><strong>No\u00a0se\u00e1is\u00a0malpensados. Comienza la Cuaresma, y no, no me ha dejado mi mujer, jejeje. El titulo de este post que parafrasea el t\u00edtulo de la famosa canci\u00f3n de Joaqu\u00edn Sabina, y hace mas bien referencia a la cantidad de horas de sue\u00f1o que voy a perder consultando modelos de tendencias previstas; fotos de sat\u00e9lites y gr\u00e1ficos variopintos, para poder daros los pron\u00f3sticos mas ajustados para esos dias, a todos los que sois mis lectores, habituales o espor\u00e1dicos, de este blog. Y como dir\u00eda un torero: &#8220;\u00a1Va por vosotros!&#8221;.<\/strong><\/span><\/p>\n<p><span style=\"color: #0000ff;\"><strong>Como todos sab\u00e9is, soy un simple aficionado a la meteorolog\u00eda, cualquier pron\u00f3stico que os haga no es oficial. Durante estos\u00a0\u00faltimos\u00a0d\u00edas de febrero y primera quincena de marzo, iremos viendo las tendencias y sobre todo como va movi\u00e9ndose el famoso anticicl\u00f3n de las Azores, que sin duda ser\u00e1 el protagonista para lo que pueda pasar.\u00a0<\/strong><\/span><\/p>\n<p><span style=\"color: #0000ff;\"><strong>Aunque mi amigo Jose Manuel esta loco por que le diga algo ya!, de momento \u00a0te toca sufrir jiji. Este a\u00f1o la Semana Santa cae entera al final del mes, el 23 de marzo es Viernes de Dolores, y aun queda mucho tiempo. Lo mas\u00a0dif\u00edcil\u00a0de predecir son las danas o peque\u00f1os embolsamientos de aire fr\u00edo en altura, el a\u00f1o pasado fueron las protagonistas y se suspendieron muchas procesiones en la mitad occidental de\u00a0Andaluc\u00eda. Aqui por suerte,( &#8221; y eso que se esperaban lluvias&#8221;)y apenas cayo. Un frente\u00a0cl\u00e1sico\u00a0penetrando en la\u00a0pen\u00ednsula,\u00a0 hasta puedes decir con poco margen de error la hora de comienzo de la lluvia y cuando escampa. Esperemos que no se den embolsamientos de aire\u00a0<\/strong><strong>fr\u00edo, porque si no la llevamos clara.<\/strong><\/span><\/p>\n<p><span style=\"color: #0000ff;\"><strong> Os paso un\u00a0gr\u00e1fico\u00a0de los valores extremos que se dan en M\u00e1laga en un mes de marzo en un periodo muy largo, como ver\u00e9is hay de todo.<\/strong><\/span><\/p>\n<p><span style=\"color: #ff0000;\"><strong>( Fuente Aemet. Valores extremos absolutos son el m\u00e1ximo o el m\u00ednimo absolutos de los datos de la serie de la variable climatol\u00f3gica del observatorio respectivo considerados desde el a\u00f1o 1920. Son calculados por mes o por a\u00f1o para un conjunto de observatorios previamente seleccionados).<\/strong><\/span><\/p>\n<div><\/div>\n<p>&nbsp;<\/p>\n<p><a href=\"https:\/\/blogs.diariosur.es\/tormentas-y-rayos\/2013\/02\/13\/faltan-40-dias-y-500-noches-para-semana-santa-y-un-nuevo-papa\/captura-129\/\" rel=\"attachment wp-att-4960\"><img loading=\"lazy\" class=\"aligncenter size-full wp-image-4960\" src=\"\/tormentas-y-rayos\/wp-content\/uploads\/sites\/12\/2013\/02\/Captura2.jpg\" alt=\"\" width=\"680\" height=\"244\" srcset=\"https:\/\/static-blogs.diariosur.es\/wp-content\/uploads\/sites\/12\/2013\/02\/Captura2.jpg 680w, https:\/\/static-blogs.diariosur.es\/wp-content\/uploads\/sites\/12\/2013\/02\/Captura2-640x230.jpg 640w\" sizes=\"(max-width: 680px) 100vw, 680px\" \/><\/a><\/p>\n<p><strong><span style=\"color: #0000ff;\">Analizando estos valores extremos, tenemos el a\u00f1o 1972 con 18 dias de lluvias y en 1997 que no cayo ni una gota. La semana que viene iremos viendo los modelos estacionales y\u00a0tambi\u00e9n<\/span><\/strong><\/p>\n<p><strong><span style=\"color: #0000ff;\">\u00a0a largo tiempo, ya hay algunos que llegan hasta las fechas se\u00f1aladas.\u00a0<\/span><\/strong><\/p>\n<p><span style=\"color: #0000ff;\"><strong> Pero esto lo iremos viendo poco a poco con nuestros amigos nazarenos que hizo mi cu\u00f1ado Jose Guevara.<\/strong><\/span><\/p>\n<p><strong><span><span style=\"color: #ff0000;\"><a href=\"https:\/\/blogs.diariosur.es\/tormentas-y-rayos\/2013\/02\/13\/faltan-40-dias-y-500-noches-para-semana-santa-y-un-nuevo-papa\/nazafelizjl-2-2\/\" rel=\"attachment wp-att-4961\"><img loading=\"lazy\" class=\"aligncenter size-full wp-image-4961\" src=\"\/tormentas-y-rayos\/wp-content\/uploads\/sites\/12\/2013\/02\/NazaFelizJL-2.jpg\" alt=\"\" width=\"400\" height=\"459\" srcset=\"https:\/\/static-blogs.diariosur.es\/wp-content\/uploads\/sites\/12\/2013\/02\/NazaFelizJL-2.jpg 400w, https:\/\/static-blogs.diariosur.es\/wp-content\/uploads\/sites\/12\/2013\/02\/NazaFelizJL-2-349x400.jpg 349w\" sizes=\"(max-width: 400px) 100vw, 400px\" \/><\/a>\u00a0<\/span><\/span><\/strong><\/p>\n<p>&nbsp;<\/p>\n<p><a href=\"https:\/\/blogs.diariosur.es\/tormentas-y-rayos\/2013\/02\/13\/faltan-40-dias-y-500-noches-para-semana-santa-y-un-nuevo-papa\/nazaseriojl-2-2\/\" rel=\"attachment wp-att-4962\"><img loading=\"lazy\" class=\"aligncenter size-full wp-image-4962\" src=\"\/tormentas-y-rayos\/wp-content\/uploads\/sites\/12\/2013\/02\/NazaSerioJL-2.jpg\" alt=\"\" width=\"400\" height=\"465\" srcset=\"https:\/\/static-blogs.diariosur.es\/wp-content\/uploads\/sites\/12\/2013\/02\/NazaSerioJL-2.jpg 400w, https:\/\/static-blogs.diariosur.es\/wp-content\/uploads\/sites\/12\/2013\/02\/NazaSerioJL-2-344x400.jpg 344w\" sizes=\"(max-width: 400px) 100vw, 400px\" \/><\/a><\/p>\n<p><a href=\"https:\/\/blogs.diariosur.es\/tormentas-y-rayos\/2013\/02\/13\/faltan-40-dias-y-500-noches-para-semana-santa-y-un-nuevo-papa\/nazatristejl-2-2\/\" rel=\"attachment wp-att-4963\"><img loading=\"lazy\" class=\"aligncenter size-full wp-image-4963\" src=\"\/tormentas-y-rayos\/wp-content\/uploads\/sites\/12\/2013\/02\/NazaTristeJL-2.jpg\" alt=\"\" width=\"400\" height=\"464\" srcset=\"https:\/\/static-blogs.diariosur.es\/wp-content\/uploads\/sites\/12\/2013\/02\/NazaTristeJL-2.jpg 400w, https:\/\/static-blogs.diariosur.es\/wp-content\/uploads\/sites\/12\/2013\/02\/NazaTristeJL-2-345x400.jpg 345w\" sizes=\"(max-width: 400px) 100vw, 400px\" \/><\/a><\/p>\n<p><span style=\"color: #0000ff;\"><strong>Si os\u00a0hab\u00e9is\u00a0fijaos en la foto de portada, es la Virgen<\/strong>\u00a0<\/span><strong><span style=\"color: #0000ff;\">de M\u00aa Stma.de la Encarnaci\u00f3n y Amor Divino. Ayer estuve\u00a0vi\u00e9ndola\u00a0en la capillita que tiene en \u00a0la calle Eugenio Gross y es\u00a0guap\u00edsima. Fotos\u00a0cofrad\u00eda.\u00a0<\/span><\/strong><\/p>\n<p><a href=\"https:\/\/blogs.diariosur.es\/tormentas-y-rayos\/2013\/02\/13\/faltan-40-dias-y-500-noches-para-semana-santa-y-un-nuevo-papa\/olympus-digital-camera-1103\/\" rel=\"attachment wp-att-4969\"><img loading=\"lazy\" class=\"aligncenter size-full wp-image-4969\" src=\"\/tormentas-y-rayos\/wp-content\/uploads\/sites\/12\/2013\/02\/P3030770.jpg\" alt=\"\" width=\"400\" height=\"533\" srcset=\"https:\/\/static-blogs.diariosur.es\/wp-content\/uploads\/sites\/12\/2013\/02\/P3030770.jpg 400w, https:\/\/static-blogs.diariosur.es\/wp-content\/uploads\/sites\/12\/2013\/02\/P3030770-300x400.jpg 300w\" sizes=\"(max-width: 400px) 100vw, 400px\" \/><\/a><\/p>\n<p><span><strong><span style=\"color: #0000ff;\">El a\u00f1o pasado hicieron su primera salida procesional el\u00a0S\u00e1bado\u00a0de Pasi\u00f3n, mi compa\u00f1ero Seba me lo explicaba el dia pasado muy emocionado y os invita a todos\u00a0<\/span><\/strong><\/span><strong>para participar llevando un cirio o portando la imagen , \u00a0podr\u00e1s apuntarte durante los d\u00edas, 4-5-6-7-8-11-12-13-14-15-18-19-20-21-22 de Febrero en la Capilla de la Hermandad <em>(C\/Eugenio Gros, n\u00ba49)<\/em>de 18:30h a 20:00h, el donativo de salida ser\u00e1 de 2\u20ac.\u00a0<\/strong><\/p>\n<p align=\"center\"><span style=\"color: #ff00ff;\"><strong>El pr\u00f3ximo s\u00e1bado 23 de marzo de 2013 tendr\u00e1 lugar la Segunda Salida Penitencial de M\u00aa Stma.de la Encarnaci\u00f3n y Amor Divino, dicho acto tendr\u00e1 lugar de 21:30h a 00:30h.<\/strong><\/span><\/p>\n<p>&nbsp;<\/p>\n<p>&nbsp;<\/p>\n<p>&nbsp;<\/p>\n<p>&nbsp;<\/p>\n<p>&nbsp;<\/p>\n<p><strong><span><span style=\"color: #ff0000;\">Os paso un\u00a0v\u00eddeo\u00a0del a\u00f1o pasado<\/span><\/span><\/strong><\/p>\n<p><iframe loading=\"lazy\" src=\"\/\/www.youtube.com\/embed\/OXHui6p9ptA\" frameborder=\"0\" width=\"640\" height=\"360\"><\/iframe><\/p>\n<p><iframe loading=\"lazy\" src=\"\/\/www.youtube.com\/embed\/gKTnx6r2BL4\" frameborder=\"0\" width=\"640\" height=\"360\"><\/iframe><\/p>\n<p>&nbsp;<\/p>\n<p>&nbsp;<\/p>\n<p>&nbsp;<\/p>\n<p>&nbsp;<\/p>\n<p><strong>Bueno amigos por fin parece que nuestro amigo malague\u00f1o &#8220;el terral de invierno&#8221; nos abandona durante unos d\u00edas, lo\u00a0har\u00e1\u00a0poco a poco, y sera ma\u00f1ana cuando se retire del todo. El anticicl\u00f3n toma posici\u00f3n de la pen\u00ednsula y la temperatura hpa a 1500 metros de altura se recuperara a partir de hoy. Os paso un mapa del hirlam previsto para el jueves fuente aemet. y otro de temperatura a 850 hpa fuente meteociel. Hoy en la vertical de\u00a0Andaluc\u00eda\u00a0esta 1 grado, ma\u00f1ana se espera que este a 8.<\/strong><\/p>\n<p><a href=\"https:\/\/blogs.diariosur.es\/tormentas-y-rayos\/2013\/02\/13\/faltan-40-dias-y-500-noches-para-semana-santa-y-un-nuevo-papa\/mapa-dia-enamorados\/\" rel=\"attachment wp-att-4965\"><img loading=\"lazy\" class=\"aligncenter size-medium wp-image-4965\" src=\"\/tormentas-y-rayos\/wp-content\/uploads\/sites\/12\/2013\/02\/mapa-dia-enamorados.jpg\" alt=\"\" width=\"600\" height=\"394\" srcset=\"https:\/\/static-blogs.diariosur.es\/wp-content\/uploads\/sites\/12\/2013\/02\/mapa-dia-enamorados.jpg 705w, https:\/\/static-blogs.diariosur.es\/wp-content\/uploads\/sites\/12\/2013\/02\/mapa-dia-enamorados-608x400.jpg 608w\" sizes=\"(max-width: 600px) 100vw, 600px\" \/><\/a><\/p>\n<p><a href=\"https:\/\/blogs.diariosur.es\/tormentas-y-rayos\/2013\/02\/13\/faltan-40-dias-y-500-noches-para-semana-santa-y-un-nuevo-papa\/850hpa\/\" rel=\"attachment wp-att-4966\"><img loading=\"lazy\" class=\"aligncenter size-medium wp-image-4966\" src=\"\/tormentas-y-rayos\/wp-content\/uploads\/sites\/12\/2013\/02\/850hpa.jpg\" alt=\"\" width=\"564\" height=\"400\" srcset=\"https:\/\/static-blogs.diariosur.es\/wp-content\/uploads\/sites\/12\/2013\/02\/850hpa.jpg 760w, https:\/\/static-blogs.diariosur.es\/wp-content\/uploads\/sites\/12\/2013\/02\/850hpa-564x400.jpg 564w\" sizes=\"(max-width: 564px) 100vw, 564px\" \/><\/a><\/p>\n<p><strong>Las\u00a0m\u00e1ximas\u00a0se ir\u00e1n recuperando y estaremos cercanos durante estos dias a los 18 o 19 grados. El levante entrara a partir de ma\u00f1ana, soplando flojo, y moderado en el Estrecho. Seg\u00fan como soplen el viento en nuestra costa, hay posibilidad de nieblas en el mar.<\/strong><\/p>\n<p><strong>Poco mas que contar amigos, os dejo con una de foto del amanecer que tuvimos el martes. Unos bonitos c\u00famulus congestus eran los protagonistas. Y con mi<a href=\"http:\/\/www.flickr.com\/photos\/jose_luis_escudero\/\" rel=\"external nofollow\"> GALERIA DE FOTOS EN FLICK<\/a><\/strong><\/p>\n<p><a href=\"https:\/\/blogs.diariosur.es\/tormentas-y-rayos\/2013\/02\/13\/faltan-40-dias-y-500-noches-para-semana-santa-y-un-nuevo-papa\/olympus-digital-camera-1101\/\" rel=\"attachment wp-att-4967\"><img loading=\"lazy\" class=\"aligncenter size-full wp-image-4967\" src=\"\/tormentas-y-rayos\/wp-content\/uploads\/sites\/12\/2013\/02\/Z1.jpg\" alt=\"\" width=\"680\" height=\"341\" srcset=\"https:\/\/static-blogs.diariosur.es\/wp-content\/uploads\/sites\/12\/2013\/02\/Z1.jpg 680w, https:\/\/static-blogs.diariosur.es\/wp-content\/uploads\/sites\/12\/2013\/02\/Z1-640x321.jpg 640w\" sizes=\"(max-width: 680px) 100vw, 680px\" \/><\/a><\/p>\n<p>&nbsp;<\/p>\n<p>&nbsp;<\/p>\n","protected":false},"excerpt":{"rendered":"<p>&nbsp; &nbsp; Buenos dias amigos de la meteo. No\u00a0se\u00e1is\u00a0malpensados. Comienza la Cuaresma, y no, no me ha dejado mi mujer, jejeje. El titulo de este post que parafrasea el t\u00edtulo de la famosa canci\u00f3n de Joaqu\u00edn Sabina, y hace mas bien referencia a la cantidad de horas de sue\u00f1o que voy a perder consultando modelos [&hellip;]<\/p>\n","protected":false},"author":16,"featured_media":4973,"comment_status":"open","ping_status":"closed","sticky":false,"template":"","format":"standard","meta":[],"categories":[2],"tags":[28,32,331,401,709,725,752,888,902],"_links":{"self":[{"href":"https:\/\/blogs.diariosur.es\/tormentas-y-rayos\/wp-json\/wp\/v2\/posts\/4958"}],"collection":[{"href":"https:\/\/blogs.diariosur.es\/tormentas-y-rayos\/wp-json\/wp\/v2\/posts"}],"about":[{"href":"https:\/\/blogs.diariosur.es\/tormentas-y-rayos\/wp-json\/wp\/v2\/types\/post"}],"author":[{"embeddable":true,"href":"https:\/\/blogs.diariosur.es\/tormentas-y-rayos\/wp-json\/wp\/v2\/users\/16"}],"replies":[{"embeddable":true,"href":"https:\/\/blogs.diariosur.es\/tormentas-y-rayos\/wp-json\/wp\/v2\/comments?post=4958"}],"version-history":[{"count":0,"href":"https:\/\/blogs.diariosur.es\/tormentas-y-rayos\/wp-json\/wp\/v2\/posts\/4958\/revisions"}],"wp:featuredmedia":[{"embeddable":true,"href":"https:\/\/blogs.diariosur.es\/tormentas-y-rayos\/wp-json\/wp\/v2\/media\/4973"}],"wp:attachment":[{"href":"https:\/\/blogs.diariosur.es\/tormentas-y-rayos\/wp-json\/wp\/v2\/media?parent=4958"}],"wp:term":[{"taxonomy":"category","embeddable":true,"href":"https:\/\/blogs.diariosur.es\/tormentas-y-rayos\/wp-json\/wp\/v2\/categories?post=4958"},{"taxonomy":"post_tag","embeddable":true,"href":"https:\/\/blogs.diariosur.es\/tormentas-y-rayos\/wp-json\/wp\/v2\/tags?post=4958"}],"curies":[{"name":"wp","href":"https:\/\/api.w.org\/{rel}","templated":true}]}}