{"id":49865,"date":"2026-04-25T07:55:38","date_gmt":"2026-04-25T05:55:38","guid":{"rendered":"https:\/\/blogs.diariosur.es\/tormentas-y-rayos\/?p=49865"},"modified":"2026-04-25T07:55:38","modified_gmt":"2026-04-25T05:55:38","slug":"que-tiempo-hara-en-malaga-y-su-provincia-manana-domingo","status":"publish","type":"post","link":"https:\/\/blogs.diariosur.es\/tormentas-y-rayos\/2026\/04\/25\/que-tiempo-hara-en-malaga-y-su-provincia-manana-domingo\/","title":{"rendered":"\u00bfQu\u00e9 tiempo har\u00e1 en M\u00e1laga y su provincia ma\u00f1ana domingo?"},"content":{"rendered":"<p data-pm-slice=\"1 1 []\"><a href=\"https:\/\/static-blogs.diariosur.es\/wp-content\/uploads\/sites\/12\/2026\/04\/667277569_10237389506936087_8760504911421842817_n.jpg\"><img loading=\"lazy\" class=\"aligncenter size-thumbnail wp-image-49686\" src=\"https:\/\/static-blogs.diariosur.es\/wp-content\/uploads\/sites\/12\/2026\/04\/667277569_10237389506936087_8760504911421842817_n-150x150.jpg\" alt=\"\" width=\"150\" height=\"150\" \/><\/a><\/p>\n<p data-pm-slice=\"1 1 []\">Buenos d\u00edas, amigos de la meteo. Cuando son las siete y media de la ma\u00f1ana en M\u00e1laga capital, mi estaci\u00f3n registra 16,5 \u00baC, los cielos est\u00e1n nubosos y el viento sopla flojo de direcci\u00f3n variable. Esta pasada madrugada se han registrado precipitaciones en la provincia malague\u00f1a entre 1 mm y 5 mm, muy poca cosa; ayer viernes pas\u00f3 lo mismo. Donde m\u00e1s ha llovido ha sido en la provincia de C\u00f3rdoba.<\/p>\n<p>Hoy sigue habiendo probabilidad de algunos chubascos d\u00e9biles y espor\u00e1dicos por el interior, siendo m\u00e1s probables por la tarde en la comarca de Antequera; en la capital no los espero.<\/p>\n<h3><span style=\"color: #ff0000;\">\u00bfQu\u00e9 tiempo har\u00e1 en M\u00e1laga y su provincia ma\u00f1ana domingo?<\/span><\/h3>\n<p data-pm-slice=\"1 1 []\">Ma\u00f1ana domingo baja la probabilidad de precipitaciones, el viento soplar\u00e1 de componente este y la temperatura del agua del mar rondar\u00e1 los 17,8 \u00baC. Hay probabilidad de nubes bajas.<\/p>\n<p>Yo optar\u00e9 por ir al campo, si la alergia me lo permite.<\/p>\n<p>Os paso las temperaturas m\u00e1ximas y m\u00ednimas que prev\u00e9 la Aemet.<\/p>\n<p>&nbsp;<\/p>\n<p>&nbsp;<\/p>\n<p><a href=\"https:\/\/static-blogs.diariosur.es\/wp-content\/uploads\/sites\/12\/2026\/04\/Captura-de-pantalla-2026-04-25-072727.jpg\"><img loading=\"lazy\" class=\"aligncenter size-full wp-image-49866\" src=\"https:\/\/static-blogs.diariosur.es\/wp-content\/uploads\/sites\/12\/2026\/04\/Captura-de-pantalla-2026-04-25-072727.jpg\" alt=\"\" width=\"1043\" height=\"822\" srcset=\"https:\/\/static-blogs.diariosur.es\/wp-content\/uploads\/sites\/12\/2026\/04\/Captura-de-pantalla-2026-04-25-072727.jpg 1043w, https:\/\/static-blogs.diariosur.es\/wp-content\/uploads\/sites\/12\/2026\/04\/Captura-de-pantalla-2026-04-25-072727-508x400.jpg 508w, https:\/\/static-blogs.diariosur.es\/wp-content\/uploads\/sites\/12\/2026\/04\/Captura-de-pantalla-2026-04-25-072727-518x408.jpg 518w, https:\/\/static-blogs.diariosur.es\/wp-content\/uploads\/sites\/12\/2026\/04\/Captura-de-pantalla-2026-04-25-072727-768x605.jpg 768w\" sizes=\"(max-width: 1043px) 100vw, 1043px\" \/><\/a><\/p>\n<p>&nbsp;<\/p>\n<p>&nbsp;<\/p>\n<p>Foto de portada hecha con IA<\/p>\n","protected":false},"excerpt":{"rendered":"<p>Buenos d\u00edas, amigos de la meteo. Cuando son las siete y media de la ma\u00f1ana en M\u00e1laga capital, mi estaci\u00f3n registra 16,5 \u00baC, los cielos est\u00e1n nubosos y el viento sopla flojo de direcci\u00f3n variable. Esta pasada madrugada se han registrado precipitaciones en la provincia malague\u00f1a entre 1 mm y 5 mm, muy poca cosa; [&hellip;]<\/p>\n","protected":false},"author":16,"featured_media":49867,"comment_status":"open","ping_status":"open","sticky":false,"template":"","format":"standard","meta":[],"categories":[2],"tags":[340,358,587,800],"_links":{"self":[{"href":"https:\/\/blogs.diariosur.es\/tormentas-y-rayos\/wp-json\/wp\/v2\/posts\/49865"}],"collection":[{"href":"https:\/\/blogs.diariosur.es\/tormentas-y-rayos\/wp-json\/wp\/v2\/posts"}],"about":[{"href":"https:\/\/blogs.diariosur.es\/tormentas-y-rayos\/wp-json\/wp\/v2\/types\/post"}],"author":[{"embeddable":true,"href":"https:\/\/blogs.diariosur.es\/tormentas-y-rayos\/wp-json\/wp\/v2\/users\/16"}],"replies":[{"embeddable":true,"href":"https:\/\/blogs.diariosur.es\/tormentas-y-rayos\/wp-json\/wp\/v2\/comments?post=49865"}],"version-history":[{"count":1,"href":"https:\/\/blogs.diariosur.es\/tormentas-y-rayos\/wp-json\/wp\/v2\/posts\/49865\/revisions"}],"predecessor-version":[{"id":49868,"href":"https:\/\/blogs.diariosur.es\/tormentas-y-rayos\/wp-json\/wp\/v2\/posts\/49865\/revisions\/49868"}],"wp:featuredmedia":[{"embeddable":true,"href":"https:\/\/blogs.diariosur.es\/tormentas-y-rayos\/wp-json\/wp\/v2\/media\/49867"}],"wp:attachment":[{"href":"https:\/\/blogs.diariosur.es\/tormentas-y-rayos\/wp-json\/wp\/v2\/media?parent=49865"}],"wp:term":[{"taxonomy":"category","embeddable":true,"href":"https:\/\/blogs.diariosur.es\/tormentas-y-rayos\/wp-json\/wp\/v2\/categories?post=49865"},{"taxonomy":"post_tag","embeddable":true,"href":"https:\/\/blogs.diariosur.es\/tormentas-y-rayos\/wp-json\/wp\/v2\/tags?post=49865"}],"curies":[{"name":"wp","href":"https:\/\/api.w.org\/{rel}","templated":true}]}}