{"id":49870,"date":"2026-04-26T10:52:37","date_gmt":"2026-04-26T08:52:37","guid":{"rendered":"https:\/\/blogs.diariosur.es\/tormentas-y-rayos\/?p=49870"},"modified":"2026-04-26T11:18:22","modified_gmt":"2026-04-26T09:18:22","slug":"la-magia-de-las-amapolas-con-las-rocas-en-villanueva-de-la-concepcion","status":"publish","type":"post","link":"https:\/\/blogs.diariosur.es\/tormentas-y-rayos\/2026\/04\/26\/la-magia-de-las-amapolas-con-las-rocas-en-villanueva-de-la-concepcion\/","title":{"rendered":"La magia de las amapolas con las rocas en Villanueva de la Concepci\u00f3n"},"content":{"rendered":"<p><a href=\"https:\/\/static-blogs.diariosur.es\/wp-content\/uploads\/sites\/12\/2026\/04\/667277569_10237389506936087_8760504911421842817_n.jpg\"><img loading=\"lazy\" class=\"aligncenter size-thumbnail wp-image-49686\" src=\"https:\/\/static-blogs.diariosur.es\/wp-content\/uploads\/sites\/12\/2026\/04\/667277569_10237389506936087_8760504911421842817_n-150x150.jpg\" alt=\"\" width=\"150\" height=\"150\" \/><\/a><\/p>\n<p data-pm-slice=\"1 1 []\">Buenos d\u00edas, amigos de la meteo.\u00a0 Hoy quiero que disfrut\u00e9is de estas fotos que me ha mandado mi amiga Ana Molina Garc\u00eda desde Villanueva de la Concepci\u00f3n. Me han encantado las fotos.<\/p>\n<p data-pm-slice=\"1 1 []\">\u00a0La amapola es mi flor favorita.<\/p>\n<p><em><span style=\"color: #ff0000;\"><strong>&#8220;La amapola no pide permiso a las rocas para nacer; simplemente encuentra la fisura y la incendia de rojo&#8221;.<\/strong><\/span><\/em><\/p>\n<p>&nbsp;<\/p>\n<p><a href=\"https:\/\/static-blogs.diariosur.es\/wp-content\/uploads\/sites\/12\/2026\/04\/678905833_10237675019033711_4199939235155846490_n-e1777188708344.jpg\"><img loading=\"lazy\" class=\"aligncenter size-full wp-image-49871\" src=\"https:\/\/static-blogs.diariosur.es\/wp-content\/uploads\/sites\/12\/2026\/04\/678905833_10237675019033711_4199939235155846490_n-e1777188708344.jpg\" alt=\"\" width=\"900\" height=\"1196\" \/><\/a><\/p>\n<p>&nbsp;<\/p>\n<p><a href=\"https:\/\/static-blogs.diariosur.es\/wp-content\/uploads\/sites\/12\/2026\/04\/679147553_10237663929876489_4338301190207748777_n-e1777188738643.jpg\"><img loading=\"lazy\" class=\"aligncenter size-full wp-image-49872\" src=\"https:\/\/static-blogs.diariosur.es\/wp-content\/uploads\/sites\/12\/2026\/04\/679147553_10237663929876489_4338301190207748777_n-e1777188738643.jpg\" alt=\"\" width=\"900\" height=\"1196\" \/><\/a><\/p>\n<p>&nbsp;<\/p>\n<p><a href=\"https:\/\/static-blogs.diariosur.es\/wp-content\/uploads\/sites\/12\/2026\/04\/679484519_10237675018193690_4558469879908666572_n-e1777188762686.jpg\"><img loading=\"lazy\" class=\"aligncenter size-full wp-image-49873\" src=\"https:\/\/static-blogs.diariosur.es\/wp-content\/uploads\/sites\/12\/2026\/04\/679484519_10237675018193690_4558469879908666572_n-e1777188762686.jpg\" alt=\"\" width=\"900\" height=\"1196\" \/><\/a><\/p>\n<p>&nbsp;<\/p>\n<p><a href=\"https:\/\/static-blogs.diariosur.es\/wp-content\/uploads\/sites\/12\/2026\/04\/679334620_10237663930756511_7518301464732796398_n-e1777188791865.jpg\"><img loading=\"lazy\" class=\"aligncenter size-full wp-image-49874\" src=\"https:\/\/static-blogs.diariosur.es\/wp-content\/uploads\/sites\/12\/2026\/04\/679334620_10237663930756511_7518301464732796398_n-e1777188791865.jpg\" alt=\"\" width=\"800\" height=\"1063\" \/><\/a><\/p>\n<p>&nbsp;<\/p>\n<p><a href=\"https:\/\/static-blogs.diariosur.es\/wp-content\/uploads\/sites\/12\/2026\/04\/679427199_10237663930276499_940614335342670278_n-e1777188814216.jpg\"><img loading=\"lazy\" class=\"aligncenter size-full wp-image-49875\" src=\"https:\/\/static-blogs.diariosur.es\/wp-content\/uploads\/sites\/12\/2026\/04\/679427199_10237663930276499_940614335342670278_n-e1777188814216.jpg\" alt=\"\" width=\"900\" height=\"1196\" \/><\/a><\/p>\n<p>&nbsp;<\/p>\n<p><a href=\"https:\/\/static-blogs.diariosur.es\/wp-content\/uploads\/sites\/12\/2026\/04\/z-1-e1777189454895.jpg\"><img loading=\"lazy\" class=\"aligncenter size-full wp-image-49877\" src=\"https:\/\/static-blogs.diariosur.es\/wp-content\/uploads\/sites\/12\/2026\/04\/z-1-e1777189454895.jpg\" alt=\"\" width=\"900\" height=\"1196\" \/><\/a><\/p>\n<p>&nbsp;<\/p>\n<p><a href=\"https:\/\/static-blogs.diariosur.es\/wp-content\/uploads\/sites\/12\/2026\/04\/zz-e1777189476101.jpg\"><img loading=\"lazy\" class=\"aligncenter size-full wp-image-49878\" src=\"https:\/\/static-blogs.diariosur.es\/wp-content\/uploads\/sites\/12\/2026\/04\/zz-e1777189476101.jpg\" alt=\"\" width=\"900\" height=\"1196\" \/><\/a><\/p>\n","protected":false},"excerpt":{"rendered":"<p>Buenos d\u00edas, amigos de la meteo.\u00a0 Hoy quiero que disfrut\u00e9is de estas fotos que me ha mandado mi amiga Ana Molina Garc\u00eda desde Villanueva de la Concepci\u00f3n. Me han encantado las fotos. \u00a0La amapola es mi flor favorita. &#8220;La amapola no pide permiso a las rocas para nacer; simplemente encuentra la fisura y la incendia [&hellip;]<\/p>\n","protected":false},"author":16,"featured_media":49871,"comment_status":"open","ping_status":"open","sticky":false,"template":"","format":"standard","meta":[],"categories":[2],"tags":[2136,358],"_links":{"self":[{"href":"https:\/\/blogs.diariosur.es\/tormentas-y-rayos\/wp-json\/wp\/v2\/posts\/49870"}],"collection":[{"href":"https:\/\/blogs.diariosur.es\/tormentas-y-rayos\/wp-json\/wp\/v2\/posts"}],"about":[{"href":"https:\/\/blogs.diariosur.es\/tormentas-y-rayos\/wp-json\/wp\/v2\/types\/post"}],"author":[{"embeddable":true,"href":"https:\/\/blogs.diariosur.es\/tormentas-y-rayos\/wp-json\/wp\/v2\/users\/16"}],"replies":[{"embeddable":true,"href":"https:\/\/blogs.diariosur.es\/tormentas-y-rayos\/wp-json\/wp\/v2\/comments?post=49870"}],"version-history":[{"count":4,"href":"https:\/\/blogs.diariosur.es\/tormentas-y-rayos\/wp-json\/wp\/v2\/posts\/49870\/revisions"}],"predecessor-version":[{"id":49882,"href":"https:\/\/blogs.diariosur.es\/tormentas-y-rayos\/wp-json\/wp\/v2\/posts\/49870\/revisions\/49882"}],"wp:featuredmedia":[{"embeddable":true,"href":"https:\/\/blogs.diariosur.es\/tormentas-y-rayos\/wp-json\/wp\/v2\/media\/49871"}],"wp:attachment":[{"href":"https:\/\/blogs.diariosur.es\/tormentas-y-rayos\/wp-json\/wp\/v2\/media?parent=49870"}],"wp:term":[{"taxonomy":"category","embeddable":true,"href":"https:\/\/blogs.diariosur.es\/tormentas-y-rayos\/wp-json\/wp\/v2\/categories?post=49870"},{"taxonomy":"post_tag","embeddable":true,"href":"https:\/\/blogs.diariosur.es\/tormentas-y-rayos\/wp-json\/wp\/v2\/tags?post=49870"}],"curies":[{"name":"wp","href":"https:\/\/api.w.org\/{rel}","templated":true}]}}