{"id":49883,"date":"2026-04-27T08:06:04","date_gmt":"2026-04-27T06:06:04","guid":{"rendered":"https:\/\/blogs.diariosur.es\/tormentas-y-rayos\/?p=49883"},"modified":"2026-04-27T08:06:04","modified_gmt":"2026-04-27T06:06:04","slug":"no-laveis-los-coches-todavia-en-malaga","status":"publish","type":"post","link":"https:\/\/blogs.diariosur.es\/tormentas-y-rayos\/2026\/04\/27\/no-laveis-los-coches-todavia-en-malaga\/","title":{"rendered":"No lav\u00e9is los coches todav\u00eda en M\u00e1laga &#8230;"},"content":{"rendered":"<p><a href=\"https:\/\/static-blogs.diariosur.es\/wp-content\/uploads\/sites\/12\/2026\/03\/444912498_10228884468795449_97962860407814916_n-e1774076149968.jpg\"><img loading=\"lazy\" class=\"aligncenter size-thumbnail wp-image-49555\" src=\"https:\/\/static-blogs.diariosur.es\/wp-content\/uploads\/sites\/12\/2026\/03\/444912498_10228884468795449_97962860407814916_n-150x150.jpg\" alt=\"\" width=\"150\" height=\"150\" \/><\/a><\/p>\n<p data-pm-slice=\"1 1 []\">Buenos d\u00edas, amigos de la meteo.\u00a0Cuando son las siete menos cuarto de la ma\u00f1ana en M\u00e1laga capital, mi estaci\u00f3n registra 17,2\u00b0C, los cielos est\u00e1n nubosos y el viento sopla flojo de levante.<\/p>\n<p data-pm-slice=\"1 1 []\">La Aemet activa el aviso amarillo hoy lunes por viento y fen\u00f3menos costeros en el litoral de C\u00e1diz y el Estrecho.<\/p>\n<p data-pm-slice=\"1 1 []\">Os paso un video de las nubes bajas que tenemos en estos momentos en la costa de M\u00e1laga.<\/p>\n<p data-pm-slice=\"1 1 []\">\n<p><iframe loading=\"lazy\" title=\"YouTube video player\" src=\"https:\/\/www.youtube.com\/embed\/DdT3xzclgvI?si=Hsh3IKJlrKOODIHQ\" width=\"560\" height=\"315\" frameborder=\"0\" allowfullscreen=\"allowfullscreen\"><\/iframe><\/p>\n<h3><\/h3>\n<h3><span style=\"color: #993300;\"><strong>No lav\u00e9is los coches todav\u00eda en M\u00e1laga.<\/strong><\/span><\/h3>\n<p data-pm-slice=\"1 1 []\">Comenzamos la semana con una mala noticia: ma\u00f1ana martes otra dana traer\u00e1 consigo chubascos a la provincia de M\u00e1laga y, por en\u00e9sima vez, acompa\u00f1ados de dep\u00f3sitos de barro. El mi\u00e9rcoles de madrugada sigue la probabilidad de chubascos.<\/p>\n<p>Os paso un mapa de concentraci\u00f3n de polvo en suspensi\u00f3n previsto para ma\u00f1ana.<\/p>\n<p>&nbsp;<\/p>\n<p><a href=\"https:\/\/static-blogs.diariosur.es\/wp-content\/uploads\/sites\/12\/2026\/04\/Captura-de-pantalla-2026-04-26-185421.jpg\"><img loading=\"lazy\" class=\"aligncenter size-full wp-image-49894\" src=\"https:\/\/static-blogs.diariosur.es\/wp-content\/uploads\/sites\/12\/2026\/04\/Captura-de-pantalla-2026-04-26-185421.jpg\" alt=\"\" width=\"1138\" height=\"1141\" srcset=\"https:\/\/static-blogs.diariosur.es\/wp-content\/uploads\/sites\/12\/2026\/04\/Captura-de-pantalla-2026-04-26-185421.jpg 1138w, https:\/\/static-blogs.diariosur.es\/wp-content\/uploads\/sites\/12\/2026\/04\/Captura-de-pantalla-2026-04-26-185421-399x400.jpg 399w, https:\/\/static-blogs.diariosur.es\/wp-content\/uploads\/sites\/12\/2026\/04\/Captura-de-pantalla-2026-04-26-185421-407x408.jpg 407w, https:\/\/static-blogs.diariosur.es\/wp-content\/uploads\/sites\/12\/2026\/04\/Captura-de-pantalla-2026-04-26-185421-150x150.jpg 150w, https:\/\/static-blogs.diariosur.es\/wp-content\/uploads\/sites\/12\/2026\/04\/Captura-de-pantalla-2026-04-26-185421-768x770.jpg 768w\" sizes=\"(max-width: 1138px) 100vw, 1138px\" \/><\/a><\/p>\n<p>&nbsp;<\/p>\n<p data-pm-slice=\"1 1 []\">Ma\u00f1ana martes se activa el aviso amarillo por tormentas en la cuenca del Genil y sur de la provincia de Ja\u00e9n, precipitaci\u00f3n acumulada en una hora de 15 mm.\u00a0 Sigue el aviso por fen\u00f3menos costeros en el Estrecho y litoral gaditano por viento de levante de 50 a 61 km\/h (fuerza 7) al oeste de Tarifa y sur de Trafalgar.<\/p>\n<p>&nbsp;<\/p>\n<p><a href=\"https:\/\/static-blogs.diariosur.es\/wp-content\/uploads\/sites\/12\/2026\/04\/Captura-de-pantalla-2026-04-27-065544.jpg\"><img loading=\"lazy\" class=\"aligncenter size-full wp-image-49901\" src=\"https:\/\/static-blogs.diariosur.es\/wp-content\/uploads\/sites\/12\/2026\/04\/Captura-de-pantalla-2026-04-27-065544.jpg\" alt=\"\" width=\"1047\" height=\"810\" srcset=\"https:\/\/static-blogs.diariosur.es\/wp-content\/uploads\/sites\/12\/2026\/04\/Captura-de-pantalla-2026-04-27-065544.jpg 1047w, https:\/\/static-blogs.diariosur.es\/wp-content\/uploads\/sites\/12\/2026\/04\/Captura-de-pantalla-2026-04-27-065544-517x400.jpg 517w, https:\/\/static-blogs.diariosur.es\/wp-content\/uploads\/sites\/12\/2026\/04\/Captura-de-pantalla-2026-04-27-065544-527x408.jpg 527w, https:\/\/static-blogs.diariosur.es\/wp-content\/uploads\/sites\/12\/2026\/04\/Captura-de-pantalla-2026-04-27-065544-768x594.jpg 768w\" sizes=\"(max-width: 1047px) 100vw, 1047px\" \/><\/a><\/p>\n","protected":false},"excerpt":{"rendered":"<p>Buenos d\u00edas, amigos de la meteo.\u00a0Cuando son las siete menos cuarto de la ma\u00f1ana en M\u00e1laga capital, mi estaci\u00f3n registra 17,2\u00b0C, los cielos est\u00e1n nubosos y el viento sopla flojo de levante. La Aemet activa el aviso amarillo hoy lunes por viento y fen\u00f3menos costeros en el litoral de C\u00e1diz y el Estrecho. Os paso [&hellip;]<\/p>\n","protected":false},"author":16,"featured_media":49898,"comment_status":"open","ping_status":"open","sticky":false,"template":"","format":"standard","meta":[],"categories":[2],"tags":[100,209,358,587,789],"_links":{"self":[{"href":"https:\/\/blogs.diariosur.es\/tormentas-y-rayos\/wp-json\/wp\/v2\/posts\/49883"}],"collection":[{"href":"https:\/\/blogs.diariosur.es\/tormentas-y-rayos\/wp-json\/wp\/v2\/posts"}],"about":[{"href":"https:\/\/blogs.diariosur.es\/tormentas-y-rayos\/wp-json\/wp\/v2\/types\/post"}],"author":[{"embeddable":true,"href":"https:\/\/blogs.diariosur.es\/tormentas-y-rayos\/wp-json\/wp\/v2\/users\/16"}],"replies":[{"embeddable":true,"href":"https:\/\/blogs.diariosur.es\/tormentas-y-rayos\/wp-json\/wp\/v2\/comments?post=49883"}],"version-history":[{"count":13,"href":"https:\/\/blogs.diariosur.es\/tormentas-y-rayos\/wp-json\/wp\/v2\/posts\/49883\/revisions"}],"predecessor-version":[{"id":49903,"href":"https:\/\/blogs.diariosur.es\/tormentas-y-rayos\/wp-json\/wp\/v2\/posts\/49883\/revisions\/49903"}],"wp:featuredmedia":[{"embeddable":true,"href":"https:\/\/blogs.diariosur.es\/tormentas-y-rayos\/wp-json\/wp\/v2\/media\/49898"}],"wp:attachment":[{"href":"https:\/\/blogs.diariosur.es\/tormentas-y-rayos\/wp-json\/wp\/v2\/media?parent=49883"}],"wp:term":[{"taxonomy":"category","embeddable":true,"href":"https:\/\/blogs.diariosur.es\/tormentas-y-rayos\/wp-json\/wp\/v2\/categories?post=49883"},{"taxonomy":"post_tag","embeddable":true,"href":"https:\/\/blogs.diariosur.es\/tormentas-y-rayos\/wp-json\/wp\/v2\/tags?post=49883"}],"curies":[{"name":"wp","href":"https:\/\/api.w.org\/{rel}","templated":true}]}}