{"id":49905,"date":"2026-04-29T07:35:04","date_gmt":"2026-04-29T05:35:04","guid":{"rendered":"https:\/\/blogs.diariosur.es\/tormentas-y-rayos\/?p=49905"},"modified":"2026-04-29T07:35:04","modified_gmt":"2026-04-29T05:35:04","slug":"la-magia-de-las-nubes-fantasmas-en-mijas-pueblo-cuando-se-va-la-calima","status":"publish","type":"post","link":"https:\/\/blogs.diariosur.es\/tormentas-y-rayos\/2026\/04\/29\/la-magia-de-las-nubes-fantasmas-en-mijas-pueblo-cuando-se-va-la-calima\/","title":{"rendered":"La magia de las nubes fantasmas en Mijas Pueblo. \u00bfCu\u00e1ndo se va la calima?"},"content":{"rendered":"<p><a href=\"https:\/\/static-blogs.diariosur.es\/wp-content\/uploads\/sites\/12\/2026\/04\/667277569_10237389506936087_8760504911421842817_n.jpg\"><img loading=\"lazy\" class=\"aligncenter size-thumbnail wp-image-49686\" src=\"https:\/\/static-blogs.diariosur.es\/wp-content\/uploads\/sites\/12\/2026\/04\/667277569_10237389506936087_8760504911421842817_n-150x150.jpg\" alt=\"\" width=\"150\" height=\"150\" \/><\/a><\/p>\n<p data-pm-slice=\"1 1 []\">Buenos d\u00edas, amigos de la meteo. Cuando son las siete menos cuarto de la ma\u00f1ana en M\u00e1laga capital, mi estaci\u00f3n registra 15,9 \u00baC, los cielos siguen con un poco de polvo en suspensi\u00f3n y el viento sopla flojo de direcci\u00f3n variable. A partir de las doce, la calima abandonar\u00e1 los cielos de la provincia malague\u00f1a. Hoy sigue la probabilidad de alg\u00fan chubasco <strong>d\u00e9bil y espor\u00e1dico<\/strong> en algunos puntos de la provincia malague\u00f1a.<\/p>\n<p>Ayer martes se dieron algunas gotas de barro por la zona de C\u00e1rtama, Estepona, Marbella y Cortes de la Frontera; destacar C\u00e1rtama con 0,5 mm. En las dem\u00e1s zonas de la provincia no cay\u00f3 nada, por suerte. La temperatura m\u00e1xima en M\u00e1laga capital fue de 21,6 \u00baC.<\/p>\n<h3><span style=\"color: #0000ff;\">La magia de las nubes fantasmas en Mijas Pueblo<\/span><\/h3>\n<p>Mi amigo Crist\u00f3bal Gambero logro fotografiar estas bonitas nubes fantasmas hace unos d\u00edas en Mijas Pueblo, son una pasada. Muchas gracias por compartir.<\/p>\n<p><span data-subtree=\"aimfl,mfl\">Las &#8220;nubes fantasma&#8221; n<\/span>o est\u00e1n catalogadas formalmente en el <span data-sfc-root=\"c\" data-wiz-uids=\"uUpOy_h\" data-sfc-cb=\"\">Atlas Internacional de Nubes<\/span>\u00a0de la OMM y son muy valoradas por los observadores meteorol\u00f3gicos por su rareza y belleza<\/p>\n<div class=\"n6owBd awi2gc\" data-sfc-cp=\"\" data-sfc-root=\"c\" data-sfc-cb=\"\" data-hveid=\"CAEQAA\" data-processed=\"true\"><\/div>\n<div class=\"n6owBd awi2gc\" data-sfc-cp=\"\" data-sfc-root=\"c\" data-sfc-cb=\"\" data-hveid=\"CAIQAA\" data-processed=\"true\"><strong class=\"Yjhzub\" data-sfc-root=\"c\" data-sfc-cb=\"\" data-processed=\"true\">Caracter\u00edsticas Principales:<\/strong><\/div>\n<div class=\"\" data-bfc=\"\" data-ved=\"2ahUKEwiLncOkj5GUAxXXRkEAHRAzN7IQi4wTegQIAxAA\" data-processed=\"true\">\n<ul class=\"KsbFXc U6u95\" data-sfc-root=\"c\" data-sfc-cb=\"\" data-processed=\"true\">\n<li class=\"Z1qcYe\" data-sfc-cp=\"\" data-sfc-root=\"c\" data-sfc-cb=\"\" data-hveid=\"CAMQAQ\" data-processed=\"true\"><span class=\"T286Pc\" data-sfc-cp=\"\" data-sfc-root=\"c\" data-sfc-cb=\"\" data-processed=\"true\"><strong class=\"Yjhzub\" data-sfc-root=\"c\" data-sfc-cb=\"\" data-processed=\"true\">Aspecto:<\/strong>\u00a0Velos delicados, sinuosos y sedosos con protuberancias huecas tipo burbuja.<\/span><\/li>\n<li class=\"Z1qcYe\" data-sfc-cp=\"\" data-sfc-root=\"c\" data-sfc-cb=\"\" data-hveid=\"CAMQAg\" data-processed=\"true\"><span class=\"T286Pc\" data-sfc-cp=\"\" data-sfc-root=\"c\" data-sfc-cb=\"\" data-processed=\"true\"><strong class=\"Yjhzub\" data-sfc-root=\"c\" data-sfc-cb=\"\" data-processed=\"true\">Formaci\u00f3n:<\/strong>\u00a0Ligadas a fuerte turbulencia y viento en altura, frecuentemente al forzar el aire a pasar sobre monta\u00f1as.<\/span><\/li>\n<li class=\"Z1qcYe\" data-sfc-cp=\"\" data-sfc-root=\"c\" data-sfc-cb=\"\" data-hveid=\"CAMQAw\" data-processed=\"true\"><span class=\"T286Pc\" data-sfc-cp=\"\" data-sfc-root=\"c\" data-sfc-cb=\"\" data-processed=\"true\"><strong class=\"Yjhzub\" data-sfc-root=\"c\" data-sfc-cb=\"\" data-processed=\"true\">Aparici\u00f3n:<\/strong>\u00a0Son ef\u00edmeras, apareciendo y desapareciendo r\u00e1pidamente.<\/span><\/li>\n<li class=\"Z1qcYe\" data-sfc-cp=\"\" data-sfc-root=\"c\" data-sfc-cb=\"\" data-hveid=\"CAMQBA\" data-processed=\"true\"><span class=\"T286Pc\" data-sfc-cp=\"\" data-sfc-root=\"c\" data-sfc-cb=\"\" data-processed=\"true\"><strong class=\"Yjhzub\" data-sfc-root=\"c\" data-sfc-cb=\"\" data-processed=\"true\">Contexto:<\/strong>\u00a0Se observan antes de la llegada de frentes de lluvia, especialmente en Pirineos, zonas monta\u00f1osas y las Islas Canarias.<\/span><\/li>\n<li class=\"Z1qcYe\" data-sfc-cp=\"\" data-sfc-root=\"c\" data-sfc-cb=\"\" data-hveid=\"CAMQBQ\" data-processed=\"true\"><span class=\"T286Pc\" data-sfc-cp=\"\" data-sfc-root=\"c\" data-sfc-cb=\"\" data-processed=\"true\"><strong class=\"Yjhzub\" data-sfc-root=\"c\" data-sfc-cb=\"\" data-processed=\"true\">Avistamiento:<\/strong>\u00a0Son muy valoradas por observadores meteorol\u00f3gicos por su rareza y belleza.<\/span><span class=\"uJ19be notranslate\" data-sfc-root=\"c\" data-wiz-uids=\"COCyW_1b,COCyW_1c\" data-sfc-cb=\"\" data-processed=\"true\"><span class=\"vKEkVd\" data-animation-atomic=\"\" data-wiz-attrbind=\"class=COCyW_1a\/TKHnVd\" data-processed=\"true\"><span aria-hidden=\"true\" data-processed=\"true\">\u00a0<\/span><\/span><\/span><\/li>\n<\/ul>\n<\/div>\n<p>&nbsp;<\/p>\n<p data-pm-slice=\"1 1 []\">Os dejo con este <strong>precioso<\/strong> time-lapse y unas fotos de las nubes fantasmas que caz\u00f3 Crist\u00f3bal. Al final os pongo unas que fotografi\u00e9 yo en agosto de 2014.<\/p>\n<p>&nbsp;<\/p>\n<p><iframe loading=\"lazy\" title=\"Nubes fantasmas en  Mijas Pueblo 25 04 2026\" width=\"500\" height=\"281\" src=\"https:\/\/www.youtube.com\/embed\/Z5wJcyzUeYk?feature=oembed\" frameborder=\"0\" allow=\"accelerometer; autoplay; clipboard-write; encrypted-media; gyroscope; picture-in-picture; web-share\" referrerpolicy=\"strict-origin-when-cross-origin\" allowfullscreen><\/iframe><\/p>\n<p>&nbsp;<\/p>\n<p><a href=\"https:\/\/static-blogs.diariosur.es\/wp-content\/uploads\/sites\/12\/2026\/04\/684188145_10237707902375774_8876552509205333954_n-e1777398420400.jpg\"><img loading=\"lazy\" class=\"aligncenter size-full wp-image-49908\" src=\"https:\/\/static-blogs.diariosur.es\/wp-content\/uploads\/sites\/12\/2026\/04\/684188145_10237707902375774_8876552509205333954_n-e1777398420400.jpg\" alt=\"\" width=\"1200\" height=\"675\" \/><\/a><\/p>\n<p>&nbsp;<\/p>\n<p><a href=\"https:\/\/static-blogs.diariosur.es\/wp-content\/uploads\/sites\/12\/2026\/04\/684221005_10237707903775809_7526763133943444909_n-e1777398442421.jpg\"><img loading=\"lazy\" class=\"aligncenter size-full wp-image-49909\" src=\"https:\/\/static-blogs.diariosur.es\/wp-content\/uploads\/sites\/12\/2026\/04\/684221005_10237707903775809_7526763133943444909_n-e1777398442421.jpg\" alt=\"\" width=\"1200\" height=\"675\" \/><\/a><\/p>\n<p>&nbsp;<\/p>\n<p><a href=\"https:\/\/static-blogs.diariosur.es\/wp-content\/uploads\/sites\/12\/2026\/04\/684269539_10237707904735833_6282369265887451536_n-e1777398464536.jpg\"><img loading=\"lazy\" class=\"aligncenter size-full wp-image-49910\" src=\"https:\/\/static-blogs.diariosur.es\/wp-content\/uploads\/sites\/12\/2026\/04\/684269539_10237707904735833_6282369265887451536_n-e1777398464536.jpg\" alt=\"\" width=\"1200\" height=\"675\" \/><\/a><\/p>\n<p>&nbsp;<\/p>\n<p><a href=\"https:\/\/static-blogs.diariosur.es\/wp-content\/uploads\/sites\/12\/2026\/04\/685819092_10237707902015765_2096888885272383366_n-e1777398488257.jpg\"><img loading=\"lazy\" class=\"aligncenter size-full wp-image-49911\" src=\"https:\/\/static-blogs.diariosur.es\/wp-content\/uploads\/sites\/12\/2026\/04\/685819092_10237707902015765_2096888885272383366_n-e1777398488257.jpg\" alt=\"\" width=\"1200\" height=\"675\" \/><\/a><\/p>\n<p>&nbsp;<\/p>\n<p>El 14 de agosto de 2014 yo tambi\u00e9n tuve la suerte de fotografiar nubes fantasmas por la noche desde la terraza.<\/p>\n<p>&nbsp;<\/p>\n<p><a href=\"https:\/\/static-blogs.diariosur.es\/wp-content\/uploads\/sites\/12\/2026\/04\/14733362349_ff2b5eeb24_o.jpg\"><img loading=\"lazy\" class=\"aligncenter size-full wp-image-49912\" src=\"https:\/\/static-blogs.diariosur.es\/wp-content\/uploads\/sites\/12\/2026\/04\/14733362349_ff2b5eeb24_o.jpg\" alt=\"\" width=\"1200\" height=\"808\" srcset=\"https:\/\/static-blogs.diariosur.es\/wp-content\/uploads\/sites\/12\/2026\/04\/14733362349_ff2b5eeb24_o.jpg 1200w, https:\/\/static-blogs.diariosur.es\/wp-content\/uploads\/sites\/12\/2026\/04\/14733362349_ff2b5eeb24_o-594x400.jpg 594w, https:\/\/static-blogs.diariosur.es\/wp-content\/uploads\/sites\/12\/2026\/04\/14733362349_ff2b5eeb24_o-606x408.jpg 606w, https:\/\/static-blogs.diariosur.es\/wp-content\/uploads\/sites\/12\/2026\/04\/14733362349_ff2b5eeb24_o-768x517.jpg 768w\" sizes=\"(max-width: 1200px) 100vw, 1200px\" \/><\/a><\/p>\n<p>&nbsp;<\/p>\n<p><a href=\"https:\/\/static-blogs.diariosur.es\/wp-content\/uploads\/sites\/12\/2026\/04\/14919672512_6326a77a43_o.jpg\"><img loading=\"lazy\" class=\"aligncenter size-full wp-image-49913\" src=\"https:\/\/static-blogs.diariosur.es\/wp-content\/uploads\/sites\/12\/2026\/04\/14919672512_6326a77a43_o.jpg\" alt=\"\" width=\"1200\" height=\"801\" srcset=\"https:\/\/static-blogs.diariosur.es\/wp-content\/uploads\/sites\/12\/2026\/04\/14919672512_6326a77a43_o.jpg 1200w, https:\/\/static-blogs.diariosur.es\/wp-content\/uploads\/sites\/12\/2026\/04\/14919672512_6326a77a43_o-599x400.jpg 599w, https:\/\/static-blogs.diariosur.es\/wp-content\/uploads\/sites\/12\/2026\/04\/14919672512_6326a77a43_o-611x408.jpg 611w, https:\/\/static-blogs.diariosur.es\/wp-content\/uploads\/sites\/12\/2026\/04\/14919672512_6326a77a43_o-768x513.jpg 768w\" sizes=\"(max-width: 1200px) 100vw, 1200px\" \/><\/a><\/p>\n","protected":false},"excerpt":{"rendered":"<p>Buenos d\u00edas, amigos de la meteo. Cuando son las siete menos cuarto de la ma\u00f1ana en M\u00e1laga capital, mi estaci\u00f3n registra 15,9 \u00baC, los cielos siguen con un poco de polvo en suspensi\u00f3n y el viento sopla flojo de direcci\u00f3n variable. A partir de las doce, la calima abandonar\u00e1 los cielos de la provincia malague\u00f1a. [&hellip;]<\/p>\n","protected":false},"author":16,"featured_media":49909,"comment_status":"open","ping_status":"open","sticky":false,"template":"","format":"standard","meta":[],"categories":[2],"tags":[402,587,652,720],"_links":{"self":[{"href":"https:\/\/blogs.diariosur.es\/tormentas-y-rayos\/wp-json\/wp\/v2\/posts\/49905"}],"collection":[{"href":"https:\/\/blogs.diariosur.es\/tormentas-y-rayos\/wp-json\/wp\/v2\/posts"}],"about":[{"href":"https:\/\/blogs.diariosur.es\/tormentas-y-rayos\/wp-json\/wp\/v2\/types\/post"}],"author":[{"embeddable":true,"href":"https:\/\/blogs.diariosur.es\/tormentas-y-rayos\/wp-json\/wp\/v2\/users\/16"}],"replies":[{"embeddable":true,"href":"https:\/\/blogs.diariosur.es\/tormentas-y-rayos\/wp-json\/wp\/v2\/comments?post=49905"}],"version-history":[{"count":6,"href":"https:\/\/blogs.diariosur.es\/tormentas-y-rayos\/wp-json\/wp\/v2\/posts\/49905\/revisions"}],"predecessor-version":[{"id":49917,"href":"https:\/\/blogs.diariosur.es\/tormentas-y-rayos\/wp-json\/wp\/v2\/posts\/49905\/revisions\/49917"}],"wp:featuredmedia":[{"embeddable":true,"href":"https:\/\/blogs.diariosur.es\/tormentas-y-rayos\/wp-json\/wp\/v2\/media\/49909"}],"wp:attachment":[{"href":"https:\/\/blogs.diariosur.es\/tormentas-y-rayos\/wp-json\/wp\/v2\/media?parent=49905"}],"wp:term":[{"taxonomy":"category","embeddable":true,"href":"https:\/\/blogs.diariosur.es\/tormentas-y-rayos\/wp-json\/wp\/v2\/categories?post=49905"},{"taxonomy":"post_tag","embeddable":true,"href":"https:\/\/blogs.diariosur.es\/tormentas-y-rayos\/wp-json\/wp\/v2\/tags?post=49905"}],"curies":[{"name":"wp","href":"https:\/\/api.w.org\/{rel}","templated":true}]}}