{"id":4991,"date":"2013-02-17T10:31:13","date_gmt":"2013-02-17T09:31:13","guid":{"rendered":"http:\/\/blogs.diariosur.es\/tormentas-y-rayos\/?p=4991"},"modified":"2013-02-17T10:31:13","modified_gmt":"2013-02-17T09:31:13","slug":"se-confirman-las-lluvias-y-el-rombo-posibles-tormentas","status":"publish","type":"post","link":"https:\/\/blogs.diariosur.es\/tormentas-y-rayos\/2013\/02\/17\/se-confirman-las-lluvias-y-el-rombo-posibles-tormentas\/","title":{"rendered":"Alerta amarilla .Se confirman las lluvias y el rombo.  Posibles tormentas."},"content":{"rendered":"<p><strong>Buenos dias amigos de la meteo.<span style=\"color: #ff00ff;\">\u00a0<\/span><\/strong><\/p>\n<p>&nbsp;<\/p>\n<p><a href=\"https:\/\/blogs.diariosur.es\/tormentas-y-rayos\/2013\/02\/17\/se-confirman-las-lluvias-y-el-rombo-posibles-tormentas\/olympus-digital-camera-1110\/\" rel=\"attachment wp-att-4995\"><img loading=\"lazy\" class=\"aligncenter size-full wp-image-4995\" src=\"\/tormentas-y-rayos\/wp-content\/uploads\/sites\/12\/2013\/02\/017.jpg\" alt=\"\" width=\"660\" height=\"495\" srcset=\"https:\/\/static-blogs.diariosur.es\/wp-content\/uploads\/sites\/12\/2013\/02\/017.jpg 660w, https:\/\/static-blogs.diariosur.es\/wp-content\/uploads\/sites\/12\/2013\/02\/017-533x400.jpg 533w\" sizes=\"(max-width: 660px) 100vw, 660px\" \/><\/a><\/p>\n<p>&nbsp;<\/p>\n<p><strong>Asi\u00a0amanec\u00eda\u00a0hoy 17-2-2013, la temperatura era de 9 grados, con una humedad del 89 %.\u00a0Ten\u00edamos\u00a0cirros, un poco de calima y hasta niebla. Amigo Joaquin espero que no sea nada lo del objetivo un abrazo.<\/strong><\/p>\n<p><a href=\"https:\/\/blogs.diariosur.es\/tormentas-y-rayos\/2013\/02\/17\/se-confirman-las-lluvias-y-el-rombo-posibles-tormentas\/olympus-digital-camera-1111\/\" rel=\"attachment wp-att-4996\"><img loading=\"lazy\" class=\"aligncenter size-full wp-image-4996\" src=\"\/tormentas-y-rayos\/wp-content\/uploads\/sites\/12\/2013\/02\/020.jpg\" alt=\"\" width=\"660\" height=\"495\" srcset=\"https:\/\/static-blogs.diariosur.es\/wp-content\/uploads\/sites\/12\/2013\/02\/020.jpg 660w, https:\/\/static-blogs.diariosur.es\/wp-content\/uploads\/sites\/12\/2013\/02\/020-533x400.jpg 533w\" sizes=\"(max-width: 660px) 100vw, 660px\" \/><\/a><\/p>\n<p>&nbsp;<\/p>\n<p><strong>Actualizo el blog para confirmaros que las lluvias ser\u00e1n las protagonistas en casi toda Andaluc\u00eda esta pr\u00f3xima semana. En estos momentos un frente frio esta cruzando la pen\u00ednsula, os paso la imagen del\u00a0sat\u00e9lite\u00a0eumetsat fuente meteogalicia.<\/strong><\/p>\n<p><a href=\"https:\/\/blogs.diariosur.es\/tormentas-y-rayos\/2013\/02\/17\/se-confirman-las-lluvias-y-el-rombo-posibles-tormentas\/frente-16\/\" rel=\"attachment wp-att-4992\"><img loading=\"lazy\" class=\"aligncenter size-medium wp-image-4992\" src=\"\/tormentas-y-rayos\/wp-content\/uploads\/sites\/12\/2013\/02\/frente4.jpg\" alt=\"\" width=\"558\" height=\"400\" srcset=\"https:\/\/static-blogs.diariosur.es\/wp-content\/uploads\/sites\/12\/2013\/02\/frente4.jpg 736w, https:\/\/static-blogs.diariosur.es\/wp-content\/uploads\/sites\/12\/2013\/02\/frente4-559x400.jpg 559w\" sizes=\"(max-width: 558px) 100vw, 558px\" \/><\/a><\/p>\n<p>&nbsp;<\/p>\n<p><strong>Ya esta dejando las primeras lluvias por la zona de Galicia, a medida que pasen las horas los chubascos se dar\u00e1n tambi\u00e9n en la zona occidental de Andaluc\u00eda. En nuestra provincia malague\u00f1a llegaran muy debilitados, siendo en el interior de la provincia donde mas probabilidad hay que se den. Os paso estas dos imagenes del radar de lluvias. En el radar de Sevilla, ya se aprecian los primeros chubascos en Huelva. Fuente Aemet.<\/strong><\/p>\n<p><a href=\"https:\/\/blogs.diariosur.es\/tormentas-y-rayos\/2013\/02\/17\/se-confirman-las-lluvias-y-el-rombo-posibles-tormentas\/radar-20\/\" rel=\"attachment wp-att-4997\"><img loading=\"lazy\" class=\"aligncenter size-full wp-image-4997\" src=\"\/tormentas-y-rayos\/wp-content\/uploads\/sites\/12\/2013\/02\/radar.jpg\" alt=\"\" width=\"540\" height=\"531\" srcset=\"https:\/\/static-blogs.diariosur.es\/wp-content\/uploads\/sites\/12\/2013\/02\/radar.jpg 540w, https:\/\/static-blogs.diariosur.es\/wp-content\/uploads\/sites\/12\/2013\/02\/radar-407x400.jpg 407w\" sizes=\"(max-width: 540px) 100vw, 540px\" \/><\/a><a href=\"https:\/\/blogs.diariosur.es\/tormentas-y-rayos\/2013\/02\/17\/se-confirman-las-lluvias-y-el-rombo-posibles-tormentas\/r-3\/\" rel=\"attachment wp-att-4998\"><img loading=\"lazy\" class=\"aligncenter size-full wp-image-4998\" src=\"\/tormentas-y-rayos\/wp-content\/uploads\/sites\/12\" alt=\"\" width=\"545\" height=\"573\" \/><\/a><\/p>\n<p>&nbsp;<\/p>\n<p><strong>Este frente trae detr\u00e1s una vaguada, que pueden formar una baja secundaria en el Golfo de C\u00e1diz, algunos mapas ya la dan. Fuente meteociel<\/strong><\/p>\n<p><a href=\"https:\/\/blogs.diariosur.es\/tormentas-y-rayos\/2013\/02\/17\/se-confirman-las-lluvias-y-el-rombo-posibles-tormentas\/frente-17\/\" rel=\"attachment wp-att-4999\"><img loading=\"lazy\" class=\"aligncenter size-medium wp-image-4999\" src=\"\/tormentas-y-rayos\/wp-content\/uploads\/sites\/12\/2013\/02\/frente5.jpg\" alt=\"\" width=\"558\" height=\"400\" srcset=\"https:\/\/static-blogs.diariosur.es\/wp-content\/uploads\/sites\/12\/2013\/02\/frente5.jpg 736w, https:\/\/static-blogs.diariosur.es\/wp-content\/uploads\/sites\/12\/2013\/02\/frente5-559x400.jpg 559w\" sizes=\"(max-width: 558px) 100vw, 558px\" \/><\/a><\/p>\n<p>&nbsp;<\/p>\n<p>&nbsp;<\/p>\n<p>&nbsp;<\/p>\n<p><a href=\"https:\/\/blogs.diariosur.es\/tormentas-y-rayos\/2013\/02\/17\/se-confirman-las-lluvias-y-el-rombo-posibles-tormentas\/baja-secundari\/\" rel=\"attachment wp-att-4993\"><img loading=\"lazy\" class=\"aligncenter size-medium wp-image-4993\" src=\"\/tormentas-y-rayos\/wp-content\/uploads\/sites\/12\/2013\/02\/baja-secundari.jpg\" alt=\"\" width=\"600\" height=\"372\" srcset=\"https:\/\/static-blogs.diariosur.es\/wp-content\/uploads\/sites\/12\/2013\/02\/baja-secundari.jpg 775w, https:\/\/static-blogs.diariosur.es\/wp-content\/uploads\/sites\/12\/2013\/02\/baja-secundari-640x397.jpg 640w, https:\/\/static-blogs.diariosur.es\/wp-content\/uploads\/sites\/12\/2013\/02\/baja-secundari-768x477.jpg 768w\" sizes=\"(max-width: 600px) 100vw, 600px\" \/><\/a><\/p>\n<p>&nbsp;<\/p>\n<p><strong>Esta borrasquita como yo la llamo, si puede dejar lluvias abundantes a partir del lunes por la tarde en toda la Provincia Malague\u00f1a. No me extra\u00f1ar\u00eda que a lo largo del dia de hoy o de ma\u00f1ana, se <span style=\"color: #ff0000;\">activen las alertas por lluvias en nuestra provincia.<\/span><\/strong><\/p>\n<p>SE ACABA DE ACTIVAR<\/p>\n<p><a href=\"https:\/\/blogs.diariosur.es\/tormentas-y-rayos\/2013\/02\/17\/se-confirman-las-lluvias-y-el-rombo-posibles-tormentas\/captura-130\/\" rel=\"attachment wp-att-5001\"><img loading=\"lazy\" class=\"aligncenter size-full wp-image-5001\" src=\"\/tormentas-y-rayos\/wp-content\/uploads\/sites\/12\/2013\/02\/Captura3.jpg\" alt=\"\" width=\"560\" height=\"374\" \/><\/a><\/p>\n<p><strong>El rombo casi puedo asegurar que se formara, por consiguiente despu\u00e9s de la borrasquita jejeje, nos visitaran otras a lo largo de la semana.<\/strong><\/p>\n<p><strong>Poco mas que contar, ma\u00f1ana de nuevo actualizare el blog para dar mas informaci\u00f3n de estas lluvias, que incluso pueden venir acompa\u00f1adas de tormentas.<\/strong><\/p>\n<p><strong>Os dejo con este fot\u00f3n de nuestro amigo Fernando Berrocal, una preciosa puesta de sol en el Rinc\u00f3n.<\/strong><\/p>\n<p><a href=\"https:\/\/blogs.diariosur.es\/tormentas-y-rayos\/2013\/02\/17\/se-confirman-las-lluvias-y-el-rombo-posibles-tormentas\/2013-02-14_19-13-20_890\/\" rel=\"attachment wp-att-4994\"><img loading=\"lazy\" class=\"aligncenter size-medium wp-image-4994\" src=\"\/tormentas-y-rayos\/wp-content\/uploads\/sites\/12\/2013\/02\/2013-02-14_19-13-20_890.jpg\" alt=\"\" width=\"600\" height=\"338\" srcset=\"https:\/\/static-blogs.diariosur.es\/wp-content\/uploads\/sites\/12\/2013\/02\/2013-02-14_19-13-20_890.jpg 660w, https:\/\/static-blogs.diariosur.es\/wp-content\/uploads\/sites\/12\/2013\/02\/2013-02-14_19-13-20_890-640x361.jpg 640w\" sizes=\"(max-width: 600px) 100vw, 600px\" \/><\/a><\/p>\n","protected":false},"excerpt":{"rendered":"<p>Buenos dias amigos de la meteo.\u00a0 &nbsp; &nbsp; Asi\u00a0amanec\u00eda\u00a0hoy 17-2-2013, la temperatura era de 9 grados, con una humedad del 89 %.\u00a0Ten\u00edamos\u00a0cirros, un poco de calima y hasta niebla. Amigo Joaquin espero que no sea nada lo del objetivo un abrazo. &nbsp; Actualizo el blog para confirmaros que las lluvias ser\u00e1n las protagonistas en casi [&hellip;]<\/p>\n","protected":false},"author":16,"featured_media":4993,"comment_status":"open","ping_status":"closed","sticky":false,"template":"","format":"standard","meta":[],"categories":[2],"tags":[63,91,569],"_links":{"self":[{"href":"https:\/\/blogs.diariosur.es\/tormentas-y-rayos\/wp-json\/wp\/v2\/posts\/4991"}],"collection":[{"href":"https:\/\/blogs.diariosur.es\/tormentas-y-rayos\/wp-json\/wp\/v2\/posts"}],"about":[{"href":"https:\/\/blogs.diariosur.es\/tormentas-y-rayos\/wp-json\/wp\/v2\/types\/post"}],"author":[{"embeddable":true,"href":"https:\/\/blogs.diariosur.es\/tormentas-y-rayos\/wp-json\/wp\/v2\/users\/16"}],"replies":[{"embeddable":true,"href":"https:\/\/blogs.diariosur.es\/tormentas-y-rayos\/wp-json\/wp\/v2\/comments?post=4991"}],"version-history":[{"count":0,"href":"https:\/\/blogs.diariosur.es\/tormentas-y-rayos\/wp-json\/wp\/v2\/posts\/4991\/revisions"}],"wp:featuredmedia":[{"embeddable":true,"href":"https:\/\/blogs.diariosur.es\/tormentas-y-rayos\/wp-json\/wp\/v2\/media\/4993"}],"wp:attachment":[{"href":"https:\/\/blogs.diariosur.es\/tormentas-y-rayos\/wp-json\/wp\/v2\/media?parent=4991"}],"wp:term":[{"taxonomy":"category","embeddable":true,"href":"https:\/\/blogs.diariosur.es\/tormentas-y-rayos\/wp-json\/wp\/v2\/categories?post=4991"},{"taxonomy":"post_tag","embeddable":true,"href":"https:\/\/blogs.diariosur.es\/tormentas-y-rayos\/wp-json\/wp\/v2\/tags?post=4991"}],"curies":[{"name":"wp","href":"https:\/\/api.w.org\/{rel}","templated":true}]}}