{"id":49920,"date":"2026-04-30T07:15:20","date_gmt":"2026-04-30T05:15:20","guid":{"rendered":"https:\/\/blogs.diariosur.es\/tormentas-y-rayos\/?p=49920"},"modified":"2026-04-30T07:15:20","modified_gmt":"2026-04-30T05:15:20","slug":"el-arbol-dijo-esta-farola-es-mia-y-se-la-trago","status":"publish","type":"post","link":"https:\/\/blogs.diariosur.es\/tormentas-y-rayos\/2026\/04\/30\/el-arbol-dijo-esta-farola-es-mia-y-se-la-trago\/","title":{"rendered":"El \u00e1rbol dijo: &#8220;Esta farola es m\u00eda&#8221; y se la trag\u00f3&#8221;"},"content":{"rendered":"<p><a href=\"https:\/\/static-blogs.diariosur.es\/wp-content\/uploads\/sites\/12\/2026\/04\/667277569_10237389506936087_8760504911421842817_n.jpg\"><img loading=\"lazy\" class=\"aligncenter size-thumbnail wp-image-49686\" src=\"https:\/\/static-blogs.diariosur.es\/wp-content\/uploads\/sites\/12\/2026\/04\/667277569_10237389506936087_8760504911421842817_n-150x150.jpg\" alt=\"\" width=\"150\" height=\"150\" \/><\/a><\/p>\n<p>Buenos d\u00edas, amigos de la meteo. Tranquilidad, luego m\u00e1s tarde os dar\u00e9 la previsi\u00f3n del primer fin de semana de mayo, hay incertidumbre con el s\u00e1bado.<\/p>\n<p>Antes de poner el reportaje, quiero dar las gracias a mi amigo Juan Mart\u00ednez que me informo d\u00f3nde estaba la farola y el \u00e1rbol.<\/p>\n<h3><strong>El \u00e1rbol dijo: &#8220;Esta farola es m\u00eda&#8221; y se la trag\u00f3&#8221;<\/strong><\/h3>\n<p data-pm-slice=\"1 1 []\"><em>Una farola abandonada. Una semilla que cay\u00f3 donde no deb\u00eda. El metal aguant\u00f3 lo que pudo, pero el \u00e1rbol no entend\u00eda de l\u00edmites. Una ma\u00f1ana de abril, la farola dijo basta. Y \u00e9l sali\u00f3.\u00a0<\/em><\/p>\n<p><em>Ya no da luz. Ahora da sombra, ox\u00edgeno y una lecci\u00f3n. Tard\u00f3 a\u00f1os, pero le gan\u00f3 la batalla al \u00f3xido, al asfalto y a la prisa. Lo que fue dise\u00f1ado para iluminar coches acab\u00f3 siendo cuna de ra\u00edces para dar sombra a los coches.\u00a0<\/em><\/p>\n<p><em>Hay derrotas que son victorias.\u00a0<\/em><\/p>\n<p>De paso, se podr\u00eda limpiar esa zona de basuras.<\/p>\n<p>&nbsp;<\/p>\n<p><iframe loading=\"lazy\" title=\"\u00c1rbol y farola \" width=\"500\" height=\"281\" src=\"https:\/\/www.youtube.com\/embed\/0UNqrj43lTM?feature=oembed\" frameborder=\"0\" allow=\"accelerometer; autoplay; clipboard-write; encrypted-media; gyroscope; picture-in-picture; web-share\" referrerpolicy=\"strict-origin-when-cross-origin\" allowfullscreen><\/iframe><\/p>\n<p>&nbsp;<\/p>\n<p>&nbsp;<\/p>\n<p><a href=\"https:\/\/static-blogs.diariosur.es\/wp-content\/uploads\/sites\/12\/2026\/04\/686911135_10237721964567320_2503189912251599247_n-e1777488309233.jpg\"><img loading=\"lazy\" class=\"aligncenter size-full wp-image-49923\" src=\"https:\/\/static-blogs.diariosur.es\/wp-content\/uploads\/sites\/12\/2026\/04\/686911135_10237721964567320_2503189912251599247_n-e1777488309233.jpg\" alt=\"\" width=\"1200\" height=\"900\" \/><\/a><\/p>\n<p>&nbsp;<\/p>\n<p>&nbsp;<\/p>\n<p><a href=\"https:\/\/static-blogs.diariosur.es\/wp-content\/uploads\/sites\/12\/2026\/04\/684349656_10237721963687298_1829735525746561823_n-e1777488478900.jpg\"><img loading=\"lazy\" class=\"aligncenter size-full wp-image-49926\" src=\"https:\/\/static-blogs.diariosur.es\/wp-content\/uploads\/sites\/12\/2026\/04\/684349656_10237721963687298_1829735525746561823_n-e1777488478900.jpg\" alt=\"\" width=\"1200\" height=\"900\" \/><\/a><\/p>\n<p>&nbsp;<\/p>\n<p><a href=\"https:\/\/static-blogs.diariosur.es\/wp-content\/uploads\/sites\/12\/2026\/04\/684976609_10237721963007281_1040280964087859097_n-e1777488537355.jpg\"><img loading=\"lazy\" class=\"aligncenter size-full wp-image-49927\" src=\"https:\/\/static-blogs.diariosur.es\/wp-content\/uploads\/sites\/12\/2026\/04\/684976609_10237721963007281_1040280964087859097_n-e1777488537355.jpg\" alt=\"\" width=\"700\" height=\"933\" \/><\/a><\/p>\n<p>&nbsp;<\/p>\n<p>&nbsp;<\/p>\n<p><a href=\"https:\/\/static-blogs.diariosur.es\/wp-content\/uploads\/sites\/12\/2026\/04\/684234545_10237721961927254_3835658338856489119_n-1-e1777488587110.jpg\"><img loading=\"lazy\" class=\"aligncenter size-full wp-image-49928\" src=\"https:\/\/static-blogs.diariosur.es\/wp-content\/uploads\/sites\/12\/2026\/04\/684234545_10237721961927254_3835658338856489119_n-1-e1777488587110.jpg\" alt=\"\" width=\"900\" height=\"1200\" \/><\/a><\/p>\n<p>&nbsp;<\/p>\n<p><a href=\"https:\/\/static-blogs.diariosur.es\/wp-content\/uploads\/sites\/12\/2026\/04\/685159176_10237721966447367_408419029028873274_n-e1777488722721.jpg\"><img loading=\"lazy\" class=\"aligncenter size-full wp-image-49929\" src=\"https:\/\/static-blogs.diariosur.es\/wp-content\/uploads\/sites\/12\/2026\/04\/685159176_10237721966447367_408419029028873274_n-e1777488722721.jpg\" alt=\"\" width=\"900\" height=\"1200\" \/><\/a><\/p>\n","protected":false},"excerpt":{"rendered":"<p>Buenos d\u00edas, amigos de la meteo. Tranquilidad, luego m\u00e1s tarde os dar\u00e9 la previsi\u00f3n del primer fin de semana de mayo, hay incertidumbre con el s\u00e1bado. Antes de poner el reportaje, quiero dar las gracias a mi amigo Juan Mart\u00ednez que me informo d\u00f3nde estaba la farola y el \u00e1rbol. El \u00e1rbol dijo: &#8220;Esta farola [&hellip;]<\/p>\n","protected":false},"author":16,"featured_media":49929,"comment_status":"open","ping_status":"open","sticky":false,"template":"","format":"standard","meta":[],"categories":[2],"tags":[1904,2137,2138],"_links":{"self":[{"href":"https:\/\/blogs.diariosur.es\/tormentas-y-rayos\/wp-json\/wp\/v2\/posts\/49920"}],"collection":[{"href":"https:\/\/blogs.diariosur.es\/tormentas-y-rayos\/wp-json\/wp\/v2\/posts"}],"about":[{"href":"https:\/\/blogs.diariosur.es\/tormentas-y-rayos\/wp-json\/wp\/v2\/types\/post"}],"author":[{"embeddable":true,"href":"https:\/\/blogs.diariosur.es\/tormentas-y-rayos\/wp-json\/wp\/v2\/users\/16"}],"replies":[{"embeddable":true,"href":"https:\/\/blogs.diariosur.es\/tormentas-y-rayos\/wp-json\/wp\/v2\/comments?post=49920"}],"version-history":[{"count":6,"href":"https:\/\/blogs.diariosur.es\/tormentas-y-rayos\/wp-json\/wp\/v2\/posts\/49920\/revisions"}],"predecessor-version":[{"id":49933,"href":"https:\/\/blogs.diariosur.es\/tormentas-y-rayos\/wp-json\/wp\/v2\/posts\/49920\/revisions\/49933"}],"wp:featuredmedia":[{"embeddable":true,"href":"https:\/\/blogs.diariosur.es\/tormentas-y-rayos\/wp-json\/wp\/v2\/media\/49929"}],"wp:attachment":[{"href":"https:\/\/blogs.diariosur.es\/tormentas-y-rayos\/wp-json\/wp\/v2\/media?parent=49920"}],"wp:term":[{"taxonomy":"category","embeddable":true,"href":"https:\/\/blogs.diariosur.es\/tormentas-y-rayos\/wp-json\/wp\/v2\/categories?post=49920"},{"taxonomy":"post_tag","embeddable":true,"href":"https:\/\/blogs.diariosur.es\/tormentas-y-rayos\/wp-json\/wp\/v2\/tags?post=49920"}],"curies":[{"name":"wp","href":"https:\/\/api.w.org\/{rel}","templated":true}]}}