{"id":49936,"date":"2026-04-30T11:10:54","date_gmt":"2026-04-30T09:10:54","guid":{"rendered":"https:\/\/blogs.diariosur.es\/tormentas-y-rayos\/?p=49936"},"modified":"2026-04-30T11:10:54","modified_gmt":"2026-04-30T09:10:54","slug":"que-tiempo-hara-en-el-puente-de-mayo-en-malaga","status":"publish","type":"post","link":"https:\/\/blogs.diariosur.es\/tormentas-y-rayos\/2026\/04\/30\/que-tiempo-hara-en-el-puente-de-mayo-en-malaga\/","title":{"rendered":"\u00bfQu\u00e9 tiempo har\u00e1 en el puente de mayo en M\u00e1laga?"},"content":{"rendered":"<p><a href=\"https:\/\/static-blogs.diariosur.es\/wp-content\/uploads\/sites\/12\/2026\/04\/667277569_10237389506936087_8760504911421842817_n.jpg\"><img loading=\"lazy\" class=\"aligncenter size-thumbnail wp-image-49686\" src=\"https:\/\/static-blogs.diariosur.es\/wp-content\/uploads\/sites\/12\/2026\/04\/667277569_10237389506936087_8760504911421842817_n-150x150.jpg\" alt=\"\" width=\"150\" height=\"150\" \/><\/a><\/p>\n<p>Hola de nuevo, amigos de la meteo. Espero que os haya gustado el post de esta ma\u00f1ana: <a href=\"https:\/\/blogs.diariosur.es\/tormentas-y-rayos\/2026\/04\/30\/el-arbol-dijo-esta-farola-es-mia-y-se-la-trago\/\"><strong>El \u00e1rbol dijo: \u201cEsta farola es m\u00eda\u201d y se la trag\u00f3\u201d.<\/strong><\/a><\/p>\n<h3><span style=\"color: #ff0000;\"><strong>\u00bfQu\u00e9 tiempo har\u00e1 en el puente de mayo en M\u00e1laga?<\/strong><\/span><\/h3>\n<p><strong>\u00a0Viernes 1 de mayo\u00a0<\/strong><\/p>\n<p>La probabilidad de precipitaciones es muy baja, tampoco se esperan rachas fuertes de viento, ni calima.<\/p>\n<p>La Aemet prev\u00e9 estas temperaturas m\u00e1ximas.<\/p>\n<p>&nbsp;<\/p>\n<p><a href=\"https:\/\/static-blogs.diariosur.es\/wp-content\/uploads\/sites\/12\/2026\/04\/viernes-1.jpg\"><img loading=\"lazy\" class=\"aligncenter size-full wp-image-49937\" src=\"https:\/\/static-blogs.diariosur.es\/wp-content\/uploads\/sites\/12\/2026\/04\/viernes-1.jpg\" alt=\"\" width=\"1054\" height=\"828\" srcset=\"https:\/\/static-blogs.diariosur.es\/wp-content\/uploads\/sites\/12\/2026\/04\/viernes-1.jpg 1054w, https:\/\/static-blogs.diariosur.es\/wp-content\/uploads\/sites\/12\/2026\/04\/viernes-1-509x400.jpg 509w, https:\/\/static-blogs.diariosur.es\/wp-content\/uploads\/sites\/12\/2026\/04\/viernes-1-519x408.jpg 519w, https:\/\/static-blogs.diariosur.es\/wp-content\/uploads\/sites\/12\/2026\/04\/viernes-1-768x603.jpg 768w\" sizes=\"(max-width: 1054px) 100vw, 1054px\" \/><\/a><\/p>\n<p>&nbsp;<\/p>\n<p><strong>\u00a0S\u00e1bado 2 de mayo<\/strong><\/p>\n<p data-pm-slice=\"1 1 []\">Tendremos aire fr\u00edo inestable en altura que, unido al viento h\u00famedo de levante, puede dejar algunas precipitaciones d\u00e9biles a primeras de la ma\u00f1ana en la costa malague\u00f1a e interior del Valle del Guadalhorce. A primeras horas de la tarde bajar\u00e1 la probabilidad. No se esperan rachas fuertes de viento y tampoco calima.<\/p>\n<p data-pm-slice=\"1 1 []\">La Aemet prev\u00e9 estas temperaturas m\u00e1ximas y m\u00ednimas.<\/p>\n<p data-pm-slice=\"1 1 []\"><a href=\"https:\/\/static-blogs.diariosur.es\/wp-content\/uploads\/sites\/12\/2026\/04\/sabado-1.jpg\"><img loading=\"lazy\" class=\"aligncenter size-full wp-image-49938\" src=\"https:\/\/static-blogs.diariosur.es\/wp-content\/uploads\/sites\/12\/2026\/04\/sabado-1.jpg\" alt=\"\" width=\"1040\" height=\"826\" srcset=\"https:\/\/static-blogs.diariosur.es\/wp-content\/uploads\/sites\/12\/2026\/04\/sabado-1.jpg 1040w, https:\/\/static-blogs.diariosur.es\/wp-content\/uploads\/sites\/12\/2026\/04\/sabado-1-504x400.jpg 504w, https:\/\/static-blogs.diariosur.es\/wp-content\/uploads\/sites\/12\/2026\/04\/sabado-1-514x408.jpg 514w, https:\/\/static-blogs.diariosur.es\/wp-content\/uploads\/sites\/12\/2026\/04\/sabado-1-768x610.jpg 768w\" sizes=\"(max-width: 1040px) 100vw, 1040px\" \/><\/a><\/p>\n<p data-pm-slice=\"1 1 []\"><strong>Domingo 3 de mayo\u00a0<\/strong><\/p>\n<p data-pm-slice=\"1 1 []\">Con un poco m\u00e1s de incertidumbre, la probabilidad de precipitaciones es baja en zona de costa. Es probable que en los sistemas monta\u00f1osos del interior se den nubes de evoluci\u00f3n por la tarde, dejando alg\u00fan chubasco en zonas cercanas. El s\u00e1bado con los modelos actualizados estar\u00e1 m\u00e1s claro.<\/p>\n<p data-pm-slice=\"1 1 []\">No se esperan rachas fuertes de viento ni calima.<\/p>\n<p data-pm-slice=\"1 1 []\">La Aemet prev\u00e9 estas temperaturas m\u00e1ximas y m\u00ednimas.<\/p>\n<p data-pm-slice=\"1 1 []\"><a href=\"https:\/\/static-blogs.diariosur.es\/wp-content\/uploads\/sites\/12\/2026\/04\/domingo-1.jpg\"><img loading=\"lazy\" class=\"aligncenter size-full wp-image-49939\" src=\"https:\/\/static-blogs.diariosur.es\/wp-content\/uploads\/sites\/12\/2026\/04\/domingo-1.jpg\" alt=\"\" width=\"1044\" height=\"819\" srcset=\"https:\/\/static-blogs.diariosur.es\/wp-content\/uploads\/sites\/12\/2026\/04\/domingo-1.jpg 1044w, https:\/\/static-blogs.diariosur.es\/wp-content\/uploads\/sites\/12\/2026\/04\/domingo-1-510x400.jpg 510w, https:\/\/static-blogs.diariosur.es\/wp-content\/uploads\/sites\/12\/2026\/04\/domingo-1-520x408.jpg 520w, https:\/\/static-blogs.diariosur.es\/wp-content\/uploads\/sites\/12\/2026\/04\/domingo-1-768x602.jpg 768w\" sizes=\"(max-width: 1044px) 100vw, 1044px\" \/><\/a><\/p>\n<p>&nbsp;<\/p>\n<p>&nbsp;<\/p>\n<p>&nbsp;<\/p>\n","protected":false},"excerpt":{"rendered":"<p>Hola de nuevo, amigos de la meteo. Espero que os haya gustado el post de esta ma\u00f1ana: El \u00e1rbol dijo: \u201cEsta farola es m\u00eda\u201d y se la trag\u00f3\u201d. \u00bfQu\u00e9 tiempo har\u00e1 en el puente de mayo en M\u00e1laga? \u00a0Viernes 1 de mayo\u00a0 La probabilidad de precipitaciones es muy baja, tampoco se esperan rachas fuertes de [&hellip;]<\/p>\n","protected":false},"author":16,"featured_media":49941,"comment_status":"open","ping_status":"open","sticky":false,"template":"","format":"standard","meta":[],"categories":[2],"tags":[358,587,628,832],"_links":{"self":[{"href":"https:\/\/blogs.diariosur.es\/tormentas-y-rayos\/wp-json\/wp\/v2\/posts\/49936"}],"collection":[{"href":"https:\/\/blogs.diariosur.es\/tormentas-y-rayos\/wp-json\/wp\/v2\/posts"}],"about":[{"href":"https:\/\/blogs.diariosur.es\/tormentas-y-rayos\/wp-json\/wp\/v2\/types\/post"}],"author":[{"embeddable":true,"href":"https:\/\/blogs.diariosur.es\/tormentas-y-rayos\/wp-json\/wp\/v2\/users\/16"}],"replies":[{"embeddable":true,"href":"https:\/\/blogs.diariosur.es\/tormentas-y-rayos\/wp-json\/wp\/v2\/comments?post=49936"}],"version-history":[{"count":3,"href":"https:\/\/blogs.diariosur.es\/tormentas-y-rayos\/wp-json\/wp\/v2\/posts\/49936\/revisions"}],"predecessor-version":[{"id":49943,"href":"https:\/\/blogs.diariosur.es\/tormentas-y-rayos\/wp-json\/wp\/v2\/posts\/49936\/revisions\/49943"}],"wp:featuredmedia":[{"embeddable":true,"href":"https:\/\/blogs.diariosur.es\/tormentas-y-rayos\/wp-json\/wp\/v2\/media\/49941"}],"wp:attachment":[{"href":"https:\/\/blogs.diariosur.es\/tormentas-y-rayos\/wp-json\/wp\/v2\/media?parent=49936"}],"wp:term":[{"taxonomy":"category","embeddable":true,"href":"https:\/\/blogs.diariosur.es\/tormentas-y-rayos\/wp-json\/wp\/v2\/categories?post=49936"},{"taxonomy":"post_tag","embeddable":true,"href":"https:\/\/blogs.diariosur.es\/tormentas-y-rayos\/wp-json\/wp\/v2\/tags?post=49936"}],"curies":[{"name":"wp","href":"https:\/\/api.w.org\/{rel}","templated":true}]}}