{"id":49944,"date":"2026-05-01T08:06:47","date_gmt":"2026-05-01T06:06:47","guid":{"rendered":"https:\/\/blogs.diariosur.es\/tormentas-y-rayos\/?p=49944"},"modified":"2026-05-01T08:06:47","modified_gmt":"2026-05-01T06:06:47","slug":"como-ha-sido-el-mes-de-abril-en-malaga-capital-en-cuanto-a-temperaturas-y-precipitaciones","status":"publish","type":"post","link":"https:\/\/blogs.diariosur.es\/tormentas-y-rayos\/2026\/05\/01\/como-ha-sido-el-mes-de-abril-en-malaga-capital-en-cuanto-a-temperaturas-y-precipitaciones\/","title":{"rendered":"\u00bfC\u00f3mo ha sido el mes de abril en M\u00e1laga capital en cuanto a temperaturas y precipitaciones?"},"content":{"rendered":"<p data-pm-slice=\"1 1 []\"><a href=\"https:\/\/static-blogs.diariosur.es\/wp-content\/uploads\/sites\/12\/2026\/04\/667277569_10237389506936087_8760504911421842817_n.jpg\"><img loading=\"lazy\" class=\"aligncenter size-thumbnail wp-image-49686\" src=\"https:\/\/static-blogs.diariosur.es\/wp-content\/uploads\/sites\/12\/2026\/04\/667277569_10237389506936087_8760504911421842817_n-150x150.jpg\" alt=\"\" width=\"150\" height=\"150\" \/><\/a><\/p>\n<p data-pm-slice=\"1 1 []\">Buenos d\u00edas, amigos de la meteo. Os doy una gran noticia: Todos los viernes me pod\u00e9is ver hablando en la nueva secci\u00f3n del Diario Sur Digital, donde dar\u00e9 la predicci\u00f3n del tiempo del fin de semana. Ya era hora de que conocierais mi voz, jijiji.<\/p>\n<p data-pm-slice=\"1 1 []\"><a href=\"https:\/\/static-blogs.diariosur.es\/wp-content\/uploads\/sites\/12\/2026\/05\/Captura-de-pantalla-2026-05-01-073702-e1777613996916.jpg\"><img loading=\"lazy\" class=\"aligncenter size-full wp-image-49947\" src=\"https:\/\/static-blogs.diariosur.es\/wp-content\/uploads\/sites\/12\/2026\/05\/Captura-de-pantalla-2026-05-01-073702-e1777613996916.jpg\" alt=\"\" width=\"1200\" height=\"1012\" \/><\/a><\/p>\n<h3 data-pm-slice=\"1 1 []\"><\/h3>\n<h3 data-pm-slice=\"1 1 []\"><span style=\"color: #000000;\"><strong>\u00bfC\u00f3mo ha sido el mes de abril en M\u00e1laga capital en cuanto a temperaturas y precipitaciones?<\/strong><\/span><\/h3>\n<p>Datos de la estaci\u00f3n de la Aemet del aeropuerto de M\u00e1laga<\/p>\n<p data-pm-slice=\"1 1 []\">M\u00ednima m\u00e1s baja: 7,6 \u00baC\u00a0el 05-04-2026<\/p>\n<p>M\u00ednima m\u00e1s alta: 17,4\u00a0\u00b0C el\u00a011-04-2026<\/p>\n<p>M\u00e1xima m\u00e1s alta: 27\u00a0\u00b0C el 22-4-2026<\/p>\n<p>M\u00e1xima m\u00e1s baja: 15,2\u00a0\u00b0C el\u00a008-04-2026<\/p>\n<p>Temperatura media de las m\u00e1ximas\u00a0 22,6 \u00baC<\/p>\n<p>Temperatura media de las m\u00ednimas 13 \u00baC<\/p>\n<p><span style=\"color: #ff0000;\">Temperatura media del mes 17,8 \u00baC, nueve d\u00e9cimas por encima de la media<\/span><\/p>\n<p><span style=\"color: #0000ff;\">Precipitaci\u00f3n en el mes 54,6 mm, por encima de la media<\/span><\/p>\n<p>La pr\u00f3xima semana comenzaremos con una mala noticia<\/p>\n<p>Os dejo con este fot\u00f3n de mi amigo Francisco Javier Gonz\u00e1lez, desde el morro de levante.<\/p>\n<p>&nbsp;<\/p>\n<p><a href=\"https:\/\/static-blogs.diariosur.es\/wp-content\/uploads\/sites\/12\/2026\/05\/685150823_10237741242169248_5941111216678521173_n-1-e1777615219909.jpg\"><img loading=\"lazy\" class=\"aligncenter size-full wp-image-49952\" src=\"https:\/\/static-blogs.diariosur.es\/wp-content\/uploads\/sites\/12\/2026\/05\/685150823_10237741242169248_5941111216678521173_n-1-e1777615219909.jpg\" alt=\"\" width=\"1200\" height=\"553\" \/><\/a><\/p>\n<p>&nbsp;<\/p>\n","protected":false},"excerpt":{"rendered":"<p>Buenos d\u00edas, amigos de la meteo. Os doy una gran noticia: Todos los viernes me pod\u00e9is ver hablando en la nueva secci\u00f3n del Diario Sur Digital, donde dar\u00e9 la predicci\u00f3n del tiempo del fin de semana. Ya era hora de que conocierais mi voz, jijiji. \u00bfC\u00f3mo ha sido el mes de abril en M\u00e1laga capital [&hellip;]<\/p>\n","protected":false},"author":16,"featured_media":49952,"comment_status":"open","ping_status":"open","sticky":false,"template":"","format":"standard","meta":[],"categories":[2],"tags":[358,587,800,962],"_links":{"self":[{"href":"https:\/\/blogs.diariosur.es\/tormentas-y-rayos\/wp-json\/wp\/v2\/posts\/49944"}],"collection":[{"href":"https:\/\/blogs.diariosur.es\/tormentas-y-rayos\/wp-json\/wp\/v2\/posts"}],"about":[{"href":"https:\/\/blogs.diariosur.es\/tormentas-y-rayos\/wp-json\/wp\/v2\/types\/post"}],"author":[{"embeddable":true,"href":"https:\/\/blogs.diariosur.es\/tormentas-y-rayos\/wp-json\/wp\/v2\/users\/16"}],"replies":[{"embeddable":true,"href":"https:\/\/blogs.diariosur.es\/tormentas-y-rayos\/wp-json\/wp\/v2\/comments?post=49944"}],"version-history":[{"count":6,"href":"https:\/\/blogs.diariosur.es\/tormentas-y-rayos\/wp-json\/wp\/v2\/posts\/49944\/revisions"}],"predecessor-version":[{"id":49954,"href":"https:\/\/blogs.diariosur.es\/tormentas-y-rayos\/wp-json\/wp\/v2\/posts\/49944\/revisions\/49954"}],"wp:featuredmedia":[{"embeddable":true,"href":"https:\/\/blogs.diariosur.es\/tormentas-y-rayos\/wp-json\/wp\/v2\/media\/49952"}],"wp:attachment":[{"href":"https:\/\/blogs.diariosur.es\/tormentas-y-rayos\/wp-json\/wp\/v2\/media?parent=49944"}],"wp:term":[{"taxonomy":"category","embeddable":true,"href":"https:\/\/blogs.diariosur.es\/tormentas-y-rayos\/wp-json\/wp\/v2\/categories?post=49944"},{"taxonomy":"post_tag","embeddable":true,"href":"https:\/\/blogs.diariosur.es\/tormentas-y-rayos\/wp-json\/wp\/v2\/tags?post=49944"}],"curies":[{"name":"wp","href":"https:\/\/api.w.org\/{rel}","templated":true}]}}