{"id":5006,"date":"2013-02-18T09:17:34","date_gmt":"2013-02-18T08:17:34","guid":{"rendered":"http:\/\/blogs.diariosur.es\/tormentas-y-rayos\/?p=5006"},"modified":"2013-02-18T09:17:34","modified_gmt":"2013-02-18T08:17:34","slug":"alerta-amarilla-por-lluvias-a-partir-de-las-0000-del-martes-el-levante-soplara-entre-moderado-y-fuerte","status":"publish","type":"post","link":"https:\/\/blogs.diariosur.es\/tormentas-y-rayos\/2013\/02\/18\/alerta-amarilla-por-lluvias-a-partir-de-las-0000-del-martes-el-levante-soplara-entre-moderado-y-fuerte\/","title":{"rendered":"Alerta amarilla por lluvias y  tormentas a partir de las 00:00 del martes. El levante soplara entre moderado y fuerte."},"content":{"rendered":"<p><strong>\u00a0 Muy buenos dias amigos de la meteo.<\/strong><\/p>\n<p><strong>Son las seis de la ma\u00f1ana, registro 12 grados y los cielos est\u00e1n algo nubosos. As\u00ed que en un rato tirare para la playa para traeros el amanecer de hoy lunes 18 de febrero.<\/strong><\/p>\n<p><strong>Como os comentaba ayer domingo, la situaci\u00f3n en rombo se hace realidad y esta semana ser\u00e1 lluviosa en buena parte de Andaluc\u00eda y en nuestra provincia. <\/strong><\/p>\n<p><strong>Para los nuevos que entr\u00e1is al blog, os paso este enlace donde explico lo de la situaci\u00f3n en rombo.<\/strong><strong><\/strong><\/p>\n<p><strong> <\/strong><a href=\"https:\/\/blogs.diariosur.es\/tormentas-y-rayos\/2012\/10\/24\/alerta-naranja-en-malaga-situacion-en-rombo-partido-de-futbol-malaga-milan-llovera\/\">SITUACI\u00d3N ROMBO<\/a><\/p>\n<p><strong>Ayer domingo nos cruzo un frente fr\u00edo, que dejo apenas precipitaci\u00f3n en nuestra provincia. Lo mas destacado de este frente, es la vaguada que tra\u00eda detr\u00e1s y que ayer os explica con unos mapas. <\/strong><strong><\/strong><\/p>\n<p>&nbsp;<\/p>\n<p style=\"text-align: center;\"><strong><a href=\"https:\/\/blogs.diariosur.es\/tormentas-y-rayos\/2013\/02\/18\/5004\/frente5-558x400\/\" rel=\"attachment wp-att-5005\"><img loading=\"lazy\" class=\"aligncenter\" src=\"\/tormentas-y-rayos\/wp-content\/uploads\/sites\/12\/2013\/02\/frente5.jpg\" alt=\"\" width=\"558\" height=\"400\" \/><\/a><\/strong><\/p>\n<p>&nbsp;<\/p>\n<p>&nbsp;<\/p>\n<p><a href=\"https:\/\/blogs.diariosur.es\/tormentas-y-rayos\/2013\/02\/18\/alerta-amarilla-por-lluvias-a-partir-de-las-0000-del-martes-el-levante-soplara-entre-moderado-y-fuerte\/baja-secundari-600x372\/\" rel=\"attachment wp-att-5007\"><img loading=\"lazy\" class=\"aligncenter size-full wp-image-5007\" src=\"\/tormentas-y-rayos\/wp-content\/uploads\/sites\/12\/2013\/02\/baja-secundari.jpg\" alt=\"\" width=\"600\" height=\"372\" \/><\/a><\/p>\n<p>&nbsp;<\/p>\n<p><strong>La borrasquita ya esta empezando a formarse y se situara en el Golfo de C\u00e1diz. En esta imagen del sat\u00e9lite Eumetsat se ve claramente toda la nubosidad que se esta creando.<\/strong><\/p>\n<p><a href=\"https:\/\/blogs.diariosur.es\/tormentas-y-rayos\/2013\/02\/18\/alerta-amarilla-por-lluvias-a-partir-de-las-0000-del-martes-el-levante-soplara-entre-moderado-y-fuerte\/borrasqui\/\" rel=\"attachment wp-att-5008\"><img loading=\"lazy\" class=\"aligncenter size-medium wp-image-5008\" src=\"\/tormentas-y-rayos\/wp-content\/uploads\/sites\/12\/2013\/02\/borrasqui.jpg\" alt=\"\" width=\"571\" height=\"400\" srcset=\"https:\/\/static-blogs.diariosur.es\/wp-content\/uploads\/sites\/12\/2013\/02\/borrasqui.jpg 727w, https:\/\/static-blogs.diariosur.es\/wp-content\/uploads\/sites\/12\/2013\/02\/borrasqui-571x400.jpg 571w\" sizes=\"(max-width: 571px) 100vw, 571px\" \/><\/a><\/p>\n<p><strong>Seg\u00fan el modelo hirlam, esta baja estar\u00eda sobre la vertical del Golfo a ultima hora de esta noche o primeras de la madrugada del martes. Fuente Aemet<\/strong><\/p>\n<p><a href=\"https:\/\/blogs.diariosur.es\/tormentas-y-rayos\/2013\/02\/18\/alerta-amarilla-por-lluvias-a-partir-de-las-0000-del-martes-el-levante-soplara-entre-moderado-y-fuerte\/isobaras-3\/\" rel=\"attachment wp-att-5009\"><img loading=\"lazy\" class=\"aligncenter size-medium wp-image-5009\" src=\"\/tormentas-y-rayos\/wp-content\/uploads\/sites\/12\/2013\/02\/isobaras2.jpg\" alt=\"\" width=\"600\" height=\"393\" srcset=\"https:\/\/static-blogs.diariosur.es\/wp-content\/uploads\/sites\/12\/2013\/02\/isobaras2.jpg 710w, https:\/\/static-blogs.diariosur.es\/wp-content\/uploads\/sites\/12\/2013\/02\/isobaras2-609x400.jpg 609w\" sizes=\"(max-width: 600px) 100vw, 600px\" \/><\/a><\/p>\n<p><strong>Os paso\u00a0tambi\u00e9n\u00a0este mapa a 500 hpa (5500 metros) donde se ve el embolsamiento de aire\u00a0fr\u00edo.<\/strong><\/p>\n<p><a href=\"https:\/\/blogs.diariosur.es\/tormentas-y-rayos\/2013\/02\/18\/alerta-amarilla-por-lluvias-a-partir-de-las-0000-del-martes-el-levante-soplara-entre-moderado-y-fuerte\/attachment\/5000\/\" rel=\"attachment wp-att-5010\"><img loading=\"lazy\" class=\"aligncenter size-medium wp-image-5010\" src=\"\/tormentas-y-rayos\/wp-content\/uploads\/sites\/12\/2013\/02\/5000.jpg\" alt=\"\" width=\"515\" height=\"400\" srcset=\"https:\/\/static-blogs.diariosur.es\/wp-content\/uploads\/sites\/12\/2013\/02\/5000.jpg 755w, https:\/\/static-blogs.diariosur.es\/wp-content\/uploads\/sites\/12\/2013\/02\/5000-515x400.jpg 515w\" sizes=\"(max-width: 515px) 100vw, 515px\" \/><\/a><\/p>\n<p>&nbsp;<\/p>\n<p><strong>Lo primero que notaremos hoy a ultima hora es el viento de levante, soplara durante la pr\u00f3xima madrugada entre moderado y fuerte. Durante esta ma\u00f1ana y por la tarde pueden caer algunas gotas. Pero las lluvias mas cuantiosas \u00a0<\/strong><strong>aparecer\u00e1n durante esta \u00a0noche en nuestra provincia, pueden venir acompa\u00f1adas por fen\u00f3menos tormentosos, que pueden dejar chubascos moderados. Los chubascos mas cuantiosos se dar\u00e1n \u00a0de madrugada y durante la ma\u00f1ana del martes. La inestabilidad en forma de chubascos\u00a0estar\u00eda\u00a0hasta el\u00a0mi\u00e9rcoles. Por este motivo la Aemet ha activado la alerta amarilla \u00a0por\u00a0lluvias a\u00a0\u00a0partir de las 00:00 horas del martes \u00a0en la zona del Guadalhorce y Costa del sol. En una hora pueden caer 20 litros.\u00a0<\/strong><\/p>\n<p><a href=\"https:\/\/blogs.diariosur.es\/tormentas-y-rayos\/2013\/02\/18\/alerta-amarilla-por-lluvias-a-partir-de-las-0000-del-martes-el-levante-soplara-entre-moderado-y-fuerte\/alerta-16\/\" rel=\"attachment wp-att-5011\"><img loading=\"lazy\" class=\"aligncenter size-full wp-image-5011\" src=\"\/tormentas-y-rayos\/wp-content\/uploads\/sites\/12\/2013\/02\/alerta1.jpg\" alt=\"\" width=\"547\" height=\"394\" \/><\/a><\/p>\n<p>&nbsp;<\/p>\n<p>&nbsp;<\/p>\n<p><strong>\u00a0Poco mas que contar sobre esta situaci\u00f3n, ya que para el viernes y fin de semana podemos tener muchas sorpresas si se cumplen. Esto lo iremos viendo poco a poco.<\/strong><\/p>\n<p><span style=\"color: #0000ff;\"><strong>Ahora con vuestro permiso tiro para la playa y espero traeros un bonito amanecer malague\u00f1o. El sol ya sale a las ocho y dos minutos.<\/strong><\/span><\/p>\n<p><span style=\"color: #0000ff;\"><strong>Ya de vuelta amigos, no ha estado mal, mi amigo Miguel Angel y yo hemos cargado las pilas, \u00a0os paso unas cuantas fotos<\/strong><\/span>.<\/p>\n<p><a href=\"https:\/\/blogs.diariosur.es\/tormentas-y-rayos\/2013\/02\/18\/alerta-amarilla-por-lluvias-a-partir-de-las-0000-del-martes-el-levante-soplara-entre-moderado-y-fuerte\/olympus-digital-camera-1112\/\" rel=\"attachment wp-att-5012\"><img loading=\"lazy\" class=\"aligncenter size-full wp-image-5012\" src=\"\/tormentas-y-rayos\/wp-content\/uploads\/sites\/12\/2013\/02\/015.jpg\" alt=\"\" width=\"670\" height=\"503\" srcset=\"https:\/\/static-blogs.diariosur.es\/wp-content\/uploads\/sites\/12\/2013\/02\/015.jpg 670w, https:\/\/static-blogs.diariosur.es\/wp-content\/uploads\/sites\/12\/2013\/02\/015-533x400.jpg 533w\" sizes=\"(max-width: 670px) 100vw, 670px\" \/><\/a><\/p>\n<p>&nbsp;<\/p>\n<p><a href=\"https:\/\/blogs.diariosur.es\/tormentas-y-rayos\/2013\/02\/18\/alerta-amarilla-por-lluvias-a-partir-de-las-0000-del-martes-el-levante-soplara-entre-moderado-y-fuerte\/olympus-digital-camera-1113\/\" rel=\"attachment wp-att-5013\"><img loading=\"lazy\" class=\"aligncenter size-full wp-image-5013\" src=\"\/tormentas-y-rayos\/wp-content\/uploads\/sites\/12\/2013\/02\/019.jpg\" alt=\"\" width=\"670\" height=\"503\" srcset=\"https:\/\/static-blogs.diariosur.es\/wp-content\/uploads\/sites\/12\/2013\/02\/019.jpg 670w, https:\/\/static-blogs.diariosur.es\/wp-content\/uploads\/sites\/12\/2013\/02\/019-533x400.jpg 533w\" sizes=\"(max-width: 670px) 100vw, 670px\" \/><\/a><\/p>\n<p>&nbsp;<\/p>\n<p><a href=\"https:\/\/blogs.diariosur.es\/tormentas-y-rayos\/2013\/02\/18\/alerta-amarilla-por-lluvias-a-partir-de-las-0000-del-martes-el-levante-soplara-entre-moderado-y-fuerte\/olympus-digital-camera-1114\/\" rel=\"attachment wp-att-5014\"><img loading=\"lazy\" class=\"aligncenter size-full wp-image-5014\" src=\"\/tormentas-y-rayos\/wp-content\/uploads\/sites\/12\/2013\/02\/028.jpg\" alt=\"\" width=\"670\" height=\"503\" srcset=\"https:\/\/static-blogs.diariosur.es\/wp-content\/uploads\/sites\/12\/2013\/02\/028.jpg 670w, https:\/\/static-blogs.diariosur.es\/wp-content\/uploads\/sites\/12\/2013\/02\/028-533x400.jpg 533w\" sizes=\"(max-width: 670px) 100vw, 670px\" \/><\/a><\/p>\n<p><strong>Os paso una foto que tome el dia pasado de Sierra Nevada desde Benalmadena Pueblo es una pasada.<\/strong><\/p>\n<p><a href=\"https:\/\/blogs.diariosur.es\/tormentas-y-rayos\/2013\/02\/18\/alerta-amarilla-por-lluvias-a-partir-de-las-0000-del-martes-el-levante-soplara-entre-moderado-y-fuerte\/olympus-digital-camera-1115\/\" rel=\"attachment wp-att-5015\"><img loading=\"lazy\" class=\"aligncenter size-full wp-image-5015\" src=\"\/tormentas-y-rayos\/wp-content\/uploads\/sites\/12\/2013\/02\/047.jpg\" alt=\"\" width=\"670\" height=\"503\" srcset=\"https:\/\/static-blogs.diariosur.es\/wp-content\/uploads\/sites\/12\/2013\/02\/047.jpg 670w, https:\/\/static-blogs.diariosur.es\/wp-content\/uploads\/sites\/12\/2013\/02\/047-533x400.jpg 533w\" sizes=\"(max-width: 670px) 100vw, 670px\" \/><\/a><\/p>\n<p><strong>Y para terminar os dejo con unas preciosas fotos de mi amigo Leo Dom\u00edguez Mart\u00edn . Ha estado unos dias por motivos de trabajo en el Tirol Austriaco y en Munich, me comentaba que ha pasado mucho fr\u00edo y no me extra\u00f1a al ver estos fotones. Un abrazo Leo y gracias por compartirlas en el blog.<\/strong><\/p>\n<p><a href=\"https:\/\/blogs.diariosur.es\/tormentas-y-rayos\/2013\/02\/18\/alerta-amarilla-por-lluvias-a-partir-de-las-0000-del-martes-el-levante-soplara-entre-moderado-y-fuerte\/attachment\/050\/\" rel=\"attachment wp-att-5016\"><img loading=\"lazy\" class=\"aligncenter size-full wp-image-5016\" src=\"\/tormentas-y-rayos\/wp-content\/uploads\/sites\/12\/2013\/02\/050.jpg\" alt=\"\" width=\"660\" height=\"495\" srcset=\"https:\/\/static-blogs.diariosur.es\/wp-content\/uploads\/sites\/12\/2013\/02\/050.jpg 660w, https:\/\/static-blogs.diariosur.es\/wp-content\/uploads\/sites\/12\/2013\/02\/050-533x400.jpg 533w\" sizes=\"(max-width: 660px) 100vw, 660px\" \/><\/a><\/p>\n<p><a href=\"https:\/\/blogs.diariosur.es\/tormentas-y-rayos\/2013\/02\/18\/alerta-amarilla-por-lluvias-a-partir-de-las-0000-del-martes-el-levante-soplara-entre-moderado-y-fuerte\/attachment\/053\/\" rel=\"attachment wp-att-5017\"><img loading=\"lazy\" class=\"aligncenter size-full wp-image-5017\" src=\"\/tormentas-y-rayos\/wp-content\/uploads\/sites\/12\/2013\/02\/0531.jpg\" alt=\"\" width=\"660\" height=\"495\" srcset=\"https:\/\/static-blogs.diariosur.es\/wp-content\/uploads\/sites\/12\/2013\/02\/0531.jpg 660w, https:\/\/static-blogs.diariosur.es\/wp-content\/uploads\/sites\/12\/2013\/02\/0531-533x400.jpg 533w\" sizes=\"(max-width: 660px) 100vw, 660px\" \/><\/a><\/p>\n<p><a href=\"https:\/\/blogs.diariosur.es\/tormentas-y-rayos\/2013\/02\/18\/alerta-amarilla-por-lluvias-a-partir-de-las-0000-del-martes-el-levante-soplara-entre-moderado-y-fuerte\/attachment\/055\/\" rel=\"attachment wp-att-5018\"><img loading=\"lazy\" class=\"aligncenter size-full wp-image-5018\" src=\"\/tormentas-y-rayos\/wp-content\/uploads\/sites\/12\/2013\/02\/055.jpg\" alt=\"\" width=\"660\" height=\"495\" srcset=\"https:\/\/static-blogs.diariosur.es\/wp-content\/uploads\/sites\/12\/2013\/02\/055.jpg 660w, https:\/\/static-blogs.diariosur.es\/wp-content\/uploads\/sites\/12\/2013\/02\/055-533x400.jpg 533w\" sizes=\"(max-width: 660px) 100vw, 660px\" \/><\/a><\/p>\n<p><a href=\"https:\/\/blogs.diariosur.es\/tormentas-y-rayos\/2013\/02\/18\/alerta-amarilla-por-lluvias-a-partir-de-las-0000-del-martes-el-levante-soplara-entre-moderado-y-fuerte\/056-3\/\" rel=\"attachment wp-att-5021\"><img loading=\"lazy\" class=\"aligncenter size-full wp-image-5021\" src=\"\/tormentas-y-rayos\/wp-content\/uploads\/sites\/12\/2013\/02\/0562.jpg\" alt=\"\" width=\"660\" height=\"495\" srcset=\"https:\/\/static-blogs.diariosur.es\/wp-content\/uploads\/sites\/12\/2013\/02\/0562.jpg 660w, https:\/\/static-blogs.diariosur.es\/wp-content\/uploads\/sites\/12\/2013\/02\/0562-533x400.jpg 533w\" sizes=\"(max-width: 660px) 100vw, 660px\" \/><\/a><\/p>\n","protected":false},"excerpt":{"rendered":"<p>\u00a0 Muy buenos dias amigos de la meteo. Son las seis de la ma\u00f1ana, registro 12 grados y los cielos est\u00e1n algo nubosos. As\u00ed que en un rato tirare para la playa para traeros el amanecer de hoy lunes 18 de febrero. Como os comentaba ayer domingo, la situaci\u00f3n en rombo se hace realidad y [&hellip;]<\/p>\n","protected":false},"author":16,"featured_media":5011,"comment_status":"open","ping_status":"closed","sticky":false,"template":"","format":"standard","meta":[],"categories":[2],"tags":[63,91,439,553,569],"_links":{"self":[{"href":"https:\/\/blogs.diariosur.es\/tormentas-y-rayos\/wp-json\/wp\/v2\/posts\/5006"}],"collection":[{"href":"https:\/\/blogs.diariosur.es\/tormentas-y-rayos\/wp-json\/wp\/v2\/posts"}],"about":[{"href":"https:\/\/blogs.diariosur.es\/tormentas-y-rayos\/wp-json\/wp\/v2\/types\/post"}],"author":[{"embeddable":true,"href":"https:\/\/blogs.diariosur.es\/tormentas-y-rayos\/wp-json\/wp\/v2\/users\/16"}],"replies":[{"embeddable":true,"href":"https:\/\/blogs.diariosur.es\/tormentas-y-rayos\/wp-json\/wp\/v2\/comments?post=5006"}],"version-history":[{"count":0,"href":"https:\/\/blogs.diariosur.es\/tormentas-y-rayos\/wp-json\/wp\/v2\/posts\/5006\/revisions"}],"wp:featuredmedia":[{"embeddable":true,"href":"https:\/\/blogs.diariosur.es\/tormentas-y-rayos\/wp-json\/wp\/v2\/media\/5011"}],"wp:attachment":[{"href":"https:\/\/blogs.diariosur.es\/tormentas-y-rayos\/wp-json\/wp\/v2\/media?parent=5006"}],"wp:term":[{"taxonomy":"category","embeddable":true,"href":"https:\/\/blogs.diariosur.es\/tormentas-y-rayos\/wp-json\/wp\/v2\/categories?post=5006"},{"taxonomy":"post_tag","embeddable":true,"href":"https:\/\/blogs.diariosur.es\/tormentas-y-rayos\/wp-json\/wp\/v2\/tags?post=5006"}],"curies":[{"name":"wp","href":"https:\/\/api.w.org\/{rel}","templated":true}]}}