{"id":5026,"date":"2013-02-19T08:08:52","date_gmt":"2013-02-19T07:08:52","guid":{"rendered":"http:\/\/blogs.diariosur.es\/tormentas-y-rayos\/?p=5026"},"modified":"2013-02-19T08:08:52","modified_gmt":"2013-02-19T07:08:52","slug":"prediccion-del-tiempo-oporto-malaga-champions-league-los-chubascos-seguiran-siendo-los-protagonistas-hoy-martes-en-malaga-alerta-amarilla","status":"publish","type":"post","link":"https:\/\/blogs.diariosur.es\/tormentas-y-rayos\/2013\/02\/19\/prediccion-del-tiempo-oporto-malaga-champions-league-los-chubascos-seguiran-siendo-los-protagonistas-hoy-martes-en-malaga-alerta-amarilla\/","title":{"rendered":"Predicci\u00f3n del tiempo  Oporto &#8211; M\u00e1laga Champions League. Los chubascos seguir\u00e1n siendo los protagonistas hoy martes en M\u00e1laga. Alerta amarilla."},"content":{"rendered":"<p><span style=\"color: #0000ff;\"><strong>Muy buenos dias amigos de la meteo. Son las siete de la ma\u00f1ana, registro 15 grados y la lluvia es la protagonista en estos momentos.<\/strong><\/span><\/p>\n<p><span style=\"color: #0000ff;\"><strong>Me han llamado varios amigos que est\u00e1n en Oporto, para preguntarme si llover\u00e1 durante el partido. La\u00a0climatolog\u00eda\u00a0de esa zona no la conozco muy bien, pero viendo mapas en superficie os\u00a0dar\u00e9\u00a0una predicci\u00f3n \u00a0amigos ( Juan, Ernesto, Maribel) .En estos momentos viendo el radar de lluvias de Portugal, se aprecia que ahora mismo\u00a0ten\u00e9is\u00a0alguna llovizna. La borrasca que esta en el Golfo de Cadiz extiende los chubascos a buena parte de Portugal. Os paso la imagen de radar del inm de\u00a0Portugal.<\/strong><\/span><\/p>\n<p><span style=\"color: #0000ff;\"><a href=\"https:\/\/blogs.diariosur.es\/tormentas-y-rayos\/2013\/02\/19\/prediccion-del-tiempo-oporto-malaga-champions-league-los-chubascos-seguiran-siendo-los-protagonistas-hoy-martes-en-malaga-alerta-amarilla\/portugal-2\/\" rel=\"attachment wp-att-5028\"><span style=\"color: #0000ff;\"><img loading=\"lazy\" class=\"aligncenter size-full wp-image-5028\" src=\"\/tormentas-y-rayos\/wp-content\/uploads\/sites\/12\/2013\/02\/portugal1.jpg\" alt=\"\" width=\"600\" height=\"637\" srcset=\"https:\/\/static-blogs.diariosur.es\/wp-content\/uploads\/sites\/12\/2013\/02\/portugal1.jpg 600w, https:\/\/static-blogs.diariosur.es\/wp-content\/uploads\/sites\/12\/2013\/02\/portugal1-377x400.jpg 377w\" sizes=\"(max-width: 600px) 100vw, 600px\" \/><\/span><\/a><\/span><\/p>\n<p><strong><span style=\"color: #0000ff;\">Viendo el movimiento de las nubes en el sat 24, los vientos en esa zona \u00a0son del sur, sureste, con lo que pienso que no son vientos llovedores.\u00a0\u00a0\u00a0A medida que pasen las horas el viento ira girando al este y las nubes se\u00a0ir\u00e1n\u00a0deshaciendo. La temperatura para la hora del partido\u00a0estar\u00e1\u00a0sobre los 10 grados, pero como veo que la humedad es muy alta la sensaci\u00f3n sera de mas fr\u00edo.\u00a0As\u00ed\u00a0que no espero lluvias en el partido, de todas formas os\u00a0llev\u00e1is\u00a0un chubasquero por si acaso me equivoco jejejej. Mucha suerte y estoy seguro que el M\u00e1laga\u00a0har\u00e1\u00a0historia.<\/span><\/strong><\/p>\n<p><strong>Os paso unas fotos de Salvador Salas y Fernando Gonzalez. Fuente diario sur<\/strong><\/p>\n<p><strong>Salvador Salas<\/strong><\/p>\n<p><a href=\"https:\/\/blogs.diariosur.es\/tormentas-y-rayos\/2013\/02\/19\/prediccion-del-tiempo-oporto-malaga-champions-league-los-chubascos-seguiran-siendo-los-protagonistas-hoy-martes-en-malaga-alerta-amarilla\/salvador-salas\/\" rel=\"attachment wp-att-5035\"><img loading=\"lazy\" class=\"aligncenter size-medium wp-image-5035\" src=\"\/tormentas-y-rayos\/wp-content\/uploads\/sites\/12\/2013\/02\/salvador-salas.jpg\" alt=\"\" width=\"600\" height=\"319\" srcset=\"https:\/\/static-blogs.diariosur.es\/wp-content\/uploads\/sites\/12\/2013\/02\/salvador-salas.jpg 950w, https:\/\/static-blogs.diariosur.es\/wp-content\/uploads\/sites\/12\/2013\/02\/salvador-salas-640x341.jpg 640w, https:\/\/static-blogs.diariosur.es\/wp-content\/uploads\/sites\/12\/2013\/02\/salvador-salas-768x409.jpg 768w\" sizes=\"(max-width: 600px) 100vw, 600px\" \/><\/a><\/p>\n<p>&nbsp;<\/p>\n<p><strong>Fernando Gonzalez<\/strong><\/p>\n<p><a href=\"https:\/\/blogs.diariosur.es\/tormentas-y-rayos\/2013\/02\/19\/prediccion-del-tiempo-oporto-malaga-champions-league-los-chubascos-seguiran-siendo-los-protagonistas-hoy-martes-en-malaga-alerta-amarilla\/fernando-gonzalez\/\" rel=\"attachment wp-att-5036\"><img loading=\"lazy\" class=\"aligncenter size-medium wp-image-5036\" src=\"\/tormentas-y-rayos\/wp-content\/uploads\/sites\/12\/2013\/02\/fernando-Gonzalez.jpg\" alt=\"\" width=\"600\" height=\"367\" srcset=\"https:\/\/static-blogs.diariosur.es\/wp-content\/uploads\/sites\/12\/2013\/02\/fernando-Gonzalez.jpg 931w, https:\/\/static-blogs.diariosur.es\/wp-content\/uploads\/sites\/12\/2013\/02\/fernando-Gonzalez-640x392.jpg 640w, https:\/\/static-blogs.diariosur.es\/wp-content\/uploads\/sites\/12\/2013\/02\/fernando-Gonzalez-768x470.jpg 768w\" sizes=\"(max-width: 600px) 100vw, 600px\" \/><\/a><\/p>\n<p>&nbsp;<\/p>\n<p><span style=\"color: #ff0000;\"><strong>Hablemos del tiempo que se espera hoy martes en nuestra provincia.<\/strong><\/span><\/p>\n<p><span style=\"color: #ff0000;\"><strong>Seguimos en alerta amarilla, los chubascos han sido los protagonistas esta pasada madrugada. Mi pluvi\u00f3metro ha contabilizado hasta las ocho de la ma\u00f1ana 12 litros. Os paso algunos datos de lluvias fuente hidrosur<\/strong><\/span><\/p>\n<p><a href=\"https:\/\/blogs.diariosur.es\/tormentas-y-rayos\/2013\/02\/19\/prediccion-del-tiempo-oporto-malaga-champions-league-los-chubascos-seguiran-siendo-los-protagonistas-hoy-martes-en-malaga-alerta-amarilla\/sensor\/\" rel=\"attachment wp-att-5030\"><img loading=\"lazy\" class=\"aligncenter size-medium wp-image-5030\" src=\"\/tormentas-y-rayos\/wp-content\/uploads\/sites\/12\/2013\/02\/sensor.jpg\" alt=\"\" width=\"600\" height=\"290\" srcset=\"https:\/\/static-blogs.diariosur.es\/wp-content\/uploads\/sites\/12\/2013\/02\/sensor.jpg 1026w, https:\/\/static-blogs.diariosur.es\/wp-content\/uploads\/sites\/12\/2013\/02\/sensor-640x309.jpg 640w, https:\/\/static-blogs.diariosur.es\/wp-content\/uploads\/sites\/12\/2013\/02\/sensor-768x371.jpg 768w\" sizes=\"(max-width: 600px) 100vw, 600px\" \/><\/a><a href=\"https:\/\/blogs.diariosur.es\/tormentas-y-rayos\/2013\/02\/19\/prediccion-del-tiempo-oporto-malaga-champions-league-los-chubascos-seguiran-siendo-los-protagonistas-hoy-martes-en-malaga-alerta-amarilla\/nue\/\" rel=\"attachment wp-att-5031\"><img loading=\"lazy\" class=\"aligncenter size-medium wp-image-5031\" src=\"\/tormentas-y-rayos\/wp-content\/uploads\/sites\/12\/2013\/02\/nue.jpg\" alt=\"\" width=\"600\" height=\"278\" srcset=\"https:\/\/static-blogs.diariosur.es\/wp-content\/uploads\/sites\/12\/2013\/02\/nue.jpg 1041w, https:\/\/static-blogs.diariosur.es\/wp-content\/uploads\/sites\/12\/2013\/02\/nue-640x298.jpg 640w, https:\/\/static-blogs.diariosur.es\/wp-content\/uploads\/sites\/12\/2013\/02\/nue-768x357.jpg 768w\" sizes=\"(max-width: 600px) 100vw, 600px\" \/><\/a><\/p>\n<p><span style=\"color: #ff0000;\"><strong>Los chubascos seguir\u00e1n siendo los protagonistas durante todo el dia de hoy y primeras horas de la madrugada del\u00a0mi\u00e9rcoles\u00a0 La borrasquita sigue en el Golfo de C\u00e1diz y manda l\u00edneas de inestabilidad a toda nuestra provincia. En el post de ayer os explicaba porque se ha dado esta situaci\u00f3n <a href=\"https:\/\/blogs.diariosur.es\/tormentas-y-rayos\/2013\/02\/18\/alerta-amarilla-por-lluvias-a-partir-de-las-0000-del-martes-el-levante-soplara-entre-moderado-y-fuerte\/\"><span style=\"color: #ff0000;\">os paso el enlace y de paso veis\u00a0tambi\u00e9n\u00a0lo del rombo.<\/span><\/a><\/strong><\/span><\/p>\n<p><strong><span style=\"color: #ff0000;\">De momento la lluvia esta cayendo muy bien y espero que siga asi. Si esta situaci\u00f3n que tenemos se hubiera dado en Octubre o Noviembre\u00a0hablar\u00edamos\u00a0de inundaciones. Pero el mar en este tiempo no esta tan caliente. El rombo esta mas que confirmado y varios frentes activos cruzaran la\u00a0pen\u00ednsula\u00a0a partir del jueves. En nuestra provincia\u00a0habr\u00e1\u00a0una tregua el jueves, pero el viernes y el\u00a0s\u00e1bado\u00a0espero de nuevo lluvias. Pero de esto hablaremos ma\u00f1ana. Os dejo con una foto que tome por la tarde el dia 14 de febrero, seguro que hoy no se puede pescar en esa zona debido a las olas.<\/span><\/strong><\/p>\n<p><a href=\"https:\/\/blogs.diariosur.es\/tormentas-y-rayos\/2013\/02\/19\/prediccion-del-tiempo-oporto-malaga-champions-league-los-chubascos-seguiran-siendo-los-protagonistas-hoy-martes-en-malaga-alerta-amarilla\/olympus-digital-camera-1116\/\" rel=\"attachment wp-att-5032\"><img loading=\"lazy\" class=\"aligncenter size-full wp-image-5032\" src=\"\/tormentas-y-rayos\/wp-content\/uploads\/sites\/12\/2013\/02\/0501.jpg\" alt=\"\" width=\"660\" height=\"495\" srcset=\"https:\/\/static-blogs.diariosur.es\/wp-content\/uploads\/sites\/12\/2013\/02\/0501.jpg 660w, https:\/\/static-blogs.diariosur.es\/wp-content\/uploads\/sites\/12\/2013\/02\/0501-533x400.jpg 533w\" sizes=\"(max-width: 660px) 100vw, 660px\" \/><\/a><\/p>\n<p>&nbsp;<\/p>\n<p>&nbsp;<\/p>\n","protected":false},"excerpt":{"rendered":"<p>Muy buenos dias amigos de la meteo. Son las siete de la ma\u00f1ana, registro 15 grados y la lluvia es la protagonista en estos momentos. Me han llamado varios amigos que est\u00e1n en Oporto, para preguntarme si llover\u00e1 durante el partido. La\u00a0climatolog\u00eda\u00a0de esa zona no la conozco muy bien, pero viendo mapas en superficie os\u00a0dar\u00e9\u00a0una [&hellip;]<\/p>\n","protected":false},"author":16,"featured_media":5029,"comment_status":"open","ping_status":"closed","sticky":false,"template":"","format":"standard","meta":[],"categories":[2],"tags":[63,91,241,441,551,587,740,800,980],"_links":{"self":[{"href":"https:\/\/blogs.diariosur.es\/tormentas-y-rayos\/wp-json\/wp\/v2\/posts\/5026"}],"collection":[{"href":"https:\/\/blogs.diariosur.es\/tormentas-y-rayos\/wp-json\/wp\/v2\/posts"}],"about":[{"href":"https:\/\/blogs.diariosur.es\/tormentas-y-rayos\/wp-json\/wp\/v2\/types\/post"}],"author":[{"embeddable":true,"href":"https:\/\/blogs.diariosur.es\/tormentas-y-rayos\/wp-json\/wp\/v2\/users\/16"}],"replies":[{"embeddable":true,"href":"https:\/\/blogs.diariosur.es\/tormentas-y-rayos\/wp-json\/wp\/v2\/comments?post=5026"}],"version-history":[{"count":0,"href":"https:\/\/blogs.diariosur.es\/tormentas-y-rayos\/wp-json\/wp\/v2\/posts\/5026\/revisions"}],"wp:featuredmedia":[{"embeddable":true,"href":"https:\/\/blogs.diariosur.es\/tormentas-y-rayos\/wp-json\/wp\/v2\/media\/5029"}],"wp:attachment":[{"href":"https:\/\/blogs.diariosur.es\/tormentas-y-rayos\/wp-json\/wp\/v2\/media?parent=5026"}],"wp:term":[{"taxonomy":"category","embeddable":true,"href":"https:\/\/blogs.diariosur.es\/tormentas-y-rayos\/wp-json\/wp\/v2\/categories?post=5026"},{"taxonomy":"post_tag","embeddable":true,"href":"https:\/\/blogs.diariosur.es\/tormentas-y-rayos\/wp-json\/wp\/v2\/tags?post=5026"}],"curies":[{"name":"wp","href":"https:\/\/api.w.org\/{rel}","templated":true}]}}