{"id":5037,"date":"2013-02-20T08:54:54","date_gmt":"2013-02-20T07:54:54","guid":{"rendered":"http:\/\/blogs.diariosur.es\/tormentas-y-rayos\/?p=5037"},"modified":"2013-02-20T08:54:54","modified_gmt":"2013-02-20T07:54:54","slug":"un-moco-verde-deja-importantes-lluvias-en-la-provincia-malaguena-hoy-tregua-pero-se-esperan-mas-lluvias-y-sobre-todo-frio","status":"publish","type":"post","link":"https:\/\/blogs.diariosur.es\/tormentas-y-rayos\/2013\/02\/20\/un-moco-verde-deja-importantes-lluvias-en-la-provincia-malaguena-hoy-tregua-pero-se-esperan-mas-lluvias-y-sobre-todo-frio\/","title":{"rendered":"Un moco verde , deja importantes lluvias y  nieve en la Provincia Malague\u00f1a  ( fotos). Hoy tregua, pero se esperan mas lluvias y sobre todo fr\u00edo y viento"},"content":{"rendered":"<p><span style=\"color: #ff0000;\"><strong>\u00a0ULTIMA HORA: FOTOS DE LA SIERRA DE LAS NIEVES DESDE GIFRALFARO Y LA PLAYA DEL PALO<\/strong><\/span><\/p>\n<p><a href=\"https:\/\/blogs.diariosur.es\/tormentas-y-rayos\/2013\/02\/20\/un-moco-verde-deja-importantes-lluvias-en-la-provincia-malaguena-hoy-tregua-pero-se-esperan-mas-lluvias-y-sobre-todo-frio\/olympus-digital-camera-1122\/\" rel=\"attachment wp-att-5054\"><img loading=\"lazy\" class=\"aligncenter size-full wp-image-5054\" src=\"\/tormentas-y-rayos\/wp-content\/uploads\/sites\/12\/2013\/02\/blog2.jpg\" alt=\"\" width=\"670\" height=\"503\" srcset=\"https:\/\/static-blogs.diariosur.es\/wp-content\/uploads\/sites\/12\/2013\/02\/blog2.jpg 670w, https:\/\/static-blogs.diariosur.es\/wp-content\/uploads\/sites\/12\/2013\/02\/blog2-533x400.jpg 533w\" sizes=\"(max-width: 670px) 100vw, 670px\" \/><\/a><\/p>\n<p>&nbsp;<\/p>\n<p><a href=\"https:\/\/blogs.diariosur.es\/tormentas-y-rayos\/2013\/02\/20\/un-moco-verde-deja-importantes-lluvias-en-la-provincia-malaguena-hoy-tregua-pero-se-esperan-mas-lluvias-y-sobre-todo-frio\/olympus-digital-camera-1123\/\" rel=\"attachment wp-att-5055\"><img loading=\"lazy\" class=\"aligncenter size-full wp-image-5055\" src=\"\/tormentas-y-rayos\/wp-content\/uploads\/sites\/12\/2013\/02\/blog11.jpg\" alt=\"\" width=\"670\" height=\"503\" srcset=\"https:\/\/static-blogs.diariosur.es\/wp-content\/uploads\/sites\/12\/2013\/02\/blog11.jpg 670w, https:\/\/static-blogs.diariosur.es\/wp-content\/uploads\/sites\/12\/2013\/02\/blog11-533x400.jpg 533w\" sizes=\"(max-width: 670px) 100vw, 670px\" \/><\/a><\/p>\n<p>&nbsp;<\/p>\n<p><strong>Muy buenos dias amigos de la meteo.<\/strong><\/p>\n<p><strong>Lo siento, no me he podido resistir al poner hoy el t\u00edtulo del post jejejej. Tranquilos que no es un virus, ni tampoco han llovido mocos verdes. Os explico amigos: todos los aficionados a la meteorolog\u00eda cuando vemos el radar de lluvia \u00a0p\u00edxeles verdes, entre nosotros comentamos viene un buen moco verde. Pienso que ser\u00e1 por la forma que le da el radar a la lluvia y el color jejeje. Tambi\u00e9n hay mocos rojos, estos son los que provocan inundaciones. Bueno amigos dada la explicaci\u00f3n, os paso algunas capturas del moco que casi ha estado est\u00e1tico en nuestra provincia desde ayer martes hasta hoy a las siete de la ma\u00f1ana. En esta primera imagen \u00a0es de la once de la noche<\/strong><\/p>\n<p><a href=\"https:\/\/blogs.diariosur.es\/tormentas-y-rayos\/2013\/02\/20\/un-moco-verde-deja-importantes-lluvias-en-la-provincia-malaguena-hoy-tregua-pero-se-esperan-mas-lluvias-y-sobre-todo-frio\/23-30\/\" rel=\"attachment wp-att-5038\"><img loading=\"lazy\" class=\"aligncenter size-full wp-image-5038\" src=\"\/tormentas-y-rayos\/wp-content\/uploads\/sites\/12\/2013\/02\/23.30.jpg\" alt=\"\" width=\"581\" height=\"592\" srcset=\"https:\/\/static-blogs.diariosur.es\/wp-content\/uploads\/sites\/12\/2013\/02\/23.30.jpg 581w, https:\/\/static-blogs.diariosur.es\/wp-content\/uploads\/sites\/12\/2013\/02\/23.30-393x400.jpg 393w\" sizes=\"(max-width: 581px) 100vw, 581px\" \/><\/a><\/p>\n<p><strong>Esta de las seis de la ma\u00f1ana<\/strong><\/p>\n<p>&nbsp;<\/p>\n<p><a href=\"https:\/\/blogs.diariosur.es\/tormentas-y-rayos\/2013\/02\/20\/un-moco-verde-deja-importantes-lluvias-en-la-provincia-malaguena-hoy-tregua-pero-se-esperan-mas-lluvias-y-sobre-todo-frio\/6-00\/\" rel=\"attachment wp-att-5039\"><img loading=\"lazy\" class=\"aligncenter size-full wp-image-5039\" src=\"\/tormentas-y-rayos\/wp-content\/uploads\/sites\/12\/2013\/02\/6.00.jpg\" alt=\"\" width=\"664\" height=\"631\" srcset=\"https:\/\/static-blogs.diariosur.es\/wp-content\/uploads\/sites\/12\/2013\/02\/6.00.jpg 664w, https:\/\/static-blogs.diariosur.es\/wp-content\/uploads\/sites\/12\/2013\/02\/6.00-421x400.jpg 421w\" sizes=\"(max-width: 664px) 100vw, 664px\" \/><\/a><\/p>\n<p><strong>Y aqui os presento al moco verde , que desde ayer a las siete de la tarde ha estado visitando nuestra provincia. Esta imagen es de las dos de la ma\u00f1ana,\u00a0a continuaci\u00f3n\u00a0pod\u00e9is\u00a0ver la de las seis y cuarenta minutos de la ma\u00f1ana, aun\u00a0segu\u00eda\u00a0en nuestra provincia, pero mas debilitado.<\/strong><\/p>\n<p><a href=\"https:\/\/blogs.diariosur.es\/tormentas-y-rayos\/2013\/02\/20\/un-moco-verde-deja-importantes-lluvias-en-la-provincia-malaguena-hoy-tregua-pero-se-esperan-mas-lluvias-y-sobre-todo-frio\/dos-de-la-manana\/\" rel=\"attachment wp-att-5040\"><img loading=\"lazy\" class=\"aligncenter size-full wp-image-5040\" src=\"\/tormentas-y-rayos\/wp-content\/uploads\/sites\/12\/2013\/02\/dos-de-la-ma\u00f1ana.jpg\" alt=\"\" width=\"657\" height=\"642\" srcset=\"https:\/\/static-blogs.diariosur.es\/wp-content\/uploads\/sites\/12\/2013\/02\/dos-de-la-ma\u00f1ana.jpg 657w, https:\/\/static-blogs.diariosur.es\/wp-content\/uploads\/sites\/12\/2013\/02\/dos-de-la-ma\u00f1ana-409x400.jpg 409w\" sizes=\"(max-width: 657px) 100vw, 657px\" \/><\/a><\/p>\n<p>&nbsp;<\/p>\n<p><a href=\"https:\/\/blogs.diariosur.es\/tormentas-y-rayos\/2013\/02\/20\/un-moco-verde-deja-importantes-lluvias-en-la-provincia-malaguena-hoy-tregua-pero-se-esperan-mas-lluvias-y-sobre-todo-frio\/siete\/\" rel=\"attachment wp-att-5041\"><img loading=\"lazy\" class=\"aligncenter size-full wp-image-5041\" src=\"\/tormentas-y-rayos\/wp-content\/uploads\/sites\/12\/2013\/02\/siete.jpg\" alt=\"\" width=\"645\" height=\"668\" srcset=\"https:\/\/static-blogs.diariosur.es\/wp-content\/uploads\/sites\/12\/2013\/02\/siete.jpg 645w, https:\/\/static-blogs.diariosur.es\/wp-content\/uploads\/sites\/12\/2013\/02\/siete-386x400.jpg 386w\" sizes=\"(max-width: 645px) 100vw, 645px\" \/><\/a><\/p>\n<p><strong>Lo mejor de este episodio moquero ha sido que la lluvia no ha hecho da\u00f1o, y ha regado a toda la Provincia Malague\u00f1a. Os paso los registros mas importante hasta las seis de la ma\u00f1ana. Fuente Hidrosur.<\/strong><\/p>\n<p><span style=\"color: #ff0000;\"><strong>MAJADA DE LAS LOMAS 104 LITROS<\/strong><\/span><\/p>\n<p><span style=\"color: #ff0000;\"><strong>PUJERRA 93 LITROS<\/strong><\/span><\/p>\n<p><span style=\"color: #ff0000;\"><strong>OJEN 80 LITROS<\/strong><\/span><\/p>\n<p><strong>M\u00c1LAGA CAPITAL TEATINOS 65 LITROS<\/strong><\/p>\n<p><a href=\"https:\/\/blogs.diariosur.es\/tormentas-y-rayos\/2013\/02\/20\/un-moco-verde-deja-importantes-lluvias-en-la-provincia-malaguena-hoy-tregua-pero-se-esperan-mas-lluvias-y-sobre-todo-frio\/l1-3\/\" rel=\"attachment wp-att-5042\"><img loading=\"lazy\" class=\"aligncenter size-medium wp-image-5042\" src=\"\/tormentas-y-rayos\/wp-content\/uploads\/sites\/12\/2013\/02\/l1.jpg\" alt=\"\" width=\"600\" height=\"262\" srcset=\"https:\/\/static-blogs.diariosur.es\/wp-content\/uploads\/sites\/12\/2013\/02\/l1.jpg 947w, https:\/\/static-blogs.diariosur.es\/wp-content\/uploads\/sites\/12\/2013\/02\/l1-640x280.jpg 640w, https:\/\/static-blogs.diariosur.es\/wp-content\/uploads\/sites\/12\/2013\/02\/l1-768x337.jpg 768w\" sizes=\"(max-width: 600px) 100vw, 600px\" \/><\/a><a href=\"https:\/\/blogs.diariosur.es\/tormentas-y-rayos\/2013\/02\/20\/un-moco-verde-deja-importantes-lluvias-en-la-provincia-malaguena-hoy-tregua-pero-se-esperan-mas-lluvias-y-sobre-todo-frio\/l2-3\/\" rel=\"attachment wp-att-5043\"><img loading=\"lazy\" class=\"aligncenter size-medium wp-image-5043\" src=\"\/tormentas-y-rayos\/wp-content\/uploads\/sites\/12\/2013\/02\/l2.jpg\" alt=\"\" width=\"600\" height=\"270\" srcset=\"https:\/\/static-blogs.diariosur.es\/wp-content\/uploads\/sites\/12\/2013\/02\/l2.jpg 931w, https:\/\/static-blogs.diariosur.es\/wp-content\/uploads\/sites\/12\/2013\/02\/l2-640x289.jpg 640w, https:\/\/static-blogs.diariosur.es\/wp-content\/uploads\/sites\/12\/2013\/02\/l2-768x346.jpg 768w\" sizes=\"(max-width: 600px) 100vw, 600px\" \/><\/a><a href=\"https:\/\/blogs.diariosur.es\/tormentas-y-rayos\/2013\/02\/20\/un-moco-verde-deja-importantes-lluvias-en-la-provincia-malaguena-hoy-tregua-pero-se-esperan-mas-lluvias-y-sobre-todo-frio\/l3-2\/\" rel=\"attachment wp-att-5044\"><img loading=\"lazy\" class=\"aligncenter size-medium wp-image-5044\" src=\"\/tormentas-y-rayos\/wp-content\/uploads\/sites\/12\/2013\/02\/l3.jpg\" alt=\"\" width=\"600\" height=\"138\" srcset=\"https:\/\/static-blogs.diariosur.es\/wp-content\/uploads\/sites\/12\/2013\/02\/l3.jpg 934w, https:\/\/static-blogs.diariosur.es\/wp-content\/uploads\/sites\/12\/2013\/02\/l3-640x148.jpg 640w, https:\/\/static-blogs.diariosur.es\/wp-content\/uploads\/sites\/12\/2013\/02\/l3-768x178.jpg 768w\" sizes=\"(max-width: 600px) 100vw, 600px\" \/><\/a><\/p>\n<p>&nbsp;<\/p>\n<p><strong>Hoy\u00a0mi\u00e9rcoles\u00a0la lluvia nos dar\u00e1 una tregua. El viento de\u00a0levante\u00a0ha dado paso al terral de invierno y esto hace que la sensaci\u00f3n de fr\u00edo ahora mismo sea mayor. En este\u00a0gr\u00e1fico\u00a0pod\u00e9is\u00a0ver a que hora entro el terral de invierno.<\/strong><\/p>\n<p><a href=\"https:\/\/blogs.diariosur.es\/tormentas-y-rayos\/2013\/02\/20\/un-moco-verde-deja-importantes-lluvias-en-la-provincia-malaguena-hoy-tregua-pero-se-esperan-mas-lluvias-y-sobre-todo-frio\/terral-11\/\" rel=\"attachment wp-att-5046\"><img loading=\"lazy\" class=\"aligncenter size-medium wp-image-5046\" src=\"\/tormentas-y-rayos\/wp-content\/uploads\/sites\/12\/2013\/02\/terral.jpg\" alt=\"\" width=\"600\" height=\"250\" srcset=\"https:\/\/static-blogs.diariosur.es\/wp-content\/uploads\/sites\/12\/2013\/02\/terral.jpg 745w, https:\/\/static-blogs.diariosur.es\/wp-content\/uploads\/sites\/12\/2013\/02\/terral-640x267.jpg 640w\" sizes=\"(max-width: 600px) 100vw, 600px\" \/><\/a><\/p>\n<p>&nbsp;<\/p>\n<p>&nbsp;<\/p>\n<p>&nbsp;<\/p>\n<p><strong>Hace un rato que acabo de llegar de la playa, a las siete y media los\u00a0term\u00f3metros\u00a0callejeros marcaban 9 grados. El moco verde no me ha dejado ver un bonito amanecer, hacia el sur y mirando al mar\u00a0segu\u00eda\u00a0all\u00ed. \u00a0Os paso unas cuantas fotos, en las dos primeras\u00a0pod\u00e9is\u00a0ver el agua acumulada en la playa. Y en las dos siguiente la nubosidad que aun\u00a0ten\u00edamos\u00a0.<\/strong><\/p>\n<p><a href=\"https:\/\/blogs.diariosur.es\/tormentas-y-rayos\/2013\/02\/20\/un-moco-verde-deja-importantes-lluvias-en-la-provincia-malaguena-hoy-tregua-pero-se-esperan-mas-lluvias-y-sobre-todo-frio\/olympus-digital-camera-1118\/\" rel=\"attachment wp-att-5047\"><img loading=\"lazy\" class=\"aligncenter size-full wp-image-5047\" src=\"\/tormentas-y-rayos\/wp-content\/uploads\/sites\/12\/2013\/02\/001.jpg\" alt=\"\" width=\"400\" height=\"533\" srcset=\"https:\/\/static-blogs.diariosur.es\/wp-content\/uploads\/sites\/12\/2013\/02\/001.jpg 400w, https:\/\/static-blogs.diariosur.es\/wp-content\/uploads\/sites\/12\/2013\/02\/001-300x400.jpg 300w\" sizes=\"(max-width: 400px) 100vw, 400px\" \/><\/a><\/p>\n<p>&nbsp;<\/p>\n<p>&nbsp;<\/p>\n<p><a href=\"https:\/\/blogs.diariosur.es\/tormentas-y-rayos\/2013\/02\/20\/un-moco-verde-deja-importantes-lluvias-en-la-provincia-malaguena-hoy-tregua-pero-se-esperan-mas-lluvias-y-sobre-todo-frio\/olympus-digital-camera-1119\/\" rel=\"attachment wp-att-5048\"><img loading=\"lazy\" class=\"aligncenter size-full wp-image-5048\" src=\"\/tormentas-y-rayos\/wp-content\/uploads\/sites\/12\/2013\/02\/0021.jpg\" alt=\"\" width=\"670\" height=\"503\" srcset=\"https:\/\/static-blogs.diariosur.es\/wp-content\/uploads\/sites\/12\/2013\/02\/0021.jpg 670w, https:\/\/static-blogs.diariosur.es\/wp-content\/uploads\/sites\/12\/2013\/02\/0021-533x400.jpg 533w\" sizes=\"(max-width: 670px) 100vw, 670px\" \/><\/a><\/p>\n<p>&nbsp;<\/p>\n<p><a href=\"https:\/\/blogs.diariosur.es\/tormentas-y-rayos\/2013\/02\/20\/un-moco-verde-deja-importantes-lluvias-en-la-provincia-malaguena-hoy-tregua-pero-se-esperan-mas-lluvias-y-sobre-todo-frio\/olympus-digital-camera-1120\/\" rel=\"attachment wp-att-5049\"><img loading=\"lazy\" class=\"aligncenter size-full wp-image-5049\" src=\"\/tormentas-y-rayos\/wp-content\/uploads\/sites\/12\/2013\/02\/0071.jpg\" alt=\"\" width=\"670\" height=\"503\" srcset=\"https:\/\/static-blogs.diariosur.es\/wp-content\/uploads\/sites\/12\/2013\/02\/0071.jpg 670w, https:\/\/static-blogs.diariosur.es\/wp-content\/uploads\/sites\/12\/2013\/02\/0071-533x400.jpg 533w\" sizes=\"(max-width: 670px) 100vw, 670px\" \/><\/a><\/p>\n<p>&nbsp;<\/p>\n<p><a href=\"https:\/\/blogs.diariosur.es\/tormentas-y-rayos\/2013\/02\/20\/un-moco-verde-deja-importantes-lluvias-en-la-provincia-malaguena-hoy-tregua-pero-se-esperan-mas-lluvias-y-sobre-todo-frio\/olympus-digital-camera-1121\/\" rel=\"attachment wp-att-5050\"><img loading=\"lazy\" class=\"aligncenter size-full wp-image-5050\" src=\"\/tormentas-y-rayos\/wp-content\/uploads\/sites\/12\/2013\/02\/008.jpg\" alt=\"\" width=\"670\" height=\"503\" srcset=\"https:\/\/static-blogs.diariosur.es\/wp-content\/uploads\/sites\/12\/2013\/02\/008.jpg 670w, https:\/\/static-blogs.diariosur.es\/wp-content\/uploads\/sites\/12\/2013\/02\/008-533x400.jpg 533w\" sizes=\"(max-width: 670px) 100vw, 670px\" \/><\/a><\/p>\n<p>&nbsp;<\/p>\n<p><strong>Hoy seguro que cuando se aclaren los cielos, se vera la Sierra de las Nieves y \u00a0Sierra Tejeda \u00a0con nieve. Si es asi os pondre ma\u00f1ana la foto<\/strong><\/p>\n<p>&nbsp;<\/p>\n<p><span style=\"color: #ff0000;\"><strong>Pero no guard\u00e9is los paraguas, que\u00a0<a href=\"https:\/\/blogs.diariosur.es\/tormentas-y-rayos\/2012\/10\/24\/alerta-naranja-en-malaga-situacion-en-rombo-partido-de-futbol-malaga-milan-llovera\/\"><span style=\"color: #ff0000;\">el rombo<\/span><\/a>\u00a0traer\u00e1\u00a0mas lluvia y\u00a0despu\u00e9s\u00a0fr\u00edo, <span style=\"color: #ff00ff;\">que digo fr\u00edo mucho fr\u00edo.\u00a0<\/span><\/strong><\/span><\/p>\n<p><strong>Se esperan dos frentes muy activos, el primero llegara ma\u00f1ana jueves y el segundo el viernes. Y de nuevo los paraguas\u00a0ser\u00e1n\u00a0los protagonistas, como en esta foto que tome ayer.<\/strong><\/p>\n<p>&nbsp;<\/p>\n<p><a href=\"https:\/\/blogs.diariosur.es\/tormentas-y-rayos\/2013\/02\/20\/un-moco-verde-deja-importantes-lluvias-en-la-provincia-malaguena-hoy-tregua-pero-se-esperan-mas-lluvias-y-sobre-todo-frio\/olympus-digital-camera-1117\/\" rel=\"attachment wp-att-5045\"><img loading=\"lazy\" class=\"aligncenter size-full wp-image-5045\" src=\"\/tormentas-y-rayos\/wp-content\/uploads\/sites\/12\/2013\/02\/bb.jpg\" alt=\"\" width=\"670\" height=\"503\" srcset=\"https:\/\/static-blogs.diariosur.es\/wp-content\/uploads\/sites\/12\/2013\/02\/bb.jpg 670w, https:\/\/static-blogs.diariosur.es\/wp-content\/uploads\/sites\/12\/2013\/02\/bb-533x400.jpg 533w\" sizes=\"(max-width: 670px) 100vw, 670px\" \/><\/a><\/p>\n<p><strong>Amiga Teresa a tu pregunta de ayer, todo\u00a0depender\u00e1\u00a0si el frente llega antes. De momento los modelos dan la lluvia en M\u00e1laga Capital a partir de las ocho de la noche.<\/strong><\/p>\n<p><strong>Ma\u00f1ana hablaremos del primer frente, os dejo amigos con esta nota\u00a0informativa\u00a0que ha sacado la AEMET.<\/strong><\/p>\n<p><a href=\"https:\/\/blogs.diariosur.es\/tormentas-y-rayos\/2013\/02\/20\/un-moco-verde-deja-importantes-lluvias-en-la-provincia-malaguena-hoy-tregua-pero-se-esperan-mas-lluvias-y-sobre-todo-frio\/captura-131\/\" rel=\"attachment wp-att-5051\"><img loading=\"lazy\" class=\"aligncenter size-full wp-image-5051\" src=\"\/tormentas-y-rayos\/wp-content\/uploads\/sites\/12\/2013\/02\/Captura4.jpg\" alt=\"\" width=\"690\" height=\"637\" srcset=\"https:\/\/static-blogs.diariosur.es\/wp-content\/uploads\/sites\/12\/2013\/02\/Captura4.jpg 690w, https:\/\/static-blogs.diariosur.es\/wp-content\/uploads\/sites\/12\/2013\/02\/Captura4-433x400.jpg 433w\" sizes=\"(max-width: 690px) 100vw, 690px\" \/><\/a><\/p>\n<p>&nbsp;<\/p>\n<p>&nbsp;<\/p>\n<p>&nbsp;<\/p>\n<p>&nbsp;<\/p>\n","protected":false},"excerpt":{"rendered":"<p>\u00a0ULTIMA HORA: FOTOS DE LA SIERRA DE LAS NIEVES DESDE GIFRALFARO Y LA PLAYA DEL PALO &nbsp; &nbsp; Muy buenos dias amigos de la meteo. Lo siento, no me he podido resistir al poner hoy el t\u00edtulo del post jejejej. Tranquilos que no es un virus, ni tampoco han llovido mocos verdes. Os explico amigos: [&hellip;]<\/p>\n","protected":false},"author":16,"featured_media":5057,"comment_status":"open","ping_status":"closed","sticky":false,"template":"","format":"standard","meta":[],"categories":[2],"tags":[432,569,587,663,1053],"_links":{"self":[{"href":"https:\/\/blogs.diariosur.es\/tormentas-y-rayos\/wp-json\/wp\/v2\/posts\/5037"}],"collection":[{"href":"https:\/\/blogs.diariosur.es\/tormentas-y-rayos\/wp-json\/wp\/v2\/posts"}],"about":[{"href":"https:\/\/blogs.diariosur.es\/tormentas-y-rayos\/wp-json\/wp\/v2\/types\/post"}],"author":[{"embeddable":true,"href":"https:\/\/blogs.diariosur.es\/tormentas-y-rayos\/wp-json\/wp\/v2\/users\/16"}],"replies":[{"embeddable":true,"href":"https:\/\/blogs.diariosur.es\/tormentas-y-rayos\/wp-json\/wp\/v2\/comments?post=5037"}],"version-history":[{"count":0,"href":"https:\/\/blogs.diariosur.es\/tormentas-y-rayos\/wp-json\/wp\/v2\/posts\/5037\/revisions"}],"wp:featuredmedia":[{"embeddable":true,"href":"https:\/\/blogs.diariosur.es\/tormentas-y-rayos\/wp-json\/wp\/v2\/media\/5057"}],"wp:attachment":[{"href":"https:\/\/blogs.diariosur.es\/tormentas-y-rayos\/wp-json\/wp\/v2\/media?parent=5037"}],"wp:term":[{"taxonomy":"category","embeddable":true,"href":"https:\/\/blogs.diariosur.es\/tormentas-y-rayos\/wp-json\/wp\/v2\/categories?post=5037"},{"taxonomy":"post_tag","embeddable":true,"href":"https:\/\/blogs.diariosur.es\/tormentas-y-rayos\/wp-json\/wp\/v2\/tags?post=5037"}],"curies":[{"name":"wp","href":"https:\/\/api.w.org\/{rel}","templated":true}]}}