{"id":5059,"date":"2013-02-21T09:23:36","date_gmt":"2013-02-21T08:23:36","guid":{"rendered":"http:\/\/blogs.diariosur.es\/tormentas-y-rayos\/?p=5059"},"modified":"2013-02-21T09:23:36","modified_gmt":"2013-02-21T08:23:36","slug":"impresionantes-fotos-dentro-de-la-sierra-de-las-nieves-por-alejandro-ponce-garcia-alerta-amarilla-por-vientos-y-fenomenos-costeros","status":"publish","type":"post","link":"https:\/\/blogs.diariosur.es\/tormentas-y-rayos\/2013\/02\/21\/impresionantes-fotos-dentro-de-la-sierra-de-las-nieves-por-alejandro-ponce-garcia-alerta-amarilla-por-vientos-y-fenomenos-costeros\/","title":{"rendered":"Impresionantes fotos dentro de la Sierra de las Nieves, por Alejandro Ponce Garcia. Alerta amarilla por vientos y fen\u00f3menos costeros."},"content":{"rendered":"<p><strong>Muy buenos dias amigos de la meteo. Son las seis de la ma\u00f1ana, registro 10,9 grados y los cielos est\u00e1n algo nubosos, con lo cual, \u00a0seguro que tenemos un bonito amanecer.<\/strong><\/p>\n<p><strong>Como muchos ya sab\u00e9is, en la madrugada del mi\u00e9rcoles ca\u00eda una importante nevada en la Sierra de las Nieves, yo pude fotografiarla desde la Playa del Palo cuando eran las diez de la ma\u00f1ana.<\/strong><\/p>\n<p>&nbsp;<\/p>\n<p><a href=\"https:\/\/blogs.diariosur.es\/tormentas-y-rayos\/2013\/02\/21\/impresionantes-fotos-dentro-de-la-sierra-de-las-nieves-por-alejandro-ponce-garcia-alerta-amarilla-por-vientos-y-fenomenos-costeros\/olympus-digital-camera-1126\/\" rel=\"attachment wp-att-5060\"><img loading=\"lazy\" class=\"aligncenter size-full wp-image-5060\" src=\"\/tormentas-y-rayos\/wp-content\/uploads\/sites\/12\/2013\/02\/tve.jpg\" alt=\"\" width=\"670\" height=\"503\" srcset=\"https:\/\/static-blogs.diariosur.es\/wp-content\/uploads\/sites\/12\/2013\/02\/tve.jpg 670w, https:\/\/static-blogs.diariosur.es\/wp-content\/uploads\/sites\/12\/2013\/02\/tve-533x400.jpg 533w\" sizes=\"(max-width: 670px) 100vw, 670px\" \/><\/a><\/p>\n<p>&nbsp;<\/p>\n<p><strong>Pero casi a la misma hora, Alejandro Ponce ya estaba dentro del Paraje Natural y caminando hacia el Torrecilla, ya sab\u00e9is que es el pico mas alto de la Sierra de las Nieves con 1919 metros.<\/strong><\/p>\n<p><strong> A nuestro amigo Alejandro ya lo conoc\u00e9is del a\u00f1o pasado, cuando puse otro reportaje de el. <a href=\"https:\/\/blogs.diariosur.es\/tormentas-y-rayos\/2012\/05\/01\/impresionantes-fotos-de-la-sierra-de-las-nieves-por-mi-amigo-alejandro-ponce-garcia-son-una-pasada-amigos-de-la-meteo\/\">Fue la nevada que se produjo \u00a0en la madrugada del 30 de abril del 2012.<\/a>\u00a0Pinchar en el enlace del a\u00f1o pasado que es una pasada. Foto a\u00f1o pasado de Alejandro.<\/strong><\/p>\n<p><a href=\"https:\/\/blogs.diariosur.es\/tormentas-y-rayos\/2013\/02\/21\/impresionantes-fotos-dentro-de-la-sierra-de-las-nieves-por-alejandro-ponce-garcia-alerta-amarilla-por-vientos-y-fenomenos-costeros\/ano-pasado\/\" rel=\"attachment wp-att-5061\"><img loading=\"lazy\" class=\"aligncenter size-full wp-image-5061\" src=\"\/tormentas-y-rayos\/wp-content\/uploads\/sites\/12\/2013\/02\/a\u00f1o-pasado.jpg\" alt=\"\" width=\"660\" height=\"495\" srcset=\"https:\/\/static-blogs.diariosur.es\/wp-content\/uploads\/sites\/12\/2013\/02\/a\u00f1o-pasado.jpg 660w, https:\/\/static-blogs.diariosur.es\/wp-content\/uploads\/sites\/12\/2013\/02\/a\u00f1o-pasado-533x400.jpg 533w\" sizes=\"(max-width: 660px) 100vw, 660px\" \/><\/a><\/p>\n<p>&nbsp;<\/p>\n<p><strong>De nuevo Alejandro quiere compartir con todos nosotros las fotos, \u00a0que tomo en su recorrido hasta el Torrecilla. Son una pasada en la pr\u00f3xima subimos los dos. Muchas gracias.<\/strong><\/p>\n<p>&nbsp;<\/p>\n<p><strong>De nuevo Alejandro quiere compartir \u00a0con todos nosotros las fotos, \u00a0que tomo ayer miercoles en su recorrido hasta el Torrecilla. Son impresionantes, en la pr\u00f3xima subimos los dos. Muchas gracias.<\/strong><\/p>\n<p><a href=\"https:\/\/blogs.diariosur.es\/tormentas-y-rayos\/2013\/02\/21\/impresionantes-fotos-dentro-de-la-sierra-de-las-nieves-por-alejandro-ponce-garcia-alerta-amarilla-por-vientos-y-fenomenos-costeros\/dscn1541\/\" rel=\"attachment wp-att-5062\"><img loading=\"lazy\" class=\"aligncenter size-full wp-image-5062\" src=\"\/tormentas-y-rayos\/wp-content\/uploads\/sites\/12\/2013\/02\/DSCN1541.jpg\" alt=\"\" width=\"670\" height=\"503\" srcset=\"https:\/\/static-blogs.diariosur.es\/wp-content\/uploads\/sites\/12\/2013\/02\/DSCN1541.jpg 670w, https:\/\/static-blogs.diariosur.es\/wp-content\/uploads\/sites\/12\/2013\/02\/DSCN1541-533x400.jpg 533w\" sizes=\"(max-width: 670px) 100vw, 670px\" \/><\/a><\/p>\n<p>&nbsp;<\/p>\n<p><a href=\"https:\/\/blogs.diariosur.es\/tormentas-y-rayos\/2013\/02\/21\/impresionantes-fotos-dentro-de-la-sierra-de-las-nieves-por-alejandro-ponce-garcia-alerta-amarilla-por-vientos-y-fenomenos-costeros\/dscn1543\/\" rel=\"attachment wp-att-5063\"><img loading=\"lazy\" class=\"aligncenter size-full wp-image-5063\" src=\"\/tormentas-y-rayos\/wp-content\/uploads\/sites\/12\/2013\/02\/DSCN1543.jpg\" alt=\"\" width=\"670\" height=\"503\" srcset=\"https:\/\/static-blogs.diariosur.es\/wp-content\/uploads\/sites\/12\/2013\/02\/DSCN1543.jpg 670w, https:\/\/static-blogs.diariosur.es\/wp-content\/uploads\/sites\/12\/2013\/02\/DSCN1543-533x400.jpg 533w\" sizes=\"(max-width: 670px) 100vw, 670px\" \/><\/a><\/p>\n<p><a href=\"https:\/\/blogs.diariosur.es\/tormentas-y-rayos\/2013\/02\/21\/impresionantes-fotos-dentro-de-la-sierra-de-las-nieves-por-alejandro-ponce-garcia-alerta-amarilla-por-vientos-y-fenomenos-costeros\/dscn1567\/\" rel=\"attachment wp-att-5064\"><img loading=\"lazy\" class=\"aligncenter size-full wp-image-5064\" src=\"\/tormentas-y-rayos\/wp-content\/uploads\/sites\/12\/2013\/02\/DSCN1567.jpg\" alt=\"\" width=\"670\" height=\"503\" srcset=\"https:\/\/static-blogs.diariosur.es\/wp-content\/uploads\/sites\/12\/2013\/02\/DSCN1567.jpg 670w, https:\/\/static-blogs.diariosur.es\/wp-content\/uploads\/sites\/12\/2013\/02\/DSCN1567-533x400.jpg 533w\" sizes=\"(max-width: 670px) 100vw, 670px\" \/><\/a><a href=\"https:\/\/blogs.diariosur.es\/tormentas-y-rayos\/2013\/02\/21\/impresionantes-fotos-dentro-de-la-sierra-de-las-nieves-por-alejandro-ponce-garcia-alerta-amarilla-por-vientos-y-fenomenos-costeros\/dscn1586-1\/\" rel=\"attachment wp-att-5065\"><img loading=\"lazy\" class=\"aligncenter size-full wp-image-5065\" src=\"\/tormentas-y-rayos\/wp-content\/uploads\/sites\/12\/2013\/02\/DSCN1586-1.jpg\" alt=\"\" width=\"670\" height=\"503\" srcset=\"https:\/\/static-blogs.diariosur.es\/wp-content\/uploads\/sites\/12\/2013\/02\/DSCN1586-1.jpg 670w, https:\/\/static-blogs.diariosur.es\/wp-content\/uploads\/sites\/12\/2013\/02\/DSCN1586-1-533x400.jpg 533w\" sizes=\"(max-width: 670px) 100vw, 670px\" \/><\/a><\/p>\n<p>&nbsp;<\/p>\n<p><a href=\"https:\/\/blogs.diariosur.es\/tormentas-y-rayos\/2013\/02\/21\/impresionantes-fotos-dentro-de-la-sierra-de-las-nieves-por-alejandro-ponce-garcia-alerta-amarilla-por-vientos-y-fenomenos-costeros\/page-7\/\" rel=\"attachment wp-att-5066\"><img loading=\"lazy\" class=\"aligncenter size-full wp-image-5066\" src=\"\/tormentas-y-rayos\/wp-content\/uploads\/sites\/12\/2013\/02\/page1.jpg\" alt=\"\" width=\"639\" height=\"639\" srcset=\"https:\/\/static-blogs.diariosur.es\/wp-content\/uploads\/sites\/12\/2013\/02\/page1.jpg 639w, https:\/\/static-blogs.diariosur.es\/wp-content\/uploads\/sites\/12\/2013\/02\/page1-150x150.jpg 150w, https:\/\/static-blogs.diariosur.es\/wp-content\/uploads\/sites\/12\/2013\/02\/page1-400x400.jpg 400w\" sizes=\"(max-width: 639px) 100vw, 639px\" \/><\/a><\/p>\n<p><a href=\"https:\/\/blogs.diariosur.es\/tormentas-y-rayos\/2013\/02\/21\/impresionantes-fotos-dentro-de-la-sierra-de-las-nieves-por-alejandro-ponce-garcia-alerta-amarilla-por-vientos-y-fenomenos-costeros\/page-1\/\" rel=\"attachment wp-att-5067\"><img loading=\"lazy\" class=\"aligncenter size-full wp-image-5067\" src=\"\/tormentas-y-rayos\/wp-content\/uploads\/sites\/12\/2013\/02\/page-1.jpg\" alt=\"\" width=\"639\" height=\"639\" srcset=\"https:\/\/static-blogs.diariosur.es\/wp-content\/uploads\/sites\/12\/2013\/02\/page-1.jpg 639w, https:\/\/static-blogs.diariosur.es\/wp-content\/uploads\/sites\/12\/2013\/02\/page-1-150x150.jpg 150w, https:\/\/static-blogs.diariosur.es\/wp-content\/uploads\/sites\/12\/2013\/02\/page-1-400x400.jpg 400w\" sizes=\"(max-width: 639px) 100vw, 639px\" \/><\/a><\/p>\n<p>&nbsp;<\/p>\n<p><a href=\"https:\/\/blogs.diariosur.es\/tormentas-y-rayos\/2013\/02\/21\/impresionantes-fotos-dentro-de-la-sierra-de-las-nieves-por-alejandro-ponce-garcia-alerta-amarilla-por-vientos-y-fenomenos-costeros\/dscn1607\/\" rel=\"attachment wp-att-5078\"><img loading=\"lazy\" class=\"aligncenter size-full wp-image-5078\" title=\"DSCN1607\" src=\"\/tormentas-y-rayos\/wp-content\/uploads\/sites\/12\/2013\/02\/DSCN1607.jpg\" alt=\"\" width=\"670\" height=\"503\" srcset=\"https:\/\/static-blogs.diariosur.es\/wp-content\/uploads\/sites\/12\/2013\/02\/DSCN1607.jpg 670w, https:\/\/static-blogs.diariosur.es\/wp-content\/uploads\/sites\/12\/2013\/02\/DSCN1607-533x400.jpg 533w\" sizes=\"(max-width: 670px) 100vw, 670px\" \/><\/a><\/p>\n<p>&nbsp;<\/p>\n<p>&nbsp;<\/p>\n<p><strong>Como os comentaba al principio del post, el amanecer ha estado apote\u00f3sico, \u00a0una pasada de bonito. Un poquito mas y me lo pierdo. Me he encontrado con mi amigo Pedro y Miguel Angel, hasta ellos se extra\u00f1aban de no verme all\u00ed antes jejejej. Os paso unas fotos.<\/strong><\/p>\n<p><a href=\"https:\/\/blogs.diariosur.es\/tormentas-y-rayos\/2013\/02\/21\/impresionantes-fotos-dentro-de-la-sierra-de-las-nieves-por-alejandro-ponce-garcia-alerta-amarilla-por-vientos-y-fenomenos-costeros\/olympus-digital-camera-1127\/\" rel=\"attachment wp-att-5068\"><img loading=\"lazy\" class=\"aligncenter size-full wp-image-5068\" src=\"\/tormentas-y-rayos\/wp-content\/uploads\/sites\/12\" alt=\"\" width=\"670\" height=\"503\" \/><\/a><\/p>\n<p>&nbsp;<\/p>\n<p><a href=\"https:\/\/blogs.diariosur.es\/tormentas-y-rayos\/2013\/02\/21\/impresionantes-fotos-dentro-de-la-sierra-de-las-nieves-por-alejandro-ponce-garcia-alerta-amarilla-por-vientos-y-fenomenos-costeros\/olympus-digital-camera-1128\/\" rel=\"attachment wp-att-5069\"><img loading=\"lazy\" class=\"aligncenter size-full wp-image-5069\" src=\"\/tormentas-y-rayos\/wp-content\/uploads\/sites\/12\/2013\/02\/b1.jpg\" alt=\"\" width=\"670\" height=\"503\" srcset=\"https:\/\/static-blogs.diariosur.es\/wp-content\/uploads\/sites\/12\/2013\/02\/b1.jpg 670w, https:\/\/static-blogs.diariosur.es\/wp-content\/uploads\/sites\/12\/2013\/02\/b1-533x400.jpg 533w\" sizes=\"(max-width: 670px) 100vw, 670px\" \/><\/a><\/p>\n<p>&nbsp;<\/p>\n<p><span style=\"color: #ff0000;\"><strong>Hoy jueves la zona de Ronda entra en alerta amarilla por vientos, esta se activara a partir de las 21:00. Ma\u00f1ana viernes toda la Provincia Malague\u00f1a entrara tambi\u00e9n en alerta amarilla por fuertes vientos y fen\u00f3menos costeros (olas)<\/strong><\/span><\/p>\n<p><a href=\"https:\/\/blogs.diariosur.es\/tormentas-y-rayos\/2013\/02\/21\/impresionantes-fotos-dentro-de-la-sierra-de-las-nieves-por-alejandro-ponce-garcia-alerta-amarilla-por-vientos-y-fenomenos-costeros\/ronda-3\/\" rel=\"attachment wp-att-5070\"><img loading=\"lazy\" class=\"aligncenter size-full wp-image-5070\" src=\"\/tormentas-y-rayos\/wp-content\/uploads\/sites\/12\/2013\/02\/ronda.jpg\" alt=\"\" width=\"601\" height=\"441\" srcset=\"https:\/\/static-blogs.diariosur.es\/wp-content\/uploads\/sites\/12\/2013\/02\/ronda.jpg 601w, https:\/\/static-blogs.diariosur.es\/wp-content\/uploads\/sites\/12\/2013\/02\/ronda-545x400.jpg 545w\" sizes=\"(max-width: 601px) 100vw, 601px\" \/><\/a><a href=\"https:\/\/blogs.diariosur.es\/tormentas-y-rayos\/2013\/02\/21\/impresionantes-fotos-dentro-de-la-sierra-de-las-nieves-por-alejandro-ponce-garcia-alerta-amarilla-por-vientos-y-fenomenos-costeros\/viernes-12\/\" rel=\"attachment wp-att-5071\"><img loading=\"lazy\" class=\"aligncenter size-full wp-image-5071\" src=\"\/tormentas-y-rayos\/wp-content\/uploads\/sites\/12\/2013\/02\/viernes1.jpg\" alt=\"\" width=\"566\" height=\"428\" srcset=\"https:\/\/static-blogs.diariosur.es\/wp-content\/uploads\/sites\/12\/2013\/02\/viernes1.jpg 566w, https:\/\/static-blogs.diariosur.es\/wp-content\/uploads\/sites\/12\/2013\/02\/viernes1-529x400.jpg 529w\" sizes=\"(max-width: 566px) 100vw, 566px\" \/><\/a><\/p>\n<p><span style=\"color: #ff0000;\"><strong>En estos momentos un frente c\u00e1lido esta cruzando la pen\u00ednsula, deja chubascos espor\u00e1dicos en Extremadura y zona interior de Huelva. A este frente le precede un frente fr\u00edo y lineas de inestabilidad de una profunda borrasca. \u00a0Este frente fr\u00edo si traer\u00e1 mas precipitaci\u00f3n a nuestra regi\u00f3n esta noche y madrugada del viernes. Fuente meteoffice<\/strong><\/span><\/p>\n<p><a href=\"https:\/\/blogs.diariosur.es\/tormentas-y-rayos\/2013\/02\/21\/impresionantes-fotos-dentro-de-la-sierra-de-las-nieves-por-alejandro-ponce-garcia-alerta-amarilla-por-vientos-y-fenomenos-costeros\/frente-calido-2\/\" rel=\"attachment wp-att-5072\"><img loading=\"lazy\" class=\"aligncenter size-medium wp-image-5072\" src=\"\/tormentas-y-rayos\/wp-content\/uploads\/sites\/12\/2013\/02\/frente-calido.jpg\" alt=\"\" width=\"600\" height=\"379\" srcset=\"https:\/\/static-blogs.diariosur.es\/wp-content\/uploads\/sites\/12\/2013\/02\/frente-calido.jpg 906w, https:\/\/static-blogs.diariosur.es\/wp-content\/uploads\/sites\/12\/2013\/02\/frente-calido-632x400.jpg 632w, https:\/\/static-blogs.diariosur.es\/wp-content\/uploads\/sites\/12\/2013\/02\/frente-calido-768x486.jpg 768w\" sizes=\"(max-width: 600px) 100vw, 600px\" \/><\/a><\/p>\n<p><strong>Esta borrasca cruzara la pen\u00ednsula r\u00e1pidamente y se activara al llegar al Mediterr\u00e1neo. Pero si me permit\u00eds ma\u00f1ana hablaremos de esto, cuando os de la predicci\u00f3n del fin de semana. Aun no tengo muy claro como afectara a nuestra provincia y si nevara en cotas bajas. Ma\u00f1ana temprano estare con vosotros de nuevo. Os dejo con un par de \u00a0fotos que tome ayer por la tarde desde la desembocadura del Guadalhorce. El r\u00edo\u00a0tra\u00eda\u00a0bastante agua.<\/strong><\/p>\n<p><a href=\"https:\/\/blogs.diariosur.es\/tormentas-y-rayos\/2013\/02\/21\/impresionantes-fotos-dentro-de-la-sierra-de-las-nieves-por-alejandro-ponce-garcia-alerta-amarilla-por-vientos-y-fenomenos-costeros\/olympus-digital-camera-1130\/\" rel=\"attachment wp-att-5074\"><img loading=\"lazy\" class=\"aligncenter size-full wp-image-5074\" src=\"\/tormentas-y-rayos\/wp-content\/uploads\/sites\/12\/2013\/02\/z5.jpg\" alt=\"\" width=\"670\" height=\"503\" srcset=\"https:\/\/static-blogs.diariosur.es\/wp-content\/uploads\/sites\/12\/2013\/02\/z5.jpg 670w, https:\/\/static-blogs.diariosur.es\/wp-content\/uploads\/sites\/12\/2013\/02\/z5-533x400.jpg 533w\" sizes=\"(max-width: 670px) 100vw, 670px\" \/><\/a><\/p>\n<p>&nbsp;<\/p>\n<p><a href=\"https:\/\/blogs.diariosur.es\/tormentas-y-rayos\/2013\/02\/21\/impresionantes-fotos-dentro-de-la-sierra-de-las-nieves-por-alejandro-ponce-garcia-alerta-amarilla-por-vientos-y-fenomenos-costeros\/olympus-digital-camera-1131\/\" rel=\"attachment wp-att-5075\"><img loading=\"lazy\" class=\"aligncenter size-full wp-image-5075\" src=\"\/tormentas-y-rayos\/wp-content\/uploads\/sites\/12\/2013\/02\/z11.jpg\" alt=\"\" width=\"670\" height=\"503\" srcset=\"https:\/\/static-blogs.diariosur.es\/wp-content\/uploads\/sites\/12\/2013\/02\/z11.jpg 670w, https:\/\/static-blogs.diariosur.es\/wp-content\/uploads\/sites\/12\/2013\/02\/z11-533x400.jpg 533w\" sizes=\"(max-width: 670px) 100vw, 670px\" \/><\/a><\/p>\n<p>&nbsp;<\/p>\n<p>&nbsp;<\/p>\n<p>&nbsp;<\/p>\n","protected":false},"excerpt":{"rendered":"<p>Muy buenos dias amigos de la meteo. Son las seis de la ma\u00f1ana, registro 10,9 grados y los cielos est\u00e1n algo nubosos, con lo cual, \u00a0seguro que tenemos un bonito amanecer. Como muchos ya sab\u00e9is, en la madrugada del mi\u00e9rcoles ca\u00eda una importante nevada en la Sierra de las Nieves, yo pude fotografiarla desde la [&hellip;]<\/p>\n","protected":false},"author":16,"featured_media":5076,"comment_status":"open","ping_status":"closed","sticky":false,"template":"","format":"standard","meta":[],"categories":[2],"tags":[63,91,288,406,424,915,1059],"_links":{"self":[{"href":"https:\/\/blogs.diariosur.es\/tormentas-y-rayos\/wp-json\/wp\/v2\/posts\/5059"}],"collection":[{"href":"https:\/\/blogs.diariosur.es\/tormentas-y-rayos\/wp-json\/wp\/v2\/posts"}],"about":[{"href":"https:\/\/blogs.diariosur.es\/tormentas-y-rayos\/wp-json\/wp\/v2\/types\/post"}],"author":[{"embeddable":true,"href":"https:\/\/blogs.diariosur.es\/tormentas-y-rayos\/wp-json\/wp\/v2\/users\/16"}],"replies":[{"embeddable":true,"href":"https:\/\/blogs.diariosur.es\/tormentas-y-rayos\/wp-json\/wp\/v2\/comments?post=5059"}],"version-history":[{"count":0,"href":"https:\/\/blogs.diariosur.es\/tormentas-y-rayos\/wp-json\/wp\/v2\/posts\/5059\/revisions"}],"wp:featuredmedia":[{"embeddable":true,"href":"https:\/\/blogs.diariosur.es\/tormentas-y-rayos\/wp-json\/wp\/v2\/media\/5076"}],"wp:attachment":[{"href":"https:\/\/blogs.diariosur.es\/tormentas-y-rayos\/wp-json\/wp\/v2\/media?parent=5059"}],"wp:term":[{"taxonomy":"category","embeddable":true,"href":"https:\/\/blogs.diariosur.es\/tormentas-y-rayos\/wp-json\/wp\/v2\/categories?post=5059"},{"taxonomy":"post_tag","embeddable":true,"href":"https:\/\/blogs.diariosur.es\/tormentas-y-rayos\/wp-json\/wp\/v2\/tags?post=5059"}],"curies":[{"name":"wp","href":"https:\/\/api.w.org\/{rel}","templated":true}]}}