{"id":5097,"date":"2013-02-22T21:38:46","date_gmt":"2013-02-22T20:38:46","guid":{"rendered":"http:\/\/blogs.diariosur.es\/tormentas-y-rayos\/?p=5097"},"modified":"2013-02-22T21:38:46","modified_gmt":"2013-02-22T20:38:46","slug":"prediccion-del-tiempo-ola-de-frio-alerta-por-viento-y-fenomenos-costeros-en-la-provincia-malaguena","status":"publish","type":"post","link":"https:\/\/blogs.diariosur.es\/tormentas-y-rayos\/2013\/02\/22\/prediccion-del-tiempo-ola-de-frio-alerta-por-viento-y-fenomenos-costeros-en-la-provincia-malaguena\/","title":{"rendered":"PREDICCI\u00d3N DEL TIEMPO. OLA DE FR\u00cdO.  ALERTA POR VIENTO, Y FEN\u00d3MENOS COSTEROS EN LA PROVINCIA MALAGUE\u00d1A"},"content":{"rendered":"<p><strong>\u00a0Buenos dias amigos de la meteo.<\/strong><\/p>\n<p><strong>Antes de daros la predicci\u00f3n del tiempo para este fin de semana, me vais a permitir dedicar este post y las fotos a Carmen Moreno. Carmen es una gran seguidora de mi blog \u00a0y por lo que me han contado le encanta la meteorolog\u00eda. Ma\u00f1ana 23 es su cumplea\u00f1os y tanto el Colegio Dulce Nombre de Mar\u00eda como yo, te deseamos un feliz dia, que por cierto ser\u00e1 lluvioso y ventoso.<\/strong><\/p>\n<p><strong>Gracias a todos los profesores y en especial a Maril\u00f3 y Gerardo por ponerse en contacto conmigo. Mi regalo Carmen.<\/strong><\/p>\n<p><a href=\"https:\/\/blogs.diariosur.es\/tormentas-y-rayos\/?attachment_id=5080\" rel=\"attachment wp-att-5080\"><img loading=\"lazy\" src=\"\/tormentas-y-rayos\/wp-content\/uploads\/sites\/12\/2013\/02\/4904747510_fc40b48f22_z.jpg\" alt=\"\" width=\"640\" height=\"533\" \/><\/a><\/p>\n<p>&nbsp;<\/p>\n<p><a href=\"https:\/\/blogs.diariosur.es\/tormentas-y-rayos\/?attachment_id=5081\" rel=\"attachment wp-att-5081\"><img loading=\"lazy\" src=\"\/tormentas-y-rayos\/wp-content\/uploads\/sites\/12\/2013\/02\/6482540193_e904564f71_z.jpg\" alt=\"\" width=\"640\" height=\"427\" \/><\/a><\/p>\n<p>&nbsp;<\/p>\n<p><a href=\"https:\/\/blogs.diariosur.es\/tormentas-y-rayos\/?attachment_id=5093\" rel=\"attachment wp-att-5093\"><img loading=\"lazy\" src=\"\/tormentas-y-rayos\/wp-content\/uploads\/sites\/12\/2013\/02\/1-2.jpg\" alt=\"\" width=\"670\" height=\"503\" \/><\/a><\/p>\n<p>&nbsp;<\/p>\n<p>&nbsp;<\/p>\n<p><strong><a href=\"https:\/\/blogs.diariosur.es\/tormentas-y-rayos\/2013\/02\/21\/impresionantes-fotos-dentro-de-la-sierra-de-las-nieves-por-alejandro-ponce-garcia-alerta-amarilla-por-vientos-y-fenomenos-costeros\/\">OS PASO EL ENLACE DE LAS FOTOS DE LA SIERRA DE LAS NIEVES QUE TOMO ALEJANDRO<\/a>\u00a0SUBIENDO AL TORRECILLA\u00a0SON IMPRESIONANTES<\/strong><\/p>\n<p>&nbsp;<\/p>\n<p><strong>PREDICCI\u00d3N FIN DE SEMANA<\/strong><\/p>\n<p><strong>Bueno amigos, la Aemet nos pone en alerta amarilla \u00a0por viento, \u00a0y fen\u00f3menos costeros a casi toda nuestra provincia hoy viernes<\/strong><\/p>\n<p><a href=\"https:\/\/blogs.diariosur.es\/tormentas-y-rayos\/?attachment_id=5088\" rel=\"attachment wp-att-5088\"><img loading=\"lazy\" src=\"\/tormentas-y-rayos\/wp-content\/uploads\/sites\/12\/2013\/02\/amarilla-viernes.jpg\" alt=\"\" width=\"566\" height=\"405\" \/><\/a><\/p>\n<p><strong>Ma\u00f1ana\u00a0s\u00e1bado\u00a0la alerta amarilla sera\u00a0tambi\u00e9n\u00a0por nevadas en la zona de Ronda. ULTIMA HORA:\u00a0LA AEMET ACTUALIZA LAS ALERTAS Y EL SABADO QUITAN LA DE NEVADAS EN RONDA<\/strong><\/p>\n<p><a href=\"https:\/\/blogs.diariosur.es\/tormentas-y-rayos\/?attachment_id=5090\" rel=\"attachment wp-att-5090\"><img loading=\"lazy\" src=\"\/tormentas-y-rayos\/wp-content\/uploads\/sites\/12\/2013\/02\/amarilla-sbado.jpg\" alt=\"\" width=\"534\" height=\"354\" \/><\/a><\/p>\n<p>&nbsp;<\/p>\n<p>&nbsp;<\/p>\n<p><strong>Ayer os comentaba que un frente c\u00e1lido nos estaba cruzando. Por este motivo la m\u00e1xima que dimos fue de mas de 21 grados. Pero que detr\u00e1s venia un frente fr\u00edo, que si dejar\u00eda mas lluvias. En esta imagen que capture ayer por la noche se claramente el frente fr\u00edo. Este frente fr\u00edo y el\u00a0c\u00e1lido\u00a0ha dejado precipitaciones hasta las seis de la ma\u00f1ana de 2 litros en la capital y sobresale los Reales con casi 20. Hoy nos\u00a0seguir\u00e1n\u00a0cruzando lineas de inestabilidad, a medida que la borrasca se acerque a la Pen\u00ednsula. Los chubascos\u00a0ser\u00e1n\u00a0los protagonistas hoy y la madrugada y primeras horas del sabado<\/strong><\/p>\n<p><a href=\"https:\/\/blogs.diariosur.es\/tormentas-y-rayos\/?attachment_id=5089\" rel=\"attachment wp-att-5089\"><img loading=\"lazy\" src=\"\/tormentas-y-rayos\/wp-content\/uploads\/sites\/12\/2013\/02\/frente-frio.jpg\" alt=\"\" width=\"576\" height=\"400\" \/><\/a><\/p>\n<p>&nbsp;<\/p>\n<p><strong>Muchos preguntareis porque se dar\u00e1 esta situaci\u00f3n de nevadas, viento y sobre todo fr\u00edo, intentare explicarlo muy sencillamente.<\/strong><\/p>\n<p><strong>Muchos sab\u00e9is que ahora mismo tenemos una situaci\u00f3n de rombo, \u00a0os paso el mapa.<\/strong><\/p>\n<p><a href=\"https:\/\/blogs.diariosur.es\/tormentas-y-rayos\/?attachment_id=5082\" rel=\"attachment wp-att-5082\"><img loading=\"lazy\" src=\"\/tormentas-y-rayos\/wp-content\/uploads\/sites\/12\/2013\/02\/Captura5.jpg\" alt=\"\" width=\"572\" height=\"400\" \/><\/a><\/p>\n<p><strong>Esto hace que las borrascas tomen camino para la Pen\u00ednsula, algunas veces van hacia el Golfo de C\u00e1diz, otras se quedan est\u00e1ticas cerca de Galicia, pero en esta ocasi\u00f3n esta borrasca cruza r\u00e1pidamente la peninsula hacia el Mediterr\u00e1neo. Una vez que llegue ma\u00f1ana s\u00e1bado se reforzara. Os paso una secuencia en un mosaico y lo veis mejor.\u00a0<\/strong><\/p>\n<p><a href=\"https:\/\/blogs.diariosur.es\/tormentas-y-rayos\/?attachment_id=5083\" rel=\"attachment wp-att-5083\"><img loading=\"lazy\" src=\"\/tormentas-y-rayos\/wp-content\/uploads\/sites\/12\/2013\/02\/page2.jpg\" alt=\"\" width=\"639\" height=\"639\" \/><\/a><\/p>\n<p>&nbsp;<\/p>\n<p><strong>Muchos me preguntareis,\u00bf y para eso tantas alertas en toda la peninsula ?<\/strong><\/p>\n<p><strong>Pues si amigos, hay dos factores importantes. El primero el viento y luego la ola de fr\u00edo.<\/strong><\/p>\n<p><strong>El viento se deber\u00e1 al pasar la borrasca por encima de la peninsula y \u00a0reforzarse en el Mediterr\u00e1neo. Las isobaras se juntaran mucho tambi\u00e9n al formarse un anticicl\u00f3n en el lugar que ha dejado la borrasca. Fuente meteooficce y hirlam aemet<\/strong><\/p>\n<p><a href=\"https:\/\/blogs.diariosur.es\/tormentas-y-rayos\/?attachment_id=5084\" rel=\"attachment wp-att-5084\"><img loading=\"lazy\" src=\"\/tormentas-y-rayos\/wp-content\/uploads\/sites\/12\/2013\/02\/nn.jpg\" alt=\"\" width=\"504\" height=\"400\" \/><\/a><\/p>\n<p>&nbsp;<\/p>\n<p><a href=\"https:\/\/blogs.diariosur.es\/tormentas-y-rayos\/?attachment_id=5085\" rel=\"attachment wp-att-5085\"><img loading=\"lazy\" src=\"\/tormentas-y-rayos\/wp-content\/uploads\/sites\/12\/2013\/02\/viento2.jpg\" alt=\"\" width=\"600\" height=\"385\" \/><\/a><\/p>\n<p>&nbsp;<\/p>\n<p><strong>Hasta ahora claro lo del viento.<\/strong><\/p>\n<p><strong>Lo del fr\u00edo muy f\u00e1cil amigos.<\/strong><\/p>\n<p><strong>\u00a0En el centro del Continente Europeo hay en estos momentos una masa de aire continental seca \u00a0y muy fr\u00eda. En esta imagen de temperatura a 850hpa se ve claramente.<\/strong><\/p>\n<p><a href=\"https:\/\/blogs.diariosur.es\/tormentas-y-rayos\/?attachment_id=5086\" rel=\"attachment wp-att-5086\"><img loading=\"lazy\" src=\"\/tormentas-y-rayos\/wp-content\/uploads\/sites\/12\/2013\/02\/masa-de-aire.jpg\" alt=\"\" width=\"616\" height=\"540\" \/><\/a><\/p>\n<p><strong>Cuando llegue la borrasca al mediterr\u00e1neo mover\u00e1 \u00a0esa masa de aire fr\u00eda hacia la\u00a0pen\u00ednsula. Os pongo una secuencia en un mosaico.<\/strong><\/p>\n<p><a href=\"https:\/\/blogs.diariosur.es\/tormentas-y-rayos\/?attachment_id=5087\" rel=\"attachment wp-att-5087\"><img loading=\"lazy\" src=\"\/tormentas-y-rayos\/wp-content\/uploads\/sites\/12\/2013\/02\/ffff.jpg\" alt=\"\" width=\"639\" height=\"639\" \/><\/a><\/p>\n<p>&nbsp;<\/p>\n<p><strong>\u00a0Tendremos dos choques de masas, una humedad y otra fr\u00eda seca. En donde se junten antes estas dos masa, las precipitaciones ser\u00e1n de nieve en cotas muy bajas.<\/strong><\/p>\n<p><strong>En nuestra provincia las precipitaciones\u00a0podr\u00e1n\u00a0ser de nieve a partir de 1300 metros el\u00a0s\u00e1bado\u00a0, en la zona mas oriental de Andaluc\u00eda al llegar mas tarde la lluvia y juntarse con el aire fr\u00edo, puede nevar a partir de 600 metros. Una vez que \u00a0las lineas de\u00a0inestabilidad\u00a0crucen nuestra regi\u00f3n se\u00a0abrir\u00e1n\u00a0grandes claros a partir del\u00a0mediod\u00eda\u00a0o por la tarde. La noche del\u00a0s\u00e1bado\u00a0y sobre todo la madrugada del domingo ,el fr\u00edo sera el protagonista, que unido al viento de terral de invierno,\u00a0har\u00e1\u00a0que la sensaci\u00f3n sea mayor. Las heladas se\u00a0dar\u00e1n\u00a0en muchos puntos de Andaluc\u00eda ,\u00a0as\u00ed\u00a0como en el interior de nuestra\u00a0provincia.\u00a0<\/strong><\/p>\n<p><strong>Poco mas que contar sobre esta situaci\u00f3n, solo comentaros que si la masa de aire fr\u00edo llega antes, \u00a0la nieve pueda bajar en nuestra provincia a los 800 metros. Ya veremos ma\u00f1ana que ocurre. Hace un rato \u00a0la aemet acaba de quitar la alerta amarilla por nevadas en ronda.<\/strong><\/p>\n<p><strong>Un abrazo a todos y os dejo con esta foto de nuestro amigo Miguel Angel \u00c1vila, cazo el amanecer y a \u00a0alguien mas que me suena jejejej<\/strong><\/p>\n<p><a href=\"https:\/\/blogs.diariosur.es\/tormentas-y-rayos\/?attachment_id=5091\" rel=\"attachment wp-att-5091\"><img loading=\"lazy\" src=\"\/tormentas-y-rayos\/wp-content\/uploads\/sites\/12\/2013\/02\/IMG_27165.jpg\" alt=\"\" width=\"532\" height=\"400\" \/><\/a><\/p>\n","protected":false},"excerpt":{"rendered":"<p>\u00a0Buenos dias amigos de la meteo. Antes de daros la predicci\u00f3n del tiempo para este fin de semana, me vais a permitir dedicar este post y las fotos a Carmen Moreno. Carmen es una gran seguidora de mi blog \u00a0y por lo que me han contado le encanta la meteorolog\u00eda. Ma\u00f1ana 23 es su cumplea\u00f1os [&hellip;]<\/p>\n","protected":false},"author":16,"featured_media":5099,"comment_status":"open","ping_status":"closed","sticky":false,"template":"","format":"standard","meta":[],"categories":[2],"tags":[],"_links":{"self":[{"href":"https:\/\/blogs.diariosur.es\/tormentas-y-rayos\/wp-json\/wp\/v2\/posts\/5097"}],"collection":[{"href":"https:\/\/blogs.diariosur.es\/tormentas-y-rayos\/wp-json\/wp\/v2\/posts"}],"about":[{"href":"https:\/\/blogs.diariosur.es\/tormentas-y-rayos\/wp-json\/wp\/v2\/types\/post"}],"author":[{"embeddable":true,"href":"https:\/\/blogs.diariosur.es\/tormentas-y-rayos\/wp-json\/wp\/v2\/users\/16"}],"replies":[{"embeddable":true,"href":"https:\/\/blogs.diariosur.es\/tormentas-y-rayos\/wp-json\/wp\/v2\/comments?post=5097"}],"version-history":[{"count":0,"href":"https:\/\/blogs.diariosur.es\/tormentas-y-rayos\/wp-json\/wp\/v2\/posts\/5097\/revisions"}],"wp:featuredmedia":[{"embeddable":true,"href":"https:\/\/blogs.diariosur.es\/tormentas-y-rayos\/wp-json\/wp\/v2\/media\/5099"}],"wp:attachment":[{"href":"https:\/\/blogs.diariosur.es\/tormentas-y-rayos\/wp-json\/wp\/v2\/media?parent=5097"}],"wp:term":[{"taxonomy":"category","embeddable":true,"href":"https:\/\/blogs.diariosur.es\/tormentas-y-rayos\/wp-json\/wp\/v2\/categories?post=5097"},{"taxonomy":"post_tag","embeddable":true,"href":"https:\/\/blogs.diariosur.es\/tormentas-y-rayos\/wp-json\/wp\/v2\/tags?post=5097"}],"curies":[{"name":"wp","href":"https:\/\/api.w.org\/{rel}","templated":true}]}}