{"id":5100,"date":"2013-02-25T08:56:21","date_gmt":"2013-02-25T07:56:21","guid":{"rendered":"http:\/\/blogs.diariosur.es\/tormentas-y-rayos\/?p=5100"},"modified":"2013-02-25T08:56:21","modified_gmt":"2013-02-25T07:56:21","slug":"las-heladas-y-el-frio-protagonistas-marzo-empezara-lluvioso-el-tiempo-en-semana-santa-2013","status":"publish","type":"post","link":"https:\/\/blogs.diariosur.es\/tormentas-y-rayos\/2013\/02\/25\/las-heladas-y-el-frio-protagonistas-marzo-empezara-lluvioso-el-tiempo-en-semana-santa-2013\/","title":{"rendered":"Las heladas y el fr\u00edo protagonistas. Marzo empezara lluvioso. El tiempo en Semana Santa 2013."},"content":{"rendered":"<p><strong>Buenos dias amigos de la meteo.<\/strong><\/p>\n<p><strong>Son las siete de la ma\u00f1ana, registro 7,3 \u00a0grados y los cielos est\u00e1n despejados. Aunque la\u00a0m\u00ednima\u00a0se ha dado en Teatinos con 5,9 grados. Fuente Aemet.<\/strong><\/p>\n<p><a href=\"https:\/\/blogs.diariosur.es\/tormentas-y-rayos\/2013\/02\/25\/las-heladas-y-el-frio-protagonistas-marzo-empezara-lluvioso-el-tiempo-en-semana-santa-2013\/temperatttt\/\" rel=\"attachment wp-att-5122\"><img loading=\"lazy\" class=\"aligncenter size-full wp-image-5122\" src=\"\/tormentas-y-rayos\/wp-content\/uploads\/sites\/12\/2013\/02\/temperatttt.jpg\" alt=\"\" width=\"604\" height=\"225\" \/><\/a><\/p>\n<p><strong>La verdad amigos que no se por donde empezar hoy el post, si dando la predicci\u00f3n para estos d\u00edas, poneros como siempre el resumen del finde en fotos, hablar de las lluvias que se esperan a primeros de marzo y el 28 de febrero, mirar las tendencias del tiempo para Semana Santa, la verdad que no lo se. Mi amigo Jose Manuel seguro que cuando este leyendo esto estar\u00e1 diciendo: pepeeeeee lo primero la Semana Santa jejejej, pues no Jose lo dejamos para lo \u00faltimo, antes te tienes que leer el post entero, porque \u00a0dentro de un par de horas te hago el examen.\u00a0<\/strong><\/p>\n<p><span style=\"color: #800000;\"><strong>Bromas aparte, comentaros que las heladas seguir\u00e1n siendo las protagonista en casi toda la pen\u00ednsula, las\u00a0m\u00e1ximas\u00a0tampoco\u00a0ser\u00e1n\u00a0muy altas. La culpable sigue siendo la masa de aire\u00a0fr\u00edo que tenemos a 850 hpa, \u00a0y que\u00a0seguir\u00e1\u00a0con nosotros hasta casi el viernes.\u00a0<strong>\u00a0Os voy a poner unas capturas de temperaturas que hay en estos momentos cuando son las siete de la ma\u00f1ana en toda la\u00a0pen\u00ednsula ( Andalucia, Castilla la Mancha , Le\u00f3n, Comunidad de Madrid, Catalu\u00f1a \u00a0y el mapa de\u00a0temperaturas\u00a0que se espera a 850 hpa hasta el\u00a0mi\u00e9rcoles.<\/strong><\/strong><\/span><\/p>\n<p><a href=\"https:\/\/blogs.diariosur.es\/tormentas-y-rayos\/2013\/02\/25\/las-heladas-y-el-frio-protagonistas-marzo-empezara-lluvioso-el-tiempo-en-semana-santa-2013\/page-9\/\" rel=\"attachment wp-att-5123\"><img loading=\"lazy\" class=\"aligncenter size-full wp-image-5123\" src=\"\/tormentas-y-rayos\/wp-content\/uploads\/sites\/12\/2013\/02\/page3.jpg\" alt=\"\" width=\"639\" height=\"639\" srcset=\"https:\/\/static-blogs.diariosur.es\/wp-content\/uploads\/sites\/12\/2013\/02\/page3.jpg 639w, https:\/\/static-blogs.diariosur.es\/wp-content\/uploads\/sites\/12\/2013\/02\/page3-150x150.jpg 150w, https:\/\/static-blogs.diariosur.es\/wp-content\/uploads\/sites\/12\/2013\/02\/page3-400x400.jpg 400w\" sizes=\"(max-width: 639px) 100vw, 639px\" \/><\/a><\/p>\n<p>&nbsp;<\/p>\n<p>&nbsp;<\/p>\n<p><strong>\u00a0<\/strong><\/p>\n<p>&nbsp;<\/p>\n<p><strong><a href=\"https:\/\/blogs.diariosur.es\/tormentas-y-rayos\/2013\/02\/25\/las-heladas-y-el-frio-protagonistas-marzo-empezara-lluvioso-el-tiempo-en-semana-santa-2013\/mmmmm-2\/\" rel=\"attachment wp-att-5103\"><img loading=\"lazy\" class=\"aligncenter size-full wp-image-5103\" src=\"\/tormentas-y-rayos\/wp-content\/uploads\/sites\/12\/2013\/02\/mmmmm1.jpg\" alt=\"\" width=\"477\" height=\"997\" srcset=\"https:\/\/static-blogs.diariosur.es\/wp-content\/uploads\/sites\/12\/2013\/02\/mmmmm1.jpg 477w, https:\/\/static-blogs.diariosur.es\/wp-content\/uploads\/sites\/12\/2013\/02\/mmmmm1-191x400.jpg 191w\" sizes=\"(max-width: 477px) 100vw, 477px\" \/><\/a><\/strong><\/p>\n<p>&nbsp;<\/p>\n<p><strong>S<span style=\"color: #800000;\">eg\u00fan los modelos el viernes se ir\u00eda retirando, dando paso a una masa de aire c\u00e1lido y h\u00famedo a partir del\u00a0s\u00e1bado.<\/span><\/strong><\/p>\n<p><span style=\"color: #008080;\"><strong>\u00a0 Hoy lunes seguir\u00e1 el viento de terral de invierno hasta primeras horas de la ma\u00f1ana, a medida que entre la tarde nuestro amigo el terral desaparecer\u00e1.\u00a0<\/strong><\/span><\/p>\n<p><span style=\"color: #0000ff;\"><strong>Ma\u00f1ana martes la m\u00ednima tambi\u00e9n ser\u00e1 baja y la m\u00e1xima no sobrepasara los 15 grados . El levante \u00a0soplar\u00eda flojo entrada la tarde y tomar\u00eda mas \u00a0protagonismo el mi\u00e9rcoles, d\u00e1ndose rachas moderadas en la Costa Malague\u00f1a y fuertes en el Estrecho y Mar de Alboran. <\/strong><\/span><\/p>\n<p><strong><span style=\"color: #ff0000;\">\u00a0A partir del mi\u00e9rcoles por la noche o el jueves, podemos tener cambios de mano de una bolsa de aire fr\u00edo en altura, que puede traer chubascos en dia de Andaluc\u00eda, incluso la nieve puede<\/span><span style=\"color: #ff00ff;\"> aparecer a 800 metros<\/span><span style=\"color: #ff0000;\">. Pero esto lo veremos con mas precisi\u00f3n el mi\u00e9rcoles cuando os de el pron\u00f3stico para el dia festivo de nuestra comunidad. Os paso el mapa de esa posible bolsa de aire fr\u00edo a 500 hpa que unida al viento de levante que soplara\u00a0traer\u00e1\u00a0chubascos.<\/span><\/strong><\/p>\n<p><a href=\"https:\/\/blogs.diariosur.es\/tormentas-y-rayos\/2013\/02\/25\/las-heladas-y-el-frio-protagonistas-marzo-empezara-lluvioso-el-tiempo-en-semana-santa-2013\/bolsa-de-aire-frio-5\/\" rel=\"attachment wp-att-5116\"><img loading=\"lazy\" class=\"aligncenter size-medium wp-image-5116\" src=\"\/tormentas-y-rayos\/wp-content\/uploads\/sites\/12\/2013\/02\/bolsa-de-aire-frio.jpg\" alt=\"\" width=\"600\" height=\"352\" srcset=\"https:\/\/static-blogs.diariosur.es\/wp-content\/uploads\/sites\/12\/2013\/02\/bolsa-de-aire-frio.jpg 721w, https:\/\/static-blogs.diariosur.es\/wp-content\/uploads\/sites\/12\/2013\/02\/bolsa-de-aire-frio-640x376.jpg 640w\" sizes=\"(max-width: 600px) 100vw, 600px\" \/><\/a><\/p>\n<p>&nbsp;<\/p>\n<p><a href=\"https:\/\/blogs.diariosur.es\/tormentas-y-rayos\/2013\/02\/25\/las-heladas-y-el-frio-protagonistas-marzo-empezara-lluvioso-el-tiempo-en-semana-santa-2013\/bolsa-5\/\" rel=\"attachment wp-att-5117\"><img loading=\"lazy\" class=\"aligncenter size-medium wp-image-5117\" src=\"\/tormentas-y-rayos\/wp-content\/uploads\/sites\/12\/2013\/02\/bolsa.jpg\" alt=\"\" width=\"600\" height=\"371\" srcset=\"https:\/\/static-blogs.diariosur.es\/wp-content\/uploads\/sites\/12\/2013\/02\/bolsa.jpg 689w, https:\/\/static-blogs.diariosur.es\/wp-content\/uploads\/sites\/12\/2013\/02\/bolsa-640x397.jpg 640w\" sizes=\"(max-width: 600px) 100vw, 600px\" \/><\/a><\/p>\n<p>&nbsp;<\/p>\n<p><span style=\"color: #ff00ff;\"><strong>A continuaci\u00f3n os hago un peque\u00f1o resumen en fotos del s\u00e1bado y el domingo.<\/strong><\/span><\/p>\n<p><span style=\"color: #008000;\"><strong>Empecemos con el amanecer del\u00a0s\u00e1bado, que por cierto me lo\u00a0perd\u00ed. Pero nuestra amiga Paloma Mar\u00eda pudo fotografiarlo. Un fot\u00f3n Maria.<\/strong><\/span><\/p>\n<p>&nbsp;<\/p>\n<p><span style=\"color: #008000;\"><a href=\"https:\/\/blogs.diariosur.es\/tormentas-y-rayos\/2013\/02\/25\/las-heladas-y-el-frio-protagonistas-marzo-empezara-lluvioso-el-tiempo-en-semana-santa-2013\/860306_503276176389528_1103989523_o_1_1\/\" rel=\"attachment wp-att-5107\"><span style=\"color: #008000;\"><img loading=\"lazy\" class=\"aligncenter size-full wp-image-5107\" src=\"\/tormentas-y-rayos\/wp-content\/uploads\/sites\/12\/2013\/02\/860306_503276176389528_1103989523_o_1_1.jpg\" alt=\"\" width=\"670\" height=\"394\" srcset=\"https:\/\/static-blogs.diariosur.es\/wp-content\/uploads\/sites\/12\/2013\/02\/860306_503276176389528_1103989523_o_1_1.jpg 670w, https:\/\/static-blogs.diariosur.es\/wp-content\/uploads\/sites\/12\/2013\/02\/860306_503276176389528_1103989523_o_1_1-640x376.jpg 640w\" sizes=\"(max-width: 670px) 100vw, 670px\" \/><\/span><\/a><\/span><\/p>\n<p>&nbsp;<\/p>\n<p><span style=\"color: #008000;\"><strong>Tambi\u00e9n mi amigo Fernando Berrocal desde Gibralfaro me manda esta bella fotografia para compartirla en el blog,otro fot\u00f3n.<\/strong><\/span><\/p>\n<p><span style=\"color: #008000;\"><a href=\"https:\/\/blogs.diariosur.es\/tormentas-y-rayos\/2013\/02\/25\/las-heladas-y-el-frio-protagonistas-marzo-empezara-lluvioso-el-tiempo-en-semana-santa-2013\/2013-02-23_08-26-25_433_1\/\" rel=\"attachment wp-att-5106\"><span style=\"color: #008000;\"><img loading=\"lazy\" class=\"aligncenter size-full wp-image-5106\" src=\"\/tormentas-y-rayos\/wp-content\/uploads\/sites\/12\/2013\/02\/2013-02-23_08-26-25_433_1.jpg\" alt=\"\" width=\"670\" height=\"378\" srcset=\"https:\/\/static-blogs.diariosur.es\/wp-content\/uploads\/sites\/12\/2013\/02\/2013-02-23_08-26-25_433_1.jpg 670w, https:\/\/static-blogs.diariosur.es\/wp-content\/uploads\/sites\/12\/2013\/02\/2013-02-23_08-26-25_433_1-640x361.jpg 640w\" sizes=\"(max-width: 670px) 100vw, 670px\" \/><\/span><\/a><\/span><\/p>\n<p>&nbsp;<\/p>\n<p><span style=\"color: #008000;\"><strong>Los fractocumulus suelen dejar bonitos cielos, os paso esta foto que tome desde la playa de la Misericordia el pasado\u00a0s\u00e1bado, estas preciosas nubes\u00a0segu\u00edan\u00a0de protagonistas.<\/strong><\/span><\/p>\n<p><span style=\"color: #008000;\"><a href=\"https:\/\/blogs.diariosur.es\/tormentas-y-rayos\/2013\/02\/25\/las-heladas-y-el-frio-protagonistas-marzo-empezara-lluvioso-el-tiempo-en-semana-santa-2013\/olympus-digital-camera-1136\/\" rel=\"attachment wp-att-5105\"><span style=\"color: #008000;\"><img loading=\"lazy\" class=\"aligncenter size-full wp-image-5105\" src=\"\/tormentas-y-rayos\/wp-content\/uploads\/sites\/12\/2013\/02\/z-2.jpg\" alt=\"\" width=\"670\" height=\"503\" srcset=\"https:\/\/static-blogs.diariosur.es\/wp-content\/uploads\/sites\/12\/2013\/02\/z-2.jpg 670w, https:\/\/static-blogs.diariosur.es\/wp-content\/uploads\/sites\/12\/2013\/02\/z-2-533x400.jpg 533w\" sizes=\"(max-width: 670px) 100vw, 670px\" \/><\/span><\/a><\/span><\/p>\n<p><span style=\"color: #008000;\"><strong>La maxima fue de 11,6 grados y la\u00a0m\u00ednima\u00a0de 8,6. Las rachas de viento de terral de\u00a0invierno\u00a0llegaron a los 56 km\/h.<\/strong><\/span><\/p>\n<p><span style=\"color: #0000ff;\"><strong>El domingo \u00a0tambi\u00e9n\u00a0me\u00a0quede frito, &#8220;relativamente&#8221; jejee , en vez \u00a0levantarme a las seis y media, me\u00a0levante\u00a0a las siete y media . De todas formas no\u00a0hab\u00eda\u00a0ni una sola nube.<\/strong><\/span><\/p>\n<p><span style=\"color: #0000ff;\"><strong>Sobre las diez y media de la ma\u00f1ana Geno y yo nos dimos una vuelta por el paseo\u00a0<\/strong><strong>mar\u00edtimo. La temperatura era de 12,2 grados, que unido de\u00a0vez\u00a0en cuando al viento que soplaba, la sensaci\u00f3n a la sombra era de 7 grados. Lo primero que me llamo la atenci\u00f3n fue ver Sierra Tejeda con mas nieve de la que yo esperaba. El\u00a0s\u00e1bado\u00a0tuvo que caer\u00a0alg\u00fan\u00a0chubasco fuerte por la tarde cuando la masa de aire fr\u00edo llegaba.<\/strong><\/span><\/p>\n<p><a href=\"https:\/\/blogs.diariosur.es\/tormentas-y-rayos\/2013\/02\/25\/las-heladas-y-el-frio-protagonistas-marzo-empezara-lluvioso-el-tiempo-en-semana-santa-2013\/olympus-digital-camera-1137\/\" rel=\"attachment wp-att-5108\"><img loading=\"lazy\" class=\"aligncenter size-full wp-image-5108\" src=\"\/tormentas-y-rayos\/wp-content\/uploads\/sites\/12\/2013\/02\/035.jpg\" alt=\"\" width=\"670\" height=\"503\" srcset=\"https:\/\/static-blogs.diariosur.es\/wp-content\/uploads\/sites\/12\/2013\/02\/035.jpg 670w, https:\/\/static-blogs.diariosur.es\/wp-content\/uploads\/sites\/12\/2013\/02\/035-533x400.jpg 533w\" sizes=\"(max-width: 670px) 100vw, 670px\" \/><\/a><\/p>\n<p><span style=\"color: #0000ff;\"><strong>Sobre las once y media el paseo se llenaba de gente, incluso en la arena de la playa muchos disfrutaban de los rayos de sol. Era bonito ver el contraste de esta foto que tome.<\/strong><\/span><\/p>\n<p><span style=\"color: #0000ff;\"><a href=\"https:\/\/blogs.diariosur.es\/tormentas-y-rayos\/2013\/02\/25\/las-heladas-y-el-frio-protagonistas-marzo-empezara-lluvioso-el-tiempo-en-semana-santa-2013\/olympus-digital-camera-1138\/\" rel=\"attachment wp-att-5109\"><span style=\"color: #0000ff;\"><img loading=\"lazy\" class=\"aligncenter size-full wp-image-5109\" src=\"\/tormentas-y-rayos\/wp-content\/uploads\/sites\/12\/2013\/02\/041.jpg\" alt=\"\" width=\"670\" height=\"400\" srcset=\"https:\/\/static-blogs.diariosur.es\/wp-content\/uploads\/sites\/12\/2013\/02\/041.jpg 670w, https:\/\/static-blogs.diariosur.es\/wp-content\/uploads\/sites\/12\/2013\/02\/041-640x382.jpg 640w\" sizes=\"(max-width: 670px) 100vw, 670px\" \/><\/span><\/a><\/span><\/p>\n<p>&nbsp;<\/p>\n<p><span style=\"color: #0000ff;\"><strong>De camino a casa y como casi siempre estoy mirando al cielo, vi \u00a0hacia el oeste que \u00a0se acercaba una banda de cirros. Estando en casa mire el\u00a0sat\u00e9lite\u00a0eumetsat y efectivamente se\u00a0ve\u00edan\u00a0perfectamente. Os paso la imagen del\u00a0sat\u00e9lite\u00a0y la foto que hice desde la terraza.<\/strong><\/span><\/p>\n<p><span style=\"color: #0000ff;\"><strong>\u00a0<\/strong><\/span><\/p>\n<p>&nbsp;<\/p>\n<p><span style=\"color: #0000ff;\"><strong><a href=\"https:\/\/blogs.diariosur.es\/tormentas-y-rayos\/2013\/02\/25\/las-heladas-y-el-frio-protagonistas-marzo-empezara-lluvioso-el-tiempo-en-semana-santa-2013\/cirros-4\/\" rel=\"attachment wp-att-5110\"><span style=\"color: #0000ff;\"><img loading=\"lazy\" class=\"aligncenter size-full wp-image-5110\" src=\"\/tormentas-y-rayos\/wp-content\/uploads\/sites\/12\/2013\/02\/cirros1.jpg\" alt=\"\" width=\"670\" height=\"482\" srcset=\"https:\/\/static-blogs.diariosur.es\/wp-content\/uploads\/sites\/12\/2013\/02\/cirros1.jpg 670w, https:\/\/static-blogs.diariosur.es\/wp-content\/uploads\/sites\/12\/2013\/02\/cirros1-556x400.jpg 556w\" sizes=\"(max-width: 670px) 100vw, 670px\" \/><\/span><\/a><\/strong><\/span><\/p>\n<p>&nbsp;<\/p>\n<p><span style=\"color: #0000ff;\"><a href=\"https:\/\/blogs.diariosur.es\/tormentas-y-rayos\/2013\/02\/25\/las-heladas-y-el-frio-protagonistas-marzo-empezara-lluvioso-el-tiempo-en-semana-santa-2013\/olympus-digital-camera-1139\/\" rel=\"attachment wp-att-5111\"><span style=\"color: #0000ff;\"><img loading=\"lazy\" class=\"aligncenter size-full wp-image-5111\" src=\"\/tormentas-y-rayos\/wp-content\/uploads\/sites\/12\/2013\/02\/043.jpg\" alt=\"\" width=\"670\" height=\"503\" srcset=\"https:\/\/static-blogs.diariosur.es\/wp-content\/uploads\/sites\/12\/2013\/02\/043.jpg 670w, https:\/\/static-blogs.diariosur.es\/wp-content\/uploads\/sites\/12\/2013\/02\/043-533x400.jpg 533w\" sizes=\"(max-width: 670px) 100vw, 670px\" \/><\/span><\/a><\/span><\/p>\n<p>&nbsp;<\/p>\n<p>&nbsp;<\/p>\n<p><span style=\"color: #0000ff;\"><strong>\u00a0La m\u00e1xima del domingo fue de 14,8 grados y la m\u00ednima de 7. <\/strong><\/span><\/p>\n<p><span style=\"color: #000080;\"><strong>Dos amigos me mandaban estas fotos de nieve, Carlos Castro una foto de Sierra Tejeda y Jose luis Gil de la Sierra de las Nieves.\u00a0<\/strong><\/span><\/p>\n<p><a href=\"https:\/\/blogs.diariosur.es\/tormentas-y-rayos\/2013\/02\/25\/las-heladas-y-el-frio-protagonistas-marzo-empezara-lluvioso-el-tiempo-en-semana-santa-2013\/857313_381941038571443_241459019_o_1\/\" rel=\"attachment wp-att-5112\"><img loading=\"lazy\" class=\"aligncenter size-full wp-image-5112\" src=\"\/tormentas-y-rayos\/wp-content\/uploads\/sites\/12\/2013\/02\/857313_381941038571443_241459019_o_1.jpg\" alt=\"\" width=\"670\" height=\"430\" srcset=\"https:\/\/static-blogs.diariosur.es\/wp-content\/uploads\/sites\/12\/2013\/02\/857313_381941038571443_241459019_o_1.jpg 670w, https:\/\/static-blogs.diariosur.es\/wp-content\/uploads\/sites\/12\/2013\/02\/857313_381941038571443_241459019_o_1-623x400.jpg 623w\" sizes=\"(max-width: 670px) 100vw, 670px\" \/><\/a><\/p>\n<p>&nbsp;<\/p>\n<p><a href=\"https:\/\/blogs.diariosur.es\/tormentas-y-rayos\/2013\/02\/25\/las-heladas-y-el-frio-protagonistas-marzo-empezara-lluvioso-el-tiempo-en-semana-santa-2013\/jose-luis-gil\/\" rel=\"attachment wp-att-5113\"><img loading=\"lazy\" class=\"aligncenter size-full wp-image-5113\" src=\"\/tormentas-y-rayos\/wp-content\/uploads\/sites\/12\/2013\/02\/jose-luis-gil.jpg\" alt=\"\" width=\"670\" height=\"377\" srcset=\"https:\/\/static-blogs.diariosur.es\/wp-content\/uploads\/sites\/12\/2013\/02\/jose-luis-gil.jpg 670w, https:\/\/static-blogs.diariosur.es\/wp-content\/uploads\/sites\/12\/2013\/02\/jose-luis-gil-640x360.jpg 640w\" sizes=\"(max-width: 670px) 100vw, 670px\" \/><\/a><\/p>\n<p><span style=\"color: #000080;\"><strong>Estas mismas sierras se\u00a0ve\u00edan\u00a0estupendamente desde el\u00a0sat\u00e9lite\u00a0modis.<\/strong><\/span><\/p>\n<p><a href=\"https:\/\/blogs.diariosur.es\/tormentas-y-rayos\/2013\/02\/25\/las-heladas-y-el-frio-protagonistas-marzo-empezara-lluvioso-el-tiempo-en-semana-santa-2013\/mas-nieve\/\" rel=\"attachment wp-att-5114\"><img loading=\"lazy\" class=\"aligncenter size-full wp-image-5114\" src=\"\/tormentas-y-rayos\/wp-content\/uploads\/sites\/12\/2013\/02\/mas-nieve.jpg\" alt=\"\" width=\"680\" height=\"458\" srcset=\"https:\/\/static-blogs.diariosur.es\/wp-content\/uploads\/sites\/12\/2013\/02\/mas-nieve.jpg 680w, https:\/\/static-blogs.diariosur.es\/wp-content\/uploads\/sites\/12\/2013\/02\/mas-nieve-594x400.jpg 594w\" sizes=\"(max-width: 680px) 100vw, 680px\" \/><\/a><\/p>\n<p>&nbsp;<\/p>\n<p><span style=\"color: #ff0000;\"><strong>Como os comento en el titulo del post, principio de marzo tiene toda las papeletas para que no guardemos los paraguas y veamos los cielos otra vez as\u00ed\u00a0 como\u00a0 en esta foto del dia pasado.<\/strong><\/span><\/p>\n<p>&nbsp;<\/p>\n<p>&nbsp;<\/p>\n<p>&nbsp;<\/p>\n<p><a href=\"https:\/\/blogs.diariosur.es\/tormentas-y-rayos\/2013\/02\/25\/las-heladas-y-el-frio-protagonistas-marzo-empezara-lluvioso-el-tiempo-en-semana-santa-2013\/olympus-digital-camera-1141\/\" rel=\"attachment wp-att-5119\"><img loading=\"lazy\" class=\"aligncenter size-full wp-image-5119\" src=\"\/tormentas-y-rayos\/wp-content\/uploads\/sites\/12\/2013\/02\/0152.jpg\" alt=\"\" width=\"670\" height=\"512\" srcset=\"https:\/\/static-blogs.diariosur.es\/wp-content\/uploads\/sites\/12\/2013\/02\/0152.jpg 670w, https:\/\/static-blogs.diariosur.es\/wp-content\/uploads\/sites\/12\/2013\/02\/0152-523x400.jpg 523w\" sizes=\"(max-width: 670px) 100vw, 670px\" \/><\/a><\/p>\n<p>&nbsp;<\/p>\n<p>&nbsp;<\/p>\n<p><span style=\"color: #ff0000;\"><strong>La culpable de estas lluvias seria una profunda borrasca que se acercar\u00eda a la zona del Golfo de C\u00e1diz la semana que viene. Aunque ya sabeis que el simple aleteo de una mariposa puede cambiar todo esto que os digo jejeje.<\/strong><\/span><\/p>\n<p><a href=\"https:\/\/blogs.diariosur.es\/tormentas-y-rayos\/2013\/02\/25\/las-heladas-y-el-frio-protagonistas-marzo-empezara-lluvioso-el-tiempo-en-semana-santa-2013\/golfo-de-cadiz\/\" rel=\"attachment wp-att-5120\"><img loading=\"lazy\" class=\"aligncenter size-medium wp-image-5120\" src=\"\/tormentas-y-rayos\/wp-content\/uploads\/sites\/12\/2013\/02\/golfo-de-cadiz.jpg\" alt=\"\" width=\"600\" height=\"372\" srcset=\"https:\/\/static-blogs.diariosur.es\/wp-content\/uploads\/sites\/12\/2013\/02\/golfo-de-cadiz.jpg 777w, https:\/\/static-blogs.diariosur.es\/wp-content\/uploads\/sites\/12\/2013\/02\/golfo-de-cadiz-640x398.jpg 640w, https:\/\/static-blogs.diariosur.es\/wp-content\/uploads\/sites\/12\/2013\/02\/golfo-de-cadiz-768x477.jpg 768w\" sizes=\"(max-width: 600px) 100vw, 600px\" \/><\/a><\/p>\n<p>&nbsp;<\/p>\n<p><span style=\"color: #ff0000;\"><strong>Esta borrasca abrir\u00eda un pasillo, para que nuevas bajas nos visitaran y seg\u00fan los modelos las lluvias estar\u00edan hasta el dia 11.\u00a0<\/strong><\/span><\/p>\n<p><span style=\"color: #ff00ff;\"><strong>EL TIEMPO EN SEMANA SANTA 2013<\/strong><\/span><\/p>\n<p><span style=\"color: #ff0000;\"><strong>Amigo Jose\u00a0 Manuel espero que lo hayas le\u00eddo entero jiji.<\/strong><\/span><\/p>\n<p><a href=\"https:\/\/blogs.diariosur.es\/tormentas-y-rayos\/2013\/02\/25\/las-heladas-y-el-frio-protagonistas-marzo-empezara-lluvioso-el-tiempo-en-semana-santa-2013\/blog-naza-6\/\" rel=\"attachment wp-att-5121\"><img loading=\"lazy\" class=\"aligncenter size-full wp-image-5121\" src=\"\/tormentas-y-rayos\/wp-content\/uploads\/sites\/12\/2013\/02\/blog-naza.jpg\" alt=\"\" width=\"660\" height=\"382\" srcset=\"https:\/\/static-blogs.diariosur.es\/wp-content\/uploads\/sites\/12\/2013\/02\/blog-naza.jpg 660w, https:\/\/static-blogs.diariosur.es\/wp-content\/uploads\/sites\/12\/2013\/02\/blog-naza-640x370.jpg 640w\" sizes=\"(max-width: 660px) 100vw, 660px\" \/><\/a><\/p>\n<p>&nbsp;<\/p>\n<p>&nbsp;<\/p>\n<p><span style=\"color: #ff0000;\"><strong>Bueno amigos quedan 25 d\u00edas para el Viernes de Dolores. Como todos los a\u00f1os os ir\u00e9 dando las tendencias que algunos modelos dan para esos primeros d\u00edas. Muchos estar\u00e9is asustados con lo que he comentado antes ( marzo lluvioso), lo peor ser\u00eda que la situaci\u00f3n que se espera a partir del lunes que viene se diera en Semana Santa. Como os he comentado antes las lluvias serian protagonistas hasta casi terminada la primera quincena, siempre y cuando sigan la gran mayor\u00eda de los modelos por estos derroteros. A partir de estas fechas hay modelos que dan anticicl\u00f3n y otros que lo alejan. Lo l\u00f3gico seria que si la primera quincena de marzo es inestable, la otra quincena vuelva la estabilidad.&#8221;<span style=\"color: #ff00ff;\"> Pero ya sab\u00e9is que en meteo no hay l\u00f3gica&#8221;.\u00a0<\/span><\/strong><\/span><\/p>\n<p>Os dejo un abrazo a todos<\/p>\n<p><span style=\"color: #ff0000;\"><strong>\u00a0<\/strong><\/span><\/p>\n<p>&nbsp;<\/p>\n","protected":false},"excerpt":{"rendered":"<p>Buenos dias amigos de la meteo. Son las siete de la ma\u00f1ana, registro 7,3 \u00a0grados y los cielos est\u00e1n despejados. Aunque la\u00a0m\u00ednima\u00a0se ha dado en Teatinos con 5,9 grados. Fuente Aemet. La verdad amigos que no se por donde empezar hoy el post, si dando la predicci\u00f3n para estos d\u00edas, poneros como siempre el resumen [&hellip;]<\/p>\n","protected":false},"author":16,"featured_media":5121,"comment_status":"open","ping_status":"closed","sticky":false,"template":"","format":"standard","meta":[],"categories":[2],"tags":[13,358,432,477,888,902],"_links":{"self":[{"href":"https:\/\/blogs.diariosur.es\/tormentas-y-rayos\/wp-json\/wp\/v2\/posts\/5100"}],"collection":[{"href":"https:\/\/blogs.diariosur.es\/tormentas-y-rayos\/wp-json\/wp\/v2\/posts"}],"about":[{"href":"https:\/\/blogs.diariosur.es\/tormentas-y-rayos\/wp-json\/wp\/v2\/types\/post"}],"author":[{"embeddable":true,"href":"https:\/\/blogs.diariosur.es\/tormentas-y-rayos\/wp-json\/wp\/v2\/users\/16"}],"replies":[{"embeddable":true,"href":"https:\/\/blogs.diariosur.es\/tormentas-y-rayos\/wp-json\/wp\/v2\/comments?post=5100"}],"version-history":[{"count":0,"href":"https:\/\/blogs.diariosur.es\/tormentas-y-rayos\/wp-json\/wp\/v2\/posts\/5100\/revisions"}],"wp:featuredmedia":[{"embeddable":true,"href":"https:\/\/blogs.diariosur.es\/tormentas-y-rayos\/wp-json\/wp\/v2\/media\/5121"}],"wp:attachment":[{"href":"https:\/\/blogs.diariosur.es\/tormentas-y-rayos\/wp-json\/wp\/v2\/media?parent=5100"}],"wp:term":[{"taxonomy":"category","embeddable":true,"href":"https:\/\/blogs.diariosur.es\/tormentas-y-rayos\/wp-json\/wp\/v2\/categories?post=5100"},{"taxonomy":"post_tag","embeddable":true,"href":"https:\/\/blogs.diariosur.es\/tormentas-y-rayos\/wp-json\/wp\/v2\/tags?post=5100"}],"curies":[{"name":"wp","href":"https:\/\/api.w.org\/{rel}","templated":true}]}}