{"id":51196,"date":"2026-08-30T08:43:00","date_gmt":"2026-08-30T06:43:00","guid":{"rendered":"https:\/\/blogs.diariosur.es\/tormentas-y-rayos\/?p=51196"},"modified":"2026-08-30T08:43:00","modified_gmt":"2026-08-30T06:43:00","slug":"que-hidrometeoro-puede-traer-el-mar-frio-a-la-costa-malaguena","status":"publish","type":"post","link":"https:\/\/blogs.diariosur.es\/tormentas-y-rayos\/2026\/08\/30\/que-hidrometeoro-puede-traer-el-mar-frio-a-la-costa-malaguena\/","title":{"rendered":"\u00bfQu\u00e9 hidrometeoro puede traer el mar fr\u00edo a la costa malague\u00f1a?"},"content":{"rendered":"<p><a href=\"https:\/\/blogs.diariosur.es\/tormentas-y-rayos\/wp-content\/uploads\/sites\/12\/2026\/05\/zzzzz-e1784266304418.jpg\"><img loading=\"lazy\" decoding=\"async\" class=\"aligncenter size-medium wp-image-50326\" src=\"https:\/\/blogs.diariosur.es\/tormentas-y-rayos\/wp-content\/uploads\/sites\/12\/2026\/05\/zzzzz-400x400.jpg\" alt=\"\" width=\"400\" height=\"400\" \/><\/a><\/p>\n<p>&nbsp;<\/p>\n<p>&nbsp;<\/p>\n<p class=\"isSelectedEnd\">Muy buenos d\u00edas y fresquitos, amigos de la meteorolog\u00eda.<\/p>\n<p class=\"isSelectedEnd\">La temperatura m\u00ednima en la capital malague\u00f1a se ha registrado en la estaci\u00f3n de la Aemet del aeropuerto, con 17,8 \u00baC. La jornada ha comenzado con cielos completamente despejados, viento flojo de direcci\u00f3n variable en mi zona y una humedad relativa en torno al 58 %.<\/p>\n<p class=\"isSelectedEnd\">Menci\u00f3n especial para Archidona Vega, donde el term\u00f3metro ha descendido hasta los 11,6 \u00baC, seg\u00fan datos de Meteoclimatic.<\/p>\n<p class=\"isSelectedEnd\">Para quienes tengan pensado disfrutar de la playa, la temperatura del agua del mar se sit\u00faa actualmente en unos 17 \u00baC. No obstante, todo apunta a que a mediados de la pr\u00f3xima semana alcanzar\u00e1 valores de entre 22 \u00baC y 23 \u00baC, una temperatura mucho m\u00e1s agradable para el ba\u00f1o.<\/p>\n<h3><span style=\"color: #0000ff;\">\u00bfQu\u00e9 hidrometeoro puede traer el mar fr\u00edo a la costa malague\u00f1a?<\/span><\/h3>\n<p class=\"isSelectedEnd\">De cara a hoy domingo, y especialmente durante la jornada de ma\u00f1ana, existe probabilidad de observar uno de los hidrometeoros m\u00e1s caracter\u00edsticos de nuestra costa: el tar\u00f3. Estaremos muy atentos a su evoluci\u00f3n para comprobar si logra adentrarse en tierra. De producirse, podr\u00eda dejarnos estampas espectaculares para fotografiar desde puntos elevados como Gibralfaro o los Montes de M\u00e1laga.<\/p>\n<p>&nbsp;<\/p>\n<p><a href=\"https:\/\/blogs.diariosur.es\/tormentas-y-rayos\/wp-content\/uploads\/sites\/12\/2026\/08\/2.jpg\"><img loading=\"lazy\" decoding=\"async\" class=\"aligncenter size-full wp-image-51198\" src=\"https:\/\/blogs.diariosur.es\/tormentas-y-rayos\/wp-content\/uploads\/sites\/12\/2026\/08\/2.jpg\" alt=\"\" width=\"1024\" height=\"683\" srcset=\"https:\/\/blogs.diariosur.es\/tormentas-y-rayos\/wp-content\/uploads\/sites\/12\/2026\/08\/2.jpg 1024w, https:\/\/blogs.diariosur.es\/tormentas-y-rayos\/wp-content\/uploads\/sites\/12\/2026\/08\/2-600x400.jpg 600w, https:\/\/blogs.diariosur.es\/tormentas-y-rayos\/wp-content\/uploads\/sites\/12\/2026\/08\/2-612x408.jpg 612w, https:\/\/blogs.diariosur.es\/tormentas-y-rayos\/wp-content\/uploads\/sites\/12\/2026\/08\/2-768x512.jpg 768w\" sizes=\"auto, (max-width: 1024px) 100vw, 1024px\" \/><\/a><\/p>\n<p>&nbsp;<\/p>\n<h3><span style=\"color: #ff0000;\"><strong>Adelanto una previsi\u00f3n no muy buena<\/strong><\/span><\/h3>\n<p>Aunque ma\u00f1ana analizar\u00e9 con m\u00e1s detalle la previsi\u00f3n para los primeros d\u00edas de septiembre, os adelanto que a partir del martes podr\u00eda aparecer polvo en suspensi\u00f3n. Por el momento, no espero concentraciones especialmente elevadas, pero seguiremos vigilando su evoluci\u00f3n en las pr\u00f3ximas actualizaciones.<\/p>\n<p>Hasta ma\u00f1ana<\/p>\n","protected":false},"excerpt":{"rendered":"<p>&nbsp; &nbsp; Muy buenos d\u00edas y fresquitos, amigos de la meteorolog\u00eda. La temperatura m\u00ednima en la capital malague\u00f1a se ha registrado en la estaci\u00f3n de la Aemet del aeropuerto, con 17,8 \u00baC. La jornada ha comenzado con cielos completamente despejados, viento flojo de direcci\u00f3n variable en mi zona y una humedad relativa en torno al [&hellip;]<\/p>\n","protected":false},"author":16,"featured_media":51197,"comment_status":"open","ping_status":"open","sticky":false,"template":"","format":"standard","meta":{"footnotes":""},"categories":[2],"tags":[],"class_list":["post-51196","post","type-post","status-publish","format-standard","has-post-thumbnail","hentry","category-sin-categoria"],"_links":{"self":[{"href":"https:\/\/blogs.diariosur.es\/tormentas-y-rayos\/wp-json\/wp\/v2\/posts\/51196","targetHints":{"allow":["GET"]}}],"collection":[{"href":"https:\/\/blogs.diariosur.es\/tormentas-y-rayos\/wp-json\/wp\/v2\/posts"}],"about":[{"href":"https:\/\/blogs.diariosur.es\/tormentas-y-rayos\/wp-json\/wp\/v2\/types\/post"}],"author":[{"embeddable":true,"href":"https:\/\/blogs.diariosur.es\/tormentas-y-rayos\/wp-json\/wp\/v2\/users\/16"}],"replies":[{"embeddable":true,"href":"https:\/\/blogs.diariosur.es\/tormentas-y-rayos\/wp-json\/wp\/v2\/comments?post=51196"}],"version-history":[{"count":1,"href":"https:\/\/blogs.diariosur.es\/tormentas-y-rayos\/wp-json\/wp\/v2\/posts\/51196\/revisions"}],"predecessor-version":[{"id":51199,"href":"https:\/\/blogs.diariosur.es\/tormentas-y-rayos\/wp-json\/wp\/v2\/posts\/51196\/revisions\/51199"}],"wp:featuredmedia":[{"embeddable":true,"href":"https:\/\/blogs.diariosur.es\/tormentas-y-rayos\/wp-json\/wp\/v2\/media\/51197"}],"wp:attachment":[{"href":"https:\/\/blogs.diariosur.es\/tormentas-y-rayos\/wp-json\/wp\/v2\/media?parent=51196"}],"wp:term":[{"taxonomy":"category","embeddable":true,"href":"https:\/\/blogs.diariosur.es\/tormentas-y-rayos\/wp-json\/wp\/v2\/categories?post=51196"},{"taxonomy":"post_tag","embeddable":true,"href":"https:\/\/blogs.diariosur.es\/tormentas-y-rayos\/wp-json\/wp\/v2\/tags?post=51196"}],"curies":[{"name":"wp","href":"https:\/\/api.w.org\/{rel}","templated":true}]}}