{"id":51200,"date":"2026-08-31T08:06:13","date_gmt":"2026-08-31T06:06:13","guid":{"rendered":"https:\/\/blogs.diariosur.es\/tormentas-y-rayos\/?p=51200"},"modified":"2026-08-31T08:06:13","modified_gmt":"2026-08-31T06:06:13","slug":"el-otono-meteorologico-comenzara-en-andalucia-con-malas-noticias","status":"publish","type":"post","link":"https:\/\/blogs.diariosur.es\/tormentas-y-rayos\/2026\/08\/31\/el-otono-meteorologico-comenzara-en-andalucia-con-malas-noticias\/","title":{"rendered":"El oto\u00f1o meteorol\u00f3gico comenzar\u00e1 en Andaluc\u00eda con malas noticias"},"content":{"rendered":"<p><a href=\"https:\/\/blogs.diariosur.es\/tormentas-y-rayos\/wp-content\/uploads\/sites\/12\/2026\/08\/704992523_10238053917425934_1235607868136934092_n.jpg\"><img loading=\"lazy\" decoding=\"async\" class=\"aligncenter size-medium wp-image-51203\" src=\"https:\/\/blogs.diariosur.es\/tormentas-y-rayos\/wp-content\/uploads\/sites\/12\/2026\/08\/704992523_10238053917425934_1235607868136934092_n-400x400.jpg\" alt=\"\" width=\"400\" height=\"400\" srcset=\"https:\/\/blogs.diariosur.es\/tormentas-y-rayos\/wp-content\/uploads\/sites\/12\/2026\/08\/704992523_10238053917425934_1235607868136934092_n-400x400.jpg 400w, https:\/\/blogs.diariosur.es\/tormentas-y-rayos\/wp-content\/uploads\/sites\/12\/2026\/08\/704992523_10238053917425934_1235607868136934092_n-408x408.jpg 408w, https:\/\/blogs.diariosur.es\/tormentas-y-rayos\/wp-content\/uploads\/sites\/12\/2026\/08\/704992523_10238053917425934_1235607868136934092_n-150x150.jpg 150w, https:\/\/blogs.diariosur.es\/tormentas-y-rayos\/wp-content\/uploads\/sites\/12\/2026\/08\/704992523_10238053917425934_1235607868136934092_n-768x768.jpg 768w, https:\/\/blogs.diariosur.es\/tormentas-y-rayos\/wp-content\/uploads\/sites\/12\/2026\/08\/704992523_10238053917425934_1235607868136934092_n.jpg 1086w\" sizes=\"auto, (max-width: 400px) 100vw, 400px\" \/><\/a><\/p>\n<p>&nbsp;<\/p>\n<p>&nbsp;<\/p>\n<p class=\"isSelectedEnd\">Muy buenos d\u00edas, amigos de la meteo.<\/p>\n<p class=\"isSelectedEnd\">A las siete y media de la ma\u00f1ana, en M\u00e1laga capital, mi estaci\u00f3n meteorol\u00f3gica registra 21,5 \u00b0C. Los cielos est\u00e1n poco nubosos y el viento sopla flojo, de direcci\u00f3n variable, en mi zona. Como coment\u00e9 ayer, hay probabilidad de tar\u00f3 en la costa malague\u00f1a; ya veremos si finalmente entra a tierra.<\/p>\n<p class=\"isSelectedEnd\">La temperatura m\u00e1xima de ayer domingo en M\u00e1laga capital se registr\u00f3 en el Centro Meteorol\u00f3gico de Teatinos, con 29,9 \u00b0C, mientras que la m\u00ednima fue de 18 \u00b0C. No puedo ofrecer los datos del Aeropuerto porque, desde ayer, permanece fuera de servicio.<\/p>\n<p class=\"isSelectedEnd\">En la provincia malague\u00f1a destacaron Fuente de Piedra, con una m\u00e1xima de 36,8 \u00b0C y una m\u00ednima de 14 \u00b0C, una amplitud t\u00e9rmica muy importante, y \u00c1lora, con una m\u00e1xima de 36,3 \u00b0C y una m\u00ednima de 17,8 \u00b0C.<\/p>\n<h3><span style=\"color: #ff0000;\">E<strong>l oto\u00f1o meteorol\u00f3gico comenzar\u00e1 en Andaluc\u00eda con malas noticias<\/strong><\/span><\/h3>\n<p class=\"isSelectedEnd\">Antes de hablar de ello, os doy las malas noticias para M\u00e1laga y su provincia. En primer lugar, la calima volver\u00e1 a ser protagonista. Dejaremos de ver esos cielos azules que hemos disfrutado durante los \u00faltimos d\u00edas. Vuelve la plasta, vuelve el bochorno y volveremos a sudar m\u00e1s de la cuenta. Se acab\u00f3 eso de salir de la ducha, secarse y seguir seco; nuevamente nos ducharemos y, al poco tiempo, aparecer\u00e1 esa desagradable sensaci\u00f3n de humedad y sudor. Algo positivo para los que no le gusta el agua fr\u00eda, la temperatura del agua del mar ir\u00e1 subiendo hasta situarse entre los 22 \u00b0C y los 23 \u00b0C.<\/p>\n<p class=\"isSelectedEnd\">En el resto de Andaluc\u00eda tambi\u00e9n habr\u00e1 calima, pero lo m\u00e1s destacable ser\u00e1n las altas temperaturas que se esperan a partir del mi\u00e9rcoles en las provincias de Ja\u00e9n, C\u00f3rdoba y Sevilla, as\u00ed como en el interior de Granada y Huelva. En el valle del Guadalquivir podr\u00e1n superarse los 42 \u00b0C e incluso alcanzarse los 43 \u00b0C. Volveremos a ver avisos naranjas por altas temperaturas.<\/p>\n<p><strong>Este cambio de tiempo se deber\u00e1 a la llegada de una masa de aire muy c\u00e1lido procedente del norte de \u00c1frica.<\/strong><\/p>\n<p>A continuaci\u00f3n, os dejo las temperaturas m\u00e1ximas y m\u00ednimas que prev\u00e9 la AEMET para el jueves.<\/p>\n<p>&nbsp;<\/p>\n<p><a href=\"https:\/\/blogs.diariosur.es\/tormentas-y-rayos\/wp-content\/uploads\/sites\/12\/2026\/08\/temperatura-e1788155220838.jpg\"><img loading=\"lazy\" decoding=\"async\" class=\"aligncenter size-full wp-image-51202\" src=\"https:\/\/blogs.diariosur.es\/tormentas-y-rayos\/wp-content\/uploads\/sites\/12\/2026\/08\/temperatura-e1788155220838.jpg\" alt=\"\" width=\"1200\" height=\"943\" \/><\/a><\/p>\n<p>&nbsp;<\/p>\n<p>Nos vemos ma\u00f1ana con un articulo que pongo todos los a\u00f1os, sobre las inundaciones que hemos tenido en septiembre desde el a\u00f1o 1500.<\/p>\n","protected":false},"excerpt":{"rendered":"<p>&nbsp; &nbsp; Muy buenos d\u00edas, amigos de la meteo. A las siete y media de la ma\u00f1ana, en M\u00e1laga capital, mi estaci\u00f3n meteorol\u00f3gica registra 21,5 \u00b0C. Los cielos est\u00e1n poco nubosos y el viento sopla flojo, de direcci\u00f3n variable, en mi zona. Como coment\u00e9 ayer, hay probabilidad de tar\u00f3 en la costa malague\u00f1a; ya veremos [&hellip;]<\/p>\n","protected":false},"author":16,"featured_media":51204,"comment_status":"open","ping_status":"open","sticky":false,"template":"","format":"standard","meta":{"footnotes":""},"categories":[2],"tags":[81,100,151,209,358,587,645,744,800,962],"class_list":["post-51200","post","type-post","status-publish","format-standard","has-post-thumbnail","hentry","category-sin-categoria","tag-altas","tag-andalucia","tag-aviso","tag-calima","tag-el-tiempo","tag-malaga","tag-meteorologico","tag-otono","tag-prediccion","tag-temperaturas"],"_links":{"self":[{"href":"https:\/\/blogs.diariosur.es\/tormentas-y-rayos\/wp-json\/wp\/v2\/posts\/51200","targetHints":{"allow":["GET"]}}],"collection":[{"href":"https:\/\/blogs.diariosur.es\/tormentas-y-rayos\/wp-json\/wp\/v2\/posts"}],"about":[{"href":"https:\/\/blogs.diariosur.es\/tormentas-y-rayos\/wp-json\/wp\/v2\/types\/post"}],"author":[{"embeddable":true,"href":"https:\/\/blogs.diariosur.es\/tormentas-y-rayos\/wp-json\/wp\/v2\/users\/16"}],"replies":[{"embeddable":true,"href":"https:\/\/blogs.diariosur.es\/tormentas-y-rayos\/wp-json\/wp\/v2\/comments?post=51200"}],"version-history":[{"count":2,"href":"https:\/\/blogs.diariosur.es\/tormentas-y-rayos\/wp-json\/wp\/v2\/posts\/51200\/revisions"}],"predecessor-version":[{"id":51205,"href":"https:\/\/blogs.diariosur.es\/tormentas-y-rayos\/wp-json\/wp\/v2\/posts\/51200\/revisions\/51205"}],"wp:featuredmedia":[{"embeddable":true,"href":"https:\/\/blogs.diariosur.es\/tormentas-y-rayos\/wp-json\/wp\/v2\/media\/51204"}],"wp:attachment":[{"href":"https:\/\/blogs.diariosur.es\/tormentas-y-rayos\/wp-json\/wp\/v2\/media?parent=51200"}],"wp:term":[{"taxonomy":"category","embeddable":true,"href":"https:\/\/blogs.diariosur.es\/tormentas-y-rayos\/wp-json\/wp\/v2\/categories?post=51200"},{"taxonomy":"post_tag","embeddable":true,"href":"https:\/\/blogs.diariosur.es\/tormentas-y-rayos\/wp-json\/wp\/v2\/tags?post=51200"}],"curies":[{"name":"wp","href":"https:\/\/api.w.org\/{rel}","templated":true}]}}