{"id":51230,"date":"2026-09-01T07:47:39","date_gmt":"2026-09-01T05:47:39","guid":{"rendered":"https:\/\/blogs.diariosur.es\/tormentas-y-rayos\/?p=51230"},"modified":"2026-09-01T07:49:10","modified_gmt":"2026-09-01T05:49:10","slug":"septiembre-el-mes-con-mas-inundaciones-y-victimas-mortales-en-malaga-y-su-provincia-desde-el-siglo-xvi","status":"publish","type":"post","link":"https:\/\/blogs.diariosur.es\/tormentas-y-rayos\/2026\/09\/01\/septiembre-el-mes-con-mas-inundaciones-y-victimas-mortales-en-malaga-y-su-provincia-desde-el-siglo-xvi\/","title":{"rendered":"Septiembre, el mes con m\u00e1s inundaciones y v\u00edctimas mortales en M\u00e1laga y su provincia desde el siglo XVI"},"content":{"rendered":"<p><a href=\"https:\/\/blogs.diariosur.es\/tormentas-y-rayos\/wp-content\/uploads\/sites\/12\/2026\/08\/704992523_10238053917425934_1235607868136934092_n.jpg\"><img loading=\"lazy\" decoding=\"async\" class=\"aligncenter size-medium wp-image-51203\" src=\"https:\/\/blogs.diariosur.es\/tormentas-y-rayos\/wp-content\/uploads\/sites\/12\/2026\/08\/704992523_10238053917425934_1235607868136934092_n-400x400.jpg\" alt=\"\" width=\"400\" height=\"400\" srcset=\"https:\/\/blogs.diariosur.es\/tormentas-y-rayos\/wp-content\/uploads\/sites\/12\/2026\/08\/704992523_10238053917425934_1235607868136934092_n-400x400.jpg 400w, https:\/\/blogs.diariosur.es\/tormentas-y-rayos\/wp-content\/uploads\/sites\/12\/2026\/08\/704992523_10238053917425934_1235607868136934092_n-408x408.jpg 408w, https:\/\/blogs.diariosur.es\/tormentas-y-rayos\/wp-content\/uploads\/sites\/12\/2026\/08\/704992523_10238053917425934_1235607868136934092_n-150x150.jpg 150w, https:\/\/blogs.diariosur.es\/tormentas-y-rayos\/wp-content\/uploads\/sites\/12\/2026\/08\/704992523_10238053917425934_1235607868136934092_n-768x768.jpg 768w, https:\/\/blogs.diariosur.es\/tormentas-y-rayos\/wp-content\/uploads\/sites\/12\/2026\/08\/704992523_10238053917425934_1235607868136934092_n.jpg 1086w\" sizes=\"auto, (max-width: 400px) 100vw, 400px\" \/><\/a><\/p>\n<p>&nbsp;<\/p>\n<p class=\"isSelectedEnd\">Buenos d\u00edas, amigos de la meteo.<\/p>\n<p class=\"isSelectedEnd\">Como todos los a\u00f1os por estas fechas, vuelvo a publicar este post pensando especialmente en los nuevos seguidores que llevan poco tiempo ley\u00e9ndome.<\/p>\n<p class=\"isSelectedEnd\">Septiembre es un mes que forma parte de la historia meteorol\u00f3gica de M\u00e1laga por sus grandes inundaciones y sus consecuencias. De hecho, durante este mes se produjo el episodio que m\u00e1s v\u00edctimas mortales ha dejado en un solo d\u00eda en M\u00e1laga capital y tambi\u00e9n uno de los<strong> m\u00e1s tr\u00e1gicos de la historia de Espa\u00f1a<\/strong>, como podr\u00e9is leer m\u00e1s adelante.<\/p>\n<h3><span style=\"color: #ff0000;\">Septiembre, el mes con m\u00e1s inundaciones y v\u00edctimas mortales en M\u00e1laga y su provincia desde el siglo XVI<\/span><\/h3>\n<p class=\"isSelectedEnd\"><span style=\"color: #000000;\">S<\/span>eg\u00fan recogen las hemerotecas y numerosas efem\u00e9rides hist\u00f3ricas, septiembre ha sido uno de los meses m\u00e1s castigados por las grandes inundaciones en M\u00e1laga capital y su provincia, con episodios que tambi\u00e9n figuran entre los m\u00e1s graves ocurridos en Espa\u00f1a.<\/p>\n<p class=\"isSelectedEnd\">En muchas ocasiones, estas situaciones han estado asociadas a danas (depresiones aisladas en niveles altos), vaguadas y, en determinados episodios, a configuraciones de car\u00e1cter retr\u00f3grado.<\/p>\n<p class=\"isSelectedEnd\">Hist\u00f3ricamente, los episodios m\u00e1s importantes se han concentrado sobre todo a partir de la segunda quincena de septiembre, aunque tambi\u00e9n se han registrado durante la primera mitad del mes, generalmente con menor virulencia.<\/p>\n<p class=\"isSelectedEnd\">Evidentemente, en las \u00e9pocas fenicia, romana y \u00e1rabe tambi\u00e9n se produc\u00edan danas, vaguadas y lluvias torrenciales. Sin embargo, la relaci\u00f3n de M\u00e1laga con las inundaciones era muy diferente a la que conocer\u00edamos siglos despu\u00e9s.<\/p>\n<p class=\"isSelectedEnd\">\u00bfPero qu\u00e9 cambi\u00f3 para que las inundaciones comenzaran a convertirse en un grave problema para la ciudad?<\/p>\n<p>La respuesta la encontramos, entre otras fuentes hist\u00f3ricas, en lo que recoge la Sociedad Malague\u00f1a de Ciencias en su libro, como veremos a continuaci\u00f3n.<\/p>\n<p><strong><em>Por la profunda deforestaci\u00f3n de \u00e1rboles que sufri\u00f3 de manera secular y muy activamente la cuenca del Guadalmedina, tras la conquista de la ciudad por los Reyes Cat\u00f3licos en 1487.\u00a0 Se elimin\u00f3 toda la vegetaci\u00f3n que cubr\u00eda sus vertientes para plantarse de forma extensiva el cultivo de la vid, que tanto nombre dar\u00eda a nuestra tierra. No solo es el Guadalmedina el que trae inundaciones, tambi\u00e9n los arroyos que la circundan. Destacar el Arroyo del Cuarto y de los \u00c1ngeles, que azotaban los barrios del Perchel y Trinidad. El Arroyo de la Amargura y sus tributarios arrasaron muchas veces el centro de la ciudad; sus aguas torrenciales entraban por la Puerta de Granada.\u00a0 \u00a0<\/em><\/strong><\/p>\n<p>A continuaci\u00f3n, os dejo las fechas de algunas de las inundaciones m\u00e1s importantes que han afectado a M\u00e1laga capital y su provincia durante el mes de septiembre. Prestad especial atenci\u00f3n a las ocurridas en <strong>1628 y 1661<\/strong>, dos episodios especialmente tr\u00e1gicos de la historia malague\u00f1a.<\/p>\n<p>A\u00f1o 1540<\/p>\n<p>A\u00f1o 1548<\/p>\n<p>A\u00f1o 1580<\/p>\n<p>A\u00f1o 1608<\/p>\n<p>A\u00f1o 1611<\/p>\n<p>A\u00f1o 1614<\/p>\n<p><strong>A\u00f1o 1628, 23 y 24 de septiembre<\/strong>.\u00a0 Se produce una tremenda inundaci\u00f3n en M\u00e1laga que causa m\u00e1s de <strong>600 muertos.<\/strong><\/p>\n<p><strong>19 de septiembre de\u00a01629.\u00a0<\/strong>Graves inundaciones<\/p>\n<p><strong>22 de septiembre de 1661. <\/strong>Inundaci\u00f3n en M\u00e1laga. La cr\u00f3nica refiere que es &#8220;la inundaci\u00f3n m\u00e1s inaudita que haya padecido poblaci\u00f3n alguna de nuestra historia desde el diluvio universal&#8221;.\u00a0 Se conoci\u00f3, junto con la de 1628, como\u00a0<strong>&#8220;Las inundaciones de San Lino&#8221;; <\/strong>tambi\u00e9n hubo muchos muertos; seg\u00fan algunas fuentes, murieron unos <strong>3.000 malague\u00f1os.<\/strong><\/p>\n<p><strong>29 de septiembre de\u00a01764.\u00a0<\/strong>Tremenda inundaci\u00f3n en M\u00e1laga.<\/p>\n<p><strong>El 22 de septiembre de 1802.\u00a0 <\/strong>Gran inundaci\u00f3n del Guadalmedina<\/p>\n<p><strong>El 13 de septiembre de 1856.\u00a0 <\/strong>Tromba de agua en M\u00e1laga, nuevamente se desborda el Guadalmedina y principales arroyos. Una dana la culpable.<\/p>\n<p>Mapas del post fuente meteociel<\/p>\n<p>&nbsp;<\/p>\n<p><a href=\"https:\/\/blogs.diariosur.es\/tormentas-y-rayos\/wp-content\/uploads\/sites\/12\/2022\/08\/zz-1.png\"><img loading=\"lazy\" decoding=\"async\" class=\"aligncenter size-full wp-image-34380\" src=\"https:\/\/blogs.diariosur.es\/tormentas-y-rayos\/wp-content\/uploads\/sites\/12\/2022\/08\/zz-1.png\" alt=\"\" width=\"768\" height=\"512\" srcset=\"https:\/\/blogs.diariosur.es\/tormentas-y-rayos\/wp-content\/uploads\/sites\/12\/2022\/08\/zz-1.png 768w, https:\/\/blogs.diariosur.es\/tormentas-y-rayos\/wp-content\/uploads\/sites\/12\/2022\/08\/zz-1-600x400.png 600w\" sizes=\"auto, (max-width: 768px) 100vw, 768px\" \/><\/a><\/p>\n<p>&nbsp;<\/p>\n<p><strong>El 27 de septiembre de 1900<\/strong><\/p>\n<p>Se registran fuertes tormentas en el litoral occidental malague\u00f1o. La causante una dana.<\/p>\n<p>&nbsp;<\/p>\n<p><a href=\"https:\/\/blogs.diariosur.es\/tormentas-y-rayos\/wp-content\/uploads\/sites\/12\/2025\/08\/1.png\"><img loading=\"lazy\" decoding=\"async\" class=\"aligncenter size-full wp-image-45986\" src=\"https:\/\/blogs.diariosur.es\/tormentas-y-rayos\/wp-content\/uploads\/sites\/12\/2025\/08\/1.png\" alt=\"\" width=\"768\" height=\"512\" srcset=\"https:\/\/blogs.diariosur.es\/tormentas-y-rayos\/wp-content\/uploads\/sites\/12\/2025\/08\/1.png 768w, https:\/\/blogs.diariosur.es\/tormentas-y-rayos\/wp-content\/uploads\/sites\/12\/2025\/08\/1-600x400.png 600w, https:\/\/blogs.diariosur.es\/tormentas-y-rayos\/wp-content\/uploads\/sites\/12\/2025\/08\/1-612x408.png 612w\" sizes=\"auto, (max-width: 768px) 100vw, 768px\" \/><\/a><\/p>\n<p><span style=\"color: #000000;\"><strong>El 19 de Septiembre del 1904\u00a0<\/strong><\/span><\/p>\n<p>Las lluvias derrumban muchas casas y arrasan cosechas y ganados en la provincia de M\u00e1laga.<\/p>\n<p>Os paso un mapa a 500 hpa, donde se ve perfectamente la DANA, que trajo estas inundaciones.<\/p>\n<p>&nbsp;<\/p>\n<p><a href=\"http:\/\/blogs.diariosur.es\/tormentas-y-rayos\/wp-content\/uploads\/sites\/12\/2020\/09\/ZZZZZZ.jpg\"><img loading=\"lazy\" decoding=\"async\" class=\"aligncenter size-full wp-image-27923\" src=\"\/\/blogs.diariosur.es\/tormentas-y-rayos\/wp-content\/uploads\/sites\/12\/2020\/09\/ZZZZZZ.jpg\" alt=\"\" width=\"778\" height=\"514\" srcset=\"https:\/\/blogs.diariosur.es\/tormentas-y-rayos\/wp-content\/uploads\/sites\/12\/2020\/09\/ZZZZZZ.jpg 778w, https:\/\/blogs.diariosur.es\/tormentas-y-rayos\/wp-content\/uploads\/sites\/12\/2020\/09\/ZZZZZZ-605x400.jpg 605w, https:\/\/blogs.diariosur.es\/tormentas-y-rayos\/wp-content\/uploads\/sites\/12\/2020\/09\/ZZZZZZ-768x507.jpg 768w\" sizes=\"auto, (max-width: 778px) 100vw, 778px\" \/><\/a><\/p>\n<p>&nbsp;<\/p>\n<p class=\"isSelectedEnd\">La riada m\u00e1s conocida de la historia reciente de M\u00e1laga es, sin duda, la del 24 de septiembre de 1907, un episodio que qued\u00f3 grabado para siempre en la memoria de la ciudad. La tragedia dej\u00f3 21 fallecidos y decenas de desaparecidos en M\u00e1laga. Popularmente, los malague\u00f1os la conocen simplemente como \u201cla Ri\u00e1\u201d.<\/p>\n<p class=\"isSelectedEnd\">Durante la madrugada, una tormenta pr\u00e1cticamente estacionaria descarg\u00f3 con extraordinaria intensidad sobre las cuencas de los r\u00edos Guadalmedina y Campanillas, as\u00ed como sobre buena parte de la Axarqu\u00eda. Las lluvias torrenciales desencadenaron una enorme avalancha de agua, barro y sedimentos que descendi\u00f3 con violencia por los cauces hasta alcanzar la ciudad de M\u00e1laga.<\/p>\n<p class=\"isSelectedEnd\">Las consecuencias fueron especialmente dram\u00e1ticas en la Axarqu\u00eda, donde se contabilizaron <strong>136 fallecidos<\/strong>, mientras que en Campanillas perdieron la vida otras 5 personas.<\/p>\n<p class=\"isSelectedEnd\">Algunos estudios apuntan a que, en la zona del nacimiento del Guadalmedina, pudieron llegar a registrarse m\u00e1s de 400 litros por metro cuadrado en muy poco tiempo, una cantidad extraordinaria que ayuda a comprender la magnitud de aquella cat\u00e1strofe.<\/p>\n<p class=\"isSelectedEnd\">El episodio estuvo relacionado con la presencia de aire fr\u00edo en altura asociado a una vaguada, una configuraci\u00f3n atmosf\u00e9rica que favoreci\u00f3 el desarrollo y la persistencia de tormentas de extraordinaria intensidad.<\/p>\n<p>Pero lo ocurrido aquella noche en la Axarqu\u00eda merece un cap\u00edtulo aparte. La devastadora inundaci\u00f3n de 1907 en esta comarca ser\u00e1 protagonista de otro post, acompa\u00f1ado de un v\u00eddeo, en el que conoceremos con m\u00e1s detalle uno de los episodios m\u00e1s tr\u00e1gicos de la historia reciente de M\u00e1laga.<\/p>\n<p>&nbsp;<\/p>\n<p><a href=\"https:\/\/blogs.diariosur.es\/tormentas-y-rayos\/wp-content\/uploads\/sites\/12\/2025\/08\/ria.jpg\"><img loading=\"lazy\" decoding=\"async\" class=\"aligncenter size-full wp-image-45972\" src=\"https:\/\/blogs.diariosur.es\/tormentas-y-rayos\/wp-content\/uploads\/sites\/12\/2025\/08\/ria.jpg\" alt=\"\" width=\"1161\" height=\"763\" srcset=\"https:\/\/blogs.diariosur.es\/tormentas-y-rayos\/wp-content\/uploads\/sites\/12\/2025\/08\/ria.jpg 1161w, https:\/\/blogs.diariosur.es\/tormentas-y-rayos\/wp-content\/uploads\/sites\/12\/2025\/08\/ria-609x400.jpg 609w, https:\/\/blogs.diariosur.es\/tormentas-y-rayos\/wp-content\/uploads\/sites\/12\/2025\/08\/ria-621x408.jpg 621w, https:\/\/blogs.diariosur.es\/tormentas-y-rayos\/wp-content\/uploads\/sites\/12\/2025\/08\/ria-768x505.jpg 768w\" sizes=\"auto, (max-width: 1161px) 100vw, 1161px\" \/><\/a><\/p>\n<p>&nbsp;<\/p>\n<p><strong>El 18 de septiembre de 1921.<\/strong> Fuertes tormentas en la costa malague\u00f1a en su zona occidental, provocadas por una dana<\/p>\n<p>&nbsp;<\/p>\n<p><a href=\"https:\/\/blogs.diariosur.es\/tormentas-y-rayos\/wp-content\/uploads\/sites\/12\/2025\/08\/18-septiembre-2021.jpg\"><img loading=\"lazy\" decoding=\"async\" class=\"aligncenter size-full wp-image-45975\" src=\"https:\/\/blogs.diariosur.es\/tormentas-y-rayos\/wp-content\/uploads\/sites\/12\/2025\/08\/18-septiembre-2021.jpg\" alt=\"\" width=\"1150\" height=\"763\" srcset=\"https:\/\/blogs.diariosur.es\/tormentas-y-rayos\/wp-content\/uploads\/sites\/12\/2025\/08\/18-septiembre-2021.jpg 1150w, https:\/\/blogs.diariosur.es\/tormentas-y-rayos\/wp-content\/uploads\/sites\/12\/2025\/08\/18-septiembre-2021-603x400.jpg 603w, https:\/\/blogs.diariosur.es\/tormentas-y-rayos\/wp-content\/uploads\/sites\/12\/2025\/08\/18-septiembre-2021-615x408.jpg 615w, https:\/\/blogs.diariosur.es\/tormentas-y-rayos\/wp-content\/uploads\/sites\/12\/2025\/08\/18-septiembre-2021-768x510.jpg 768w\" sizes=\"auto, (max-width: 1150px) 100vw, 1150px\" \/><\/a><\/p>\n<p>&nbsp;<\/p>\n<p class=\"isSelectedEnd\">El 24 de septiembre de 1937 se registraron fuertes tormentas en M\u00e1laga capital y en distintos puntos de la provincia. La situaci\u00f3n estuvo asociada a una vaguada retr\u00f3grada en altura, acompa\u00f1ada de un peque\u00f1o embolsamiento de aire fr\u00edo, que favoreci\u00f3 una marcada inestabilidad atmosf\u00e9rica y el desarrollo de las tormentas.<\/p>\n<p>Os dejo el mapa de 500 hPa de aquel d\u00eda, donde se aprecia la configuraci\u00f3n atmosf\u00e9rica que dio lugar a este episodio.<\/p>\n<p>&nbsp;<\/p>\n<p><a href=\"https:\/\/blogs.diariosur.es\/tormentas-y-rayos\/wp-content\/uploads\/sites\/12\/2025\/08\/zzz.png\"><img loading=\"lazy\" decoding=\"async\" class=\"aligncenter size-full wp-image-45977\" src=\"https:\/\/blogs.diariosur.es\/tormentas-y-rayos\/wp-content\/uploads\/sites\/12\/2025\/08\/zzz.png\" alt=\"\" width=\"768\" height=\"512\" srcset=\"https:\/\/blogs.diariosur.es\/tormentas-y-rayos\/wp-content\/uploads\/sites\/12\/2025\/08\/zzz.png 768w, https:\/\/blogs.diariosur.es\/tormentas-y-rayos\/wp-content\/uploads\/sites\/12\/2025\/08\/zzz-600x400.png 600w, https:\/\/blogs.diariosur.es\/tormentas-y-rayos\/wp-content\/uploads\/sites\/12\/2025\/08\/zzz-612x408.png 612w\" sizes=\"auto, (max-width: 768px) 100vw, 768px\" \/><\/a><\/p>\n<p>&nbsp;<\/p>\n<p>El 26 de septiembre de 1938, una vaguada, acompa\u00f1ada de un peque\u00f1o embolsamiento de aire fr\u00edo en altura, favoreci\u00f3 la formaci\u00f3n de fuertes tormentas en el interior occidental de la provincia de M\u00e1laga. Las intensas precipitaciones provocaron un r\u00e1pido aumento del caudal de los cursos de agua y el desbordamiento de varios arroyos.<\/p>\n<p>&nbsp;<\/p>\n<p><a href=\"https:\/\/blogs.diariosur.es\/tormentas-y-rayos\/wp-content\/uploads\/sites\/12\/2025\/08\/aaaaa.png\"><img loading=\"lazy\" decoding=\"async\" class=\"aligncenter size-full wp-image-45978\" src=\"https:\/\/blogs.diariosur.es\/tormentas-y-rayos\/wp-content\/uploads\/sites\/12\/2025\/08\/aaaaa.png\" alt=\"\" width=\"768\" height=\"512\" srcset=\"https:\/\/blogs.diariosur.es\/tormentas-y-rayos\/wp-content\/uploads\/sites\/12\/2025\/08\/aaaaa.png 768w, https:\/\/blogs.diariosur.es\/tormentas-y-rayos\/wp-content\/uploads\/sites\/12\/2025\/08\/aaaaa-600x400.png 600w, https:\/\/blogs.diariosur.es\/tormentas-y-rayos\/wp-content\/uploads\/sites\/12\/2025\/08\/aaaaa-612x408.png 612w\" sizes=\"auto, (max-width: 768px) 100vw, 768px\" \/><\/a><\/p>\n<p>&nbsp;<\/p>\n<p>El 30 de septiembre de 1940, fuertes tormentas afectaron a numerosos puntos de la provincia de M\u00e1laga, incluida la capital. La situaci\u00f3n estuvo marcada por una potente vaguada en altura, acompa\u00f1ada de una baja en superficie, que favoreci\u00f3 una acusada inestabilidad atmosf\u00e9rica.<\/p>\n<p>&nbsp;<\/p>\n<p><a href=\"https:\/\/blogs.diariosur.es\/tormentas-y-rayos\/wp-content\/uploads\/sites\/12\/2025\/08\/zzzzzzzzzz.png\"><img loading=\"lazy\" decoding=\"async\" class=\"aligncenter size-full wp-image-45979\" src=\"https:\/\/blogs.diariosur.es\/tormentas-y-rayos\/wp-content\/uploads\/sites\/12\/2025\/08\/zzzzzzzzzz.png\" alt=\"\" width=\"768\" height=\"512\" srcset=\"https:\/\/blogs.diariosur.es\/tormentas-y-rayos\/wp-content\/uploads\/sites\/12\/2025\/08\/zzzzzzzzzz.png 768w, https:\/\/blogs.diariosur.es\/tormentas-y-rayos\/wp-content\/uploads\/sites\/12\/2025\/08\/zzzzzzzzzz-600x400.png 600w, https:\/\/blogs.diariosur.es\/tormentas-y-rayos\/wp-content\/uploads\/sites\/12\/2025\/08\/zzzzzzzzzz-612x408.png 612w\" sizes=\"auto, (max-width: 768px) 100vw, 768px\" \/><\/a><\/p>\n<p>&nbsp;<\/p>\n<p>&nbsp;<\/p>\n<p>&nbsp;<\/p>\n<p class=\"isSelectedEnd\"><strong>El 27 de septiembre de 1949<\/strong>, una intensa tormenta descarg\u00f3 con fuerza sobre distintos puntos de la provincia de M\u00e1laga. En el aeropuerto se registraron 40 mm en poco tiempo, provocando inundaciones en algunas calles de M\u00e1laga capital.<\/p>\n<p class=\"isSelectedEnd\">Las precipitaciones fueron a\u00fan m\u00e1s intensas en el Valle del Guadalhorce y la Serran\u00eda de Ronda, donde en algunos puntos llegaron a acumularse 65 mm en un corto espacio de tiempo.<\/p>\n<p>Mi amigo Manuel Becerra Parra me env\u00eda estas fotograf\u00edas de la gran tormenta que aquel d\u00eda cay\u00f3 sobre Benaoj\u00e1n, donde se produjo una v\u00edctima mortal en la estaci\u00f3n. Sin embargo, fue en Montejaque donde se registr\u00f3 el mayor n\u00famero de fallecidos a consecuencia del temporal.<\/p>\n<p>&nbsp;<\/p>\n<p><a href=\"https:\/\/blogs.diariosur.es\/tormentas-y-rayos\/wp-content\/uploads\/sites\/12\/2024\/09\/benaojan.jpg\"><img loading=\"lazy\" decoding=\"async\" class=\"aligncenter size-full wp-image-41694\" src=\"https:\/\/blogs.diariosur.es\/tormentas-y-rayos\/wp-content\/uploads\/sites\/12\/2024\/09\/benaojan.jpg\" alt=\"\" width=\"750\" height=\"479\" srcset=\"https:\/\/blogs.diariosur.es\/tormentas-y-rayos\/wp-content\/uploads\/sites\/12\/2024\/09\/benaojan.jpg 750w, https:\/\/blogs.diariosur.es\/tormentas-y-rayos\/wp-content\/uploads\/sites\/12\/2024\/09\/benaojan-626x400.jpg 626w\" sizes=\"auto, (max-width: 750px) 100vw, 750px\" \/><\/a><\/p>\n<p>&nbsp;<\/p>\n<p><a href=\"https:\/\/blogs.diariosur.es\/tormentas-y-rayos\/wp-content\/uploads\/sites\/12\/2024\/09\/457363794_10229722245579345_8074482633092329003_n.jpg\"><img loading=\"lazy\" decoding=\"async\" class=\"aligncenter size-full wp-image-41695\" src=\"https:\/\/blogs.diariosur.es\/tormentas-y-rayos\/wp-content\/uploads\/sites\/12\/2024\/09\/457363794_10229722245579345_8074482633092329003_n.jpg\" alt=\"\" width=\"940\" height=\"786\" srcset=\"https:\/\/blogs.diariosur.es\/tormentas-y-rayos\/wp-content\/uploads\/sites\/12\/2024\/09\/457363794_10229722245579345_8074482633092329003_n.jpg 940w, https:\/\/blogs.diariosur.es\/tormentas-y-rayos\/wp-content\/uploads\/sites\/12\/2024\/09\/457363794_10229722245579345_8074482633092329003_n-478x400.jpg 478w, https:\/\/blogs.diariosur.es\/tormentas-y-rayos\/wp-content\/uploads\/sites\/12\/2024\/09\/457363794_10229722245579345_8074482633092329003_n-768x642.jpg 768w\" sizes=\"auto, (max-width: 940px) 100vw, 940px\" \/><\/a><\/p>\n<p>&nbsp;<\/p>\n<p><a href=\"https:\/\/blogs.diariosur.es\/tormentas-y-rayos\/wp-content\/uploads\/sites\/12\/2024\/09\/zzzzzzzz.png\"><img loading=\"lazy\" decoding=\"async\" class=\"aligncenter size-full wp-image-41689\" src=\"https:\/\/blogs.diariosur.es\/tormentas-y-rayos\/wp-content\/uploads\/sites\/12\/2024\/09\/zzzzzzzz.png\" alt=\"\" width=\"768\" height=\"512\" srcset=\"https:\/\/blogs.diariosur.es\/tormentas-y-rayos\/wp-content\/uploads\/sites\/12\/2024\/09\/zzzzzzzz.png 768w, https:\/\/blogs.diariosur.es\/tormentas-y-rayos\/wp-content\/uploads\/sites\/12\/2024\/09\/zzzzzzzz-600x400.png 600w\" sizes=\"auto, (max-width: 768px) 100vw, 768px\" \/><\/a><\/p>\n<p>&nbsp;<\/p>\n<p class=\"isSelectedEnd\">El <strong>27 de septiembre de 1957<\/strong> se registraron 313 mm en 11 horas en el Aeropuerto de M\u00e1laga, una cifra extraordinaria que, hasta la fecha, contin\u00faa siendo el mayor registro de precipitaci\u00f3n en 24 horas de toda la serie de esta estaci\u00f3n.<\/p>\n<p class=\"isSelectedEnd\">La situaci\u00f3n atmosf\u00e9rica estuvo marcada por una vaguada retr\u00f3grada en niveles altos, cuyo progresivo estrangulamiento termin\u00f3 aislando una circulaci\u00f3n cerrada y dando lugar a una DANA sobre el golfo de C\u00e1diz.<\/p>\n<p class=\"isSelectedEnd\">Esta configuraci\u00f3n favoreci\u00f3 una situaci\u00f3n de marcada inestabilidad sobre el sur peninsular y, especialmente, en el entorno de M\u00e1laga, donde las precipitaciones alcanzaron una intensidad y acumulaci\u00f3n excepcionales.<\/p>\n<p>Os dejo dos mapas de 500 hPa de los d\u00edas 27 y 28 de septiembre de 1957, en los que se puede seguir la evoluci\u00f3n de la vaguada y el posterior aislamiento de la DANA.<\/p>\n<p>&nbsp;<\/p>\n<p><a href=\"http:\/\/blogs.diariosur.es\/tormentas-y-rayos\/wp-content\/uploads\/sites\/12\/2020\/09\/2-6.jpg\"><img loading=\"lazy\" decoding=\"async\" class=\"aligncenter size-full wp-image-27921\" src=\"\/\/blogs.diariosur.es\/tormentas-y-rayos\/wp-content\/uploads\/sites\/12\/2020\/09\/2-6.jpg\" alt=\"\" width=\"788\" height=\"524\" srcset=\"https:\/\/blogs.diariosur.es\/tormentas-y-rayos\/wp-content\/uploads\/sites\/12\/2020\/09\/2-6.jpg 788w, https:\/\/blogs.diariosur.es\/tormentas-y-rayos\/wp-content\/uploads\/sites\/12\/2020\/09\/2-6-602x400.jpg 602w, https:\/\/blogs.diariosur.es\/tormentas-y-rayos\/wp-content\/uploads\/sites\/12\/2020\/09\/2-6-768x511.jpg 768w\" sizes=\"auto, (max-width: 788px) 100vw, 788px\" \/><\/a> <a href=\"http:\/\/blogs.diariosur.es\/tormentas-y-rayos\/wp-content\/uploads\/sites\/12\/2020\/09\/3-3.jpg\"><img loading=\"lazy\" decoding=\"async\" class=\"aligncenter size-full wp-image-27922\" src=\"\/\/blogs.diariosur.es\/tormentas-y-rayos\/wp-content\/uploads\/sites\/12\/2020\/09\/3-3.jpg\" alt=\"\" width=\"780\" height=\"533\" srcset=\"https:\/\/blogs.diariosur.es\/tormentas-y-rayos\/wp-content\/uploads\/sites\/12\/2020\/09\/3-3.jpg 780w, https:\/\/blogs.diariosur.es\/tormentas-y-rayos\/wp-content\/uploads\/sites\/12\/2020\/09\/3-3-585x400.jpg 585w, https:\/\/blogs.diariosur.es\/tormentas-y-rayos\/wp-content\/uploads\/sites\/12\/2020\/09\/3-3-768x525.jpg 768w\" sizes=\"auto, (max-width: 780px) 100vw, 780px\" \/><\/a><\/p>\n<p>&nbsp;<\/p>\n<p>El <strong>14 de septiembre de 1966<\/strong>, un intenso episodio de lluvias deja <strong>50 mm en poco tiempo en el Aeropuerto de M\u00e1laga<\/strong>, provocando inundaciones en varias calles de la capital. La tormenta afecta con especial intensidad al <strong>Valle del Guadalhorce<\/strong>, donde se alcanzan registros de hasta <strong>70 mm<\/strong>.<\/p>\n<p>&nbsp;<\/p>\n<p><a href=\"https:\/\/blogs.diariosur.es\/tormentas-y-rayos\/wp-content\/uploads\/sites\/12\/2024\/09\/ZZZZZZZZZZZZZ.png\"><img loading=\"lazy\" decoding=\"async\" class=\"aligncenter size-full wp-image-41690\" src=\"https:\/\/blogs.diariosur.es\/tormentas-y-rayos\/wp-content\/uploads\/sites\/12\/2024\/09\/ZZZZZZZZZZZZZ.png\" alt=\"\" width=\"768\" height=\"512\" srcset=\"https:\/\/blogs.diariosur.es\/tormentas-y-rayos\/wp-content\/uploads\/sites\/12\/2024\/09\/ZZZZZZZZZZZZZ.png 768w, https:\/\/blogs.diariosur.es\/tormentas-y-rayos\/wp-content\/uploads\/sites\/12\/2024\/09\/ZZZZZZZZZZZZZ-600x400.png 600w\" sizes=\"auto, (max-width: 768px) 100vw, 768px\" \/><\/a><\/p>\n<p>&nbsp;<\/p>\n<p class=\"isSelectedEnd\"><strong>27 de septiembre de 1997<\/strong><\/p>\n<p class=\"isSelectedEnd\">Una nueva DANA deja 83 litros por metro cuadrado en el Aeropuerto de M\u00e1laga, convirti\u00e9ndose en el segundo registro m\u00e1s alto desde que existen datos. El r\u00e9cord absoluto ya lo hab\u00e9is le\u00eddo un poco m\u00e1s arriba.<\/p>\n<p>Otra DANA, otro episodio para la historia meteorol\u00f3gica de M\u00e1laga.<\/p>\n<p>&nbsp;<\/p>\n<p><a href=\"https:\/\/blogs.diariosur.es\/tormentas-y-rayos\/wp-content\/uploads\/sites\/12\/2022\/08\/septiembre.png\"><img loading=\"lazy\" decoding=\"async\" class=\"aligncenter size-full wp-image-34372\" src=\"https:\/\/blogs.diariosur.es\/tormentas-y-rayos\/wp-content\/uploads\/sites\/12\/2022\/08\/septiembre.png\" alt=\"\" width=\"768\" height=\"512\" srcset=\"https:\/\/blogs.diariosur.es\/tormentas-y-rayos\/wp-content\/uploads\/sites\/12\/2022\/08\/septiembre.png 768w, https:\/\/blogs.diariosur.es\/tormentas-y-rayos\/wp-content\/uploads\/sites\/12\/2022\/08\/septiembre-600x400.png 600w\" sizes=\"auto, (max-width: 768px) 100vw, 768px\" \/><\/a><\/p>\n<p>&nbsp;<\/p>\n<p>&nbsp;<\/p>\n<p class=\"isSelectedEnd\">El <strong>21 de septiembre de 2007<\/strong>, fuertes tormentas azotaron distintos puntos de la provincia de M\u00e1laga, afectando especialmente a <strong>Marbella, Estepona y Nerja<\/strong>.<\/p>\n<p class=\"isSelectedEnd\">En <strong>Marbella<\/strong>, una intensa granizada caus\u00f3 importantes da\u00f1os materiales. <strong>Miles de veh\u00edculos resultaron da\u00f1ados por el granizo<\/strong> y unas <strong>30 personas sufrieron heridas<\/strong>.<\/p>\n<p class=\"isSelectedEnd\">En <strong>Nerja<\/strong>, la protagonista fue una extraordinaria tromba de agua. Al finalizar el episodio se hab\u00edan acumulado <strong>188 litros por metro cuadrado<\/strong>, pero lo m\u00e1s excepcional fue la intensidad con la que cay\u00f3 la lluvia durante algunos momentos.<\/p>\n<p class=\"isSelectedEnd\">En tan solo <strong>10 minutos se recogieron 41,5 litros por metro cuadrado<\/strong>, un registro que durante a\u00f1os se mantuvo como r\u00e9cord de precipitaci\u00f3n en Espa\u00f1a para ese intervalo de tiempo. La misma tormenta dej\u00f3 adem\u00e1s otro dato extraordinario: <strong>74 litros por metro cuadrado en apenas 30 minutos<\/strong>.<\/p>\n<p class=\"isSelectedEnd\">Aquel r\u00e9cord de Nerja fue superado muchos a\u00f1os despu\u00e9s. El <strong>29 de octubre de 2024<\/strong>, durante el episodio de DANA que afect\u00f3 gravemente a distintas zonas de Espa\u00f1a, la localidad valenciana de <strong>Tur\u00eds<\/strong> registr\u00f3 <strong>42 litros por metro cuadrado en 10 minutos<\/strong> y nada menos que <strong>102,8 litros en 30 minutos<\/strong>.<\/p>\n<p class=\"isSelectedEnd\">Y tanto en 2007 como en 2024, detr\u00e1s de estos episodios de lluvias torrenciales estuvo el mismo fen\u00f3meno meteorol\u00f3gico: <strong>una DANA<\/strong>.<\/p>\n<p><em>Luna de un veh\u00edculo destrozada por el granizo en Marbella. Diario SUR \/ Josele-Lanza.<\/em><\/p>\n<p>&nbsp;<\/p>\n<p>&nbsp;<\/p>\n<p>&nbsp;<\/p>\n<p><a href=\"https:\/\/blogs.diariosur.es\/tormentas-y-rayos\/wp-content\/uploads\/sites\/12\/2022\/08\/002D6UL-MMM-P1_1.jpg\"><img loading=\"lazy\" decoding=\"async\" class=\"aligncenter size-full wp-image-34374\" src=\"https:\/\/blogs.diariosur.es\/tormentas-y-rayos\/wp-content\/uploads\/sites\/12\/2022\/08\/002D6UL-MMM-P1_1.jpg\" alt=\"\" width=\"300\" height=\"266\" \/><\/a><\/p>\n<p>Os paso el mapa a 500 hpa de ese d\u00eda.<\/p>\n<p>&nbsp;<\/p>\n<p><a href=\"http:\/\/blogs.diariosur.es\/tormentas-y-rayos\/wp-content\/uploads\/sites\/12\/2020\/09\/4-1.jpg\"><img loading=\"lazy\" decoding=\"async\" class=\"aligncenter size-full wp-image-27920\" src=\"\/\/blogs.diariosur.es\/tormentas-y-rayos\/wp-content\/uploads\/sites\/12\/2020\/09\/4-1.jpg\" alt=\"\" width=\"791\" height=\"526\" srcset=\"https:\/\/blogs.diariosur.es\/tormentas-y-rayos\/wp-content\/uploads\/sites\/12\/2020\/09\/4-1.jpg 791w, https:\/\/blogs.diariosur.es\/tormentas-y-rayos\/wp-content\/uploads\/sites\/12\/2020\/09\/4-1-602x400.jpg 602w, https:\/\/blogs.diariosur.es\/tormentas-y-rayos\/wp-content\/uploads\/sites\/12\/2020\/09\/4-1-768x511.jpg 768w\" sizes=\"auto, (max-width: 791px) 100vw, 791px\" \/><\/a><\/p>\n<p>&nbsp;<\/p>\n<p>&nbsp;<\/p>\n<p class=\"isSelectedEnd\"><strong>28 de septiembre de 2001<\/strong><\/p>\n<p class=\"isSelectedEnd\">El Rinc\u00f3n de la Victoria y La Cala del Moral sufrieron una gran inundaci\u00f3n tras un episodio de lluvias torrenciales en el que se llegaron a contabilizar <strong>181 litros por metro cuadrado<\/strong>.<\/p>\n<p>Os comparto el mapa de aquel d\u00eda, donde se aprecia perfectamente la vaguada que dio lugar a este episodio de fuertes precipitaciones.<\/p>\n<p>&nbsp;<\/p>\n<p><a href=\"http:\/\/blogs.diariosur.es\/tormentas-y-rayos\/wp-content\/uploads\/sites\/12\/2020\/09\/rincopn.jpg\"><img loading=\"lazy\" decoding=\"async\" class=\"aligncenter size-full wp-image-27919\" src=\"\/\/blogs.diariosur.es\/tormentas-y-rayos\/wp-content\/uploads\/sites\/12\/2020\/09\/rincopn.jpg\" alt=\"\" width=\"813\" height=\"552\" srcset=\"https:\/\/blogs.diariosur.es\/tormentas-y-rayos\/wp-content\/uploads\/sites\/12\/2020\/09\/rincopn.jpg 813w, https:\/\/blogs.diariosur.es\/tormentas-y-rayos\/wp-content\/uploads\/sites\/12\/2020\/09\/rincopn-589x400.jpg 589w, https:\/\/blogs.diariosur.es\/tormentas-y-rayos\/wp-content\/uploads\/sites\/12\/2020\/09\/rincopn-768x521.jpg 768w\" sizes=\"auto, (max-width: 813px) 100vw, 813px\" \/><\/a><\/p>\n<p>&nbsp;<\/p>\n<p><span style=\"color: #000000;\"><strong>\u00a0El 26 septiembre del a\u00f1o 2008<\/strong><\/span><\/p>\n<p class=\"isSelectedEnd\">Se registran intensas precipitaciones en la provincia de M\u00e1laga, con acumulados especialmente significativos: <strong>Oj\u00e9n alcanza los 206 l\/m\u00b2 e Ist\u00e1n los 135 l\/m\u00b2<\/strong>.<\/p>\n<p class=\"isSelectedEnd\">Este episodio est\u00e1 asociado al paso de una vaguada retr\u00f3grada que ha afectado a nuestra comunidad.<\/p>\n<p>Os adjunto el mapa de 500 hPa, donde puede apreciarse la configuraci\u00f3n atmosf\u00e9rica responsable de esta situaci\u00f3n.<\/p>\n<p>&nbsp;<\/p>\n<p><a href=\"http:\/\/blogs.diariosur.es\/tormentas-y-rayos\/wp-content\/uploads\/sites\/12\/2020\/09\/vaguada-retrograda.jpg\"><img loading=\"lazy\" decoding=\"async\" class=\"aligncenter size-full wp-image-27918\" src=\"\/\/blogs.diariosur.es\/tormentas-y-rayos\/wp-content\/uploads\/sites\/12\/2020\/09\/vaguada-retrograda.jpg\" alt=\"\" width=\"836\" height=\"523\" srcset=\"https:\/\/blogs.diariosur.es\/tormentas-y-rayos\/wp-content\/uploads\/sites\/12\/2020\/09\/vaguada-retrograda.jpg 836w, https:\/\/blogs.diariosur.es\/tormentas-y-rayos\/wp-content\/uploads\/sites\/12\/2020\/09\/vaguada-retrograda-640x400.jpg 640w, https:\/\/blogs.diariosur.es\/tormentas-y-rayos\/wp-content\/uploads\/sites\/12\/2020\/09\/vaguada-retrograda-768x480.jpg 768w\" sizes=\"auto, (max-width: 836px) 100vw, 836px\" \/><\/a><\/p>\n<p>&nbsp;<\/p>\n<p>&nbsp;<\/p>\n<p class=\"isSelectedEnd\">El <strong>28 de septiembre de 2012<\/strong> qued\u00f3 marcado como una de las jornadas meteorol\u00f3gicas m\u00e1s adversas de los \u00faltimos a\u00f1os en la provincia de M\u00e1laga.<\/p>\n<p class=\"isSelectedEnd\">Una DANA, acompa\u00f1ada por una intensa l\u00ednea de turbonada, provoc\u00f3 lluvias torrenciales que afectaron especialmente al interior de la provincia. En algunos puntos del Valle del Guadalhorce, as\u00ed como en Villanueva del Trabuco y Villanueva del Rosario, se llegaron a recoger alrededor de <strong>250 litros por metro cuadrado.<\/strong><\/p>\n<p class=\"isSelectedEnd\">La enorme cantidad de agua ca\u00edda en pocas horas hizo que numerosos arroyos y cauces aumentaran r\u00e1pidamente su caudal. El r\u00edo Guadalhorce se desbord\u00f3 en varios tramos, provocando importantes inundaciones y graves da\u00f1os en distintas localidades de la provincia.<\/p>\n<p class=\"isSelectedEnd\">Pero, por encima de los da\u00f1os materiales, aquella jornada dej\u00f3 una consecuencia mucho m\u00e1s dolorosa: tres personas perdieron la vida.<\/p>\n<p>Una vez m\u00e1s, la combinaci\u00f3n de una DANA y una l\u00ednea de turbonada demostr\u00f3 la extraordinaria violencia que pueden alcanzar los episodios de lluvias torrenciales en M\u00e1laga y, especialmente, la vulnerabilidad de las cuencas y peque\u00f1os cauces ante precipitaciones muy intensas concentradas en pocas horas.<\/p>\n<p>&nbsp;<\/p>\n<p><a href=\"https:\/\/blogs.diariosur.es\/tormentas-y-rayos\/wp-content\/uploads\/sites\/12\/2021\/09\/turbonada.png\"><img loading=\"lazy\" decoding=\"async\" class=\"aligncenter size-full wp-image-30952\" src=\"https:\/\/blogs.diariosur.es\/tormentas-y-rayos\/wp-content\/uploads\/sites\/12\/2021\/09\/turbonada.png\" alt=\"\" width=\"768\" height=\"512\" srcset=\"https:\/\/blogs.diariosur.es\/tormentas-y-rayos\/wp-content\/uploads\/sites\/12\/2021\/09\/turbonada.png 768w, https:\/\/blogs.diariosur.es\/tormentas-y-rayos\/wp-content\/uploads\/sites\/12\/2021\/09\/turbonada-600x400.png 600w\" sizes=\"auto, (max-width: 768px) 100vw, 768px\" \/><\/a><\/p>\n<p>&nbsp;<\/p>\n<p>Imagen de una de las calles afectadas en Villanueva del Rosario. C. Mart\u00edn<\/p>\n<p>&nbsp;<\/p>\n<p><a href=\"https:\/\/blogs.diariosur.es\/tormentas-y-rayos\/wp-content\/uploads\/sites\/12\/2022\/08\/vrosario-300x180.jpg\"><img loading=\"lazy\" decoding=\"async\" class=\"aligncenter size-full wp-image-34376\" src=\"https:\/\/blogs.diariosur.es\/tormentas-y-rayos\/wp-content\/uploads\/sites\/12\/2022\/08\/vrosario-300x180.jpg\" alt=\"\" width=\"300\" height=\"180\" \/><\/a><\/p>\n<p>&nbsp;<\/p>\n<p><span style=\"color: #000000;\"><strong>El 7 de septiembre del 2015<\/strong><\/span><\/p>\n<p>El Aeropuerto de M\u00e1laga registra en poco tiempo 52.9 litros. Inundaciones en Torre del Mar, Benamocarra, Frigiliana, y Algarrobo<\/p>\n<p>La culpable una vaguada retr\u00f3grada.<\/p>\n<p>&nbsp;<\/p>\n<p><a href=\"https:\/\/blogs.diariosur.es\/tormentas-y-rayos\/wp-content\/uploads\/sites\/12\/2022\/08\/vagu.png\"><img loading=\"lazy\" decoding=\"async\" class=\"aligncenter size-full wp-image-34375\" src=\"https:\/\/blogs.diariosur.es\/tormentas-y-rayos\/wp-content\/uploads\/sites\/12\/2022\/08\/vagu.png\" alt=\"\" width=\"768\" height=\"512\" srcset=\"https:\/\/blogs.diariosur.es\/tormentas-y-rayos\/wp-content\/uploads\/sites\/12\/2022\/08\/vagu.png 768w, https:\/\/blogs.diariosur.es\/tormentas-y-rayos\/wp-content\/uploads\/sites\/12\/2022\/08\/vagu-600x400.png 600w\" sizes=\"auto, (max-width: 768px) 100vw, 768px\" \/><\/a><\/p>\n<h2><\/h2>\n<p class=\"isSelectedEnd\">El 14 de septiembre de 2019, la AEMET activ\u00f3 el aviso rojo por fuertes lluvias en las comarcas de M\u00e1laga y el Valle del Guadalhorce, siendo esta \u00faltima una de las zonas m\u00e1s afectadas por el temporal.<\/p>\n<p class=\"isSelectedEnd\">Las precipitaciones fueron especialmente intensas durante la madrugada del d\u00eda 14, cuando se produjeron fuertes aguaceros que dejaron importantes acumulaciones de agua en numerosos puntos de la provincia. Tambi\u00e9n se registraron cantidades destacadas de precipitaci\u00f3n en el interior, especialmente en localidades como Antequera y Archidona.<\/p>\n<p class=\"isSelectedEnd\">El episodio estuvo provocado por una nueva DANA (Depresi\u00f3n Aislada en Niveles Altos), situada en las proximidades del Estrecho de Gibraltar, que favoreci\u00f3 una situaci\u00f3n de gran inestabilidad y la formaci\u00f3n de tormentas muy intensas.<\/p>\n<p>La madrugada del 14 concentr\u00f3 los momentos m\u00e1s adversos del episodio, con lluvias torrenciales que volvieron a poner el foco en el Valle del Guadalhorce y otras zonas de la provincia malague\u00f1a. Foto Diario Sur<\/p>\n<p>&nbsp;<\/p>\n<p><a href=\"https:\/\/blogs.diariosur.es\/tormentas-y-rayos\/wp-content\/uploads\/sites\/12\/2022\/08\/zz.png\"><img loading=\"lazy\" decoding=\"async\" class=\"aligncenter size-full wp-image-34378\" src=\"https:\/\/blogs.diariosur.es\/tormentas-y-rayos\/wp-content\/uploads\/sites\/12\/2022\/08\/zz.png\" alt=\"\" width=\"800\" height=\"444\" srcset=\"https:\/\/blogs.diariosur.es\/tormentas-y-rayos\/wp-content\/uploads\/sites\/12\/2022\/08\/zz.png 800w, https:\/\/blogs.diariosur.es\/tormentas-y-rayos\/wp-content\/uploads\/sites\/12\/2022\/08\/zz-640x355.png 640w, https:\/\/blogs.diariosur.es\/tormentas-y-rayos\/wp-content\/uploads\/sites\/12\/2022\/08\/zz-768x426.png 768w\" sizes=\"auto, (max-width: 800px) 100vw, 800px\" \/><\/a><\/p>\n<p>&nbsp;<\/p>\n<p>Os paso el mapa a 500 hpa .<\/p>\n<p>&nbsp;<\/p>\n<p><a href=\"http:\/\/blogs.diariosur.es\/tormentas-y-rayos\/wp-content\/uploads\/sites\/12\/2020\/09\/d.jpg\"><img loading=\"lazy\" decoding=\"async\" class=\"aligncenter size-full wp-image-27917\" src=\"\/\/blogs.diariosur.es\/tormentas-y-rayos\/wp-content\/uploads\/sites\/12\/2020\/09\/d.jpg\" alt=\"\" width=\"771\" height=\"514\" srcset=\"https:\/\/blogs.diariosur.es\/tormentas-y-rayos\/wp-content\/uploads\/sites\/12\/2020\/09\/d.jpg 771w, https:\/\/blogs.diariosur.es\/tormentas-y-rayos\/wp-content\/uploads\/sites\/12\/2020\/09\/d-600x400.jpg 600w, https:\/\/blogs.diariosur.es\/tormentas-y-rayos\/wp-content\/uploads\/sites\/12\/2020\/09\/d-768x512.jpg 768w\" sizes=\"auto, (max-width: 771px) 100vw, 771px\" \/><\/a><\/p>\n<p>&nbsp;<\/p>\n<p class=\"isSelectedEnd\">El <strong>2 de septiembre de 2023<\/strong>, una DANA situada en las proximidades del cabo de San Vicente favoreci\u00f3 una situaci\u00f3n de marcada inestabilidad atmosf\u00e9rica en la provincia de M\u00e1laga.<\/p>\n<p class=\"isSelectedEnd\">La jornada dej\u00f3 fuertes lluvias en distintos puntos de la Axarqu\u00eda, mientras que en la costa occidental malague\u00f1a la inestabilidad tambi\u00e9n se hizo notar. En Torremolinos lleg\u00f3 a formarse una tromba marina, uno de los fen\u00f3menos m\u00e1s llamativos de aquel episodio.<\/p>\n<p>Os dejo como recuerdo de aquella jornada una fotograf\u00eda y un v\u00eddeo de mi amiga Carolina Fojo, en los que se puede apreciar la situaci\u00f3n, junto con el mapa de 500 hPa y superficie correspondiente a ese d\u00eda, que ayuda a entender la configuraci\u00f3n atmosf\u00e9rica que dio lugar a este episodio.<\/p>\n<p><a href=\"https:\/\/blogs.diariosur.es\/tormentas-y-rayos\/wp-content\/uploads\/sites\/12\/2023\/09\/373311184_10227502684491705_363688701232544385_n-e1693684859877.jpg\"><img loading=\"lazy\" decoding=\"async\" class=\"aligncenter size-full wp-image-38244\" src=\"https:\/\/blogs.diariosur.es\/tormentas-y-rayos\/wp-content\/uploads\/sites\/12\/2023\/09\/373311184_10227502684491705_363688701232544385_n-e1693684859877.jpg\" alt=\"\" width=\"600\" height=\"1067\" \/><\/a><\/p>\n<p>&nbsp;<\/p>\n<p><iframe loading=\"lazy\" title=\"YouTube video player\" src=\"https:\/\/www.youtube.com\/embed\/HUZi3_mifKo?si=OvXoc8NzdISiJSff\" width=\"560\" height=\"315\" frameborder=\"0\" allowfullscreen=\"allowfullscreen\" data-mce-fragment=\"1\"><\/iframe><\/p>\n<p>&nbsp;<\/p>\n<p><a href=\"https:\/\/blogs.diariosur.es\/tormentas-y-rayos\/wp-content\/uploads\/sites\/12\/2023\/09\/tromba.png\"><img loading=\"lazy\" decoding=\"async\" class=\"aligncenter size-full wp-image-41676\" src=\"https:\/\/blogs.diariosur.es\/tormentas-y-rayos\/wp-content\/uploads\/sites\/12\/2023\/09\/tromba.png\" alt=\"\" width=\"768\" height=\"512\" srcset=\"https:\/\/blogs.diariosur.es\/tormentas-y-rayos\/wp-content\/uploads\/sites\/12\/2023\/09\/tromba.png 768w, https:\/\/blogs.diariosur.es\/tormentas-y-rayos\/wp-content\/uploads\/sites\/12\/2023\/09\/tromba-600x400.png 600w\" sizes=\"auto, (max-width: 768px) 100vw, 768px\" \/><\/a><\/p>\n<p>&nbsp;<\/p>\n<p>&nbsp;<\/p>\n<p><a href=\"https:\/\/blogs.diariosur.es\/tormentas-y-rayos\/wp-content\/uploads\/sites\/12\/2026\/08\/aaaaaaa-e1788196051451.jpg\"><img loading=\"lazy\" decoding=\"async\" class=\"aligncenter size-full wp-image-51235\" src=\"https:\/\/blogs.diariosur.es\/tormentas-y-rayos\/wp-content\/uploads\/sites\/12\/2026\/08\/aaaaaaa-e1788196051451.jpg\" alt=\"\" width=\"1200\" height=\"800\" \/><\/a><\/p>\n<p>&nbsp;<\/p>\n<p class=\"isSelectedEnd\">Y si hab\u00e9is llegado leyendo hasta aqu\u00ed, much\u00edsimas gracias, amigos de la meteo. \u00a0S\u00e9 que hoy me he alargado un poquito, pero hab\u00eda mucho que contar. Espero que os haya resultado interesante y que hay\u00e1is disfrutado de la lectura.<\/p>\n<p class=\"isSelectedEnd\">Como siempre, gracias por estar ah\u00ed, por leerme y por compartir conmigo esta pasi\u00f3n por la meteorolog\u00eda.<\/p>\n<p class=\"isSelectedEnd\">Y me despido con un refr\u00e1n muy nuestro y perfecto para este mes:<\/p>\n<p><strong>Septiembre, o seca las fuentes o arrastra los puentes.<\/strong><\/p>\n","protected":false},"excerpt":{"rendered":"<p>&nbsp; Buenos d\u00edas, amigos de la meteo. Como todos los a\u00f1os por estas fechas, vuelvo a publicar este post pensando especialmente en los nuevos seguidores que llevan poco tiempo ley\u00e9ndome. Septiembre es un mes que forma parte de la historia meteorol\u00f3gica de M\u00e1laga por sus grandes inundaciones y sus consecuencias. De hecho, durante este mes [&hellip;]<\/p>\n","protected":false},"author":16,"featured_media":51233,"comment_status":"open","ping_status":"open","sticky":false,"template":"","format":"standard","meta":{"footnotes":""},"categories":[2],"tags":[307,515,587,2161,907,2160],"class_list":["post-51230","post","type-post","status-publish","format-standard","has-post-thumbnail","hentry","category-sin-categoria","tag-dana","tag-inundaciones","tag-malaga","tag-mortales","tag-septiembre","tag-victimas"],"_links":{"self":[{"href":"https:\/\/blogs.diariosur.es\/tormentas-y-rayos\/wp-json\/wp\/v2\/posts\/51230","targetHints":{"allow":["GET"]}}],"collection":[{"href":"https:\/\/blogs.diariosur.es\/tormentas-y-rayos\/wp-json\/wp\/v2\/posts"}],"about":[{"href":"https:\/\/blogs.diariosur.es\/tormentas-y-rayos\/wp-json\/wp\/v2\/types\/post"}],"author":[{"embeddable":true,"href":"https:\/\/blogs.diariosur.es\/tormentas-y-rayos\/wp-json\/wp\/v2\/users\/16"}],"replies":[{"embeddable":true,"href":"https:\/\/blogs.diariosur.es\/tormentas-y-rayos\/wp-json\/wp\/v2\/comments?post=51230"}],"version-history":[{"count":7,"href":"https:\/\/blogs.diariosur.es\/tormentas-y-rayos\/wp-json\/wp\/v2\/posts\/51230\/revisions"}],"predecessor-version":[{"id":51240,"href":"https:\/\/blogs.diariosur.es\/tormentas-y-rayos\/wp-json\/wp\/v2\/posts\/51230\/revisions\/51240"}],"wp:featuredmedia":[{"embeddable":true,"href":"https:\/\/blogs.diariosur.es\/tormentas-y-rayos\/wp-json\/wp\/v2\/media\/51233"}],"wp:attachment":[{"href":"https:\/\/blogs.diariosur.es\/tormentas-y-rayos\/wp-json\/wp\/v2\/media?parent=51230"}],"wp:term":[{"taxonomy":"category","embeddable":true,"href":"https:\/\/blogs.diariosur.es\/tormentas-y-rayos\/wp-json\/wp\/v2\/categories?post=51230"},{"taxonomy":"post_tag","embeddable":true,"href":"https:\/\/blogs.diariosur.es\/tormentas-y-rayos\/wp-json\/wp\/v2\/tags?post=51230"}],"curies":[{"name":"wp","href":"https:\/\/api.w.org\/{rel}","templated":true}]}}