{"id":51241,"date":"2026-09-02T07:55:43","date_gmt":"2026-09-02T05:55:43","guid":{"rendered":"https:\/\/blogs.diariosur.es\/tormentas-y-rayos\/?p=51241"},"modified":"2026-09-02T07:55:43","modified_gmt":"2026-09-02T05:55:43","slug":"como-ha-sido-el-mes-de-agosto-en-el-ultimo-medio-siglo-en-malaga-estas-son-las-veces-con-mas-de-40c","status":"publish","type":"post","link":"https:\/\/blogs.diariosur.es\/tormentas-y-rayos\/2026\/09\/02\/como-ha-sido-el-mes-de-agosto-en-el-ultimo-medio-siglo-en-malaga-estas-son-las-veces-con-mas-de-40c\/","title":{"rendered":"\u00bfC\u00f3mo ha sido el mes de agosto en el \u00faltimo medio siglo en M\u00e1laga? Est\u00e1s son las veces con m\u00e1s de 40\u00b0C"},"content":{"rendered":"<p><a href=\"https:\/\/blogs.diariosur.es\/tormentas-y-rayos\/wp-content\/uploads\/sites\/12\/2026\/08\/704992523_10238053917425934_1235607868136934092_n.jpg\"><img loading=\"lazy\" decoding=\"async\" class=\"aligncenter size-medium wp-image-51203\" src=\"https:\/\/blogs.diariosur.es\/tormentas-y-rayos\/wp-content\/uploads\/sites\/12\/2026\/08\/704992523_10238053917425934_1235607868136934092_n-400x400.jpg\" alt=\"\" width=\"400\" height=\"400\" srcset=\"https:\/\/blogs.diariosur.es\/tormentas-y-rayos\/wp-content\/uploads\/sites\/12\/2026\/08\/704992523_10238053917425934_1235607868136934092_n-400x400.jpg 400w, https:\/\/blogs.diariosur.es\/tormentas-y-rayos\/wp-content\/uploads\/sites\/12\/2026\/08\/704992523_10238053917425934_1235607868136934092_n-408x408.jpg 408w, https:\/\/blogs.diariosur.es\/tormentas-y-rayos\/wp-content\/uploads\/sites\/12\/2026\/08\/704992523_10238053917425934_1235607868136934092_n-150x150.jpg 150w, https:\/\/blogs.diariosur.es\/tormentas-y-rayos\/wp-content\/uploads\/sites\/12\/2026\/08\/704992523_10238053917425934_1235607868136934092_n-768x768.jpg 768w, https:\/\/blogs.diariosur.es\/tormentas-y-rayos\/wp-content\/uploads\/sites\/12\/2026\/08\/704992523_10238053917425934_1235607868136934092_n.jpg 1086w\" sizes=\"auto, (max-width: 400px) 100vw, 400px\" \/><\/a><\/p>\n<p>&nbsp;<\/p>\n<p class=\"isSelectedEnd\">Buenos d\u00edas, amigos de la meteo.<\/p>\n<p class=\"isSelectedEnd\">Comenzamos este mi\u00e9rcoles con una madrugada muy c\u00e1lida en M\u00e1laga capital. A las 7:00 de la ma\u00f1ana, mi estaci\u00f3n meteorol\u00f3gica registraba 25 \u00b0C, con una humedad relativa del 89 % y presencia de polvo en suspensi\u00f3n.<\/p>\n<p class=\"isSelectedEnd\">Hace un rato que me he duchado y, una ma\u00f1ana m\u00e1s, el sudor vuelve a ser protagonista. Con esta combinaci\u00f3n de temperatura y humedad, la sensaci\u00f3n de bochorno es importante desde primera hora.<\/p>\n<p class=\"isSelectedEnd\">Por otro lado, la temperatura del agua del mar contin\u00faa subiendo poco a poco. Es probable que de cara al viernes y al fin de semana ronde ya los 22 \u00b0C.<\/p>\n<p>En cuanto a la jornada de ayer, la temperatura m\u00e1xima en M\u00e1laga capital se registr\u00f3 en el Centro Meteorol\u00f3gico de Teatinos, alcanzando los 31,4 \u00b0C. En el momento de la m\u00e1xima, la humedad relativa rondaba el 69 %, dejando nuevamente un ambiente bastante h\u00famedo y caluroso. En definitiva, arrancamos septiembre con calor, mucha humedad y ambiente bochornoso en M\u00e1laga. La plasta malague\u00f1a es nuevamente protagonista<\/p>\n<h3><span style=\"color: #000000;\"><strong>\u00a0Est\u00e1s son las veces con m\u00e1s de 40\u00b0C<\/strong><\/span><\/h3>\n<p class=\"isSelectedEnd\">Muchos me hab\u00e9is preguntado cu\u00e1ntas veces hemos alcanzado o superado los <strong>40 \u00b0C <\/strong>durante un mes de agosto.<\/p>\n<p class=\"isSelectedEnd\">Para responder a esta pregunta, he realizado un an\u00e1lisis de los registros, dividi\u00e9ndolos en dos periodos: <strong>1974-1999<\/strong> y <strong>2000-2026<\/strong>. De esta forma podemos comparar con mayor claridad c\u00f3mo ha evolucionado la frecuencia de estos episodios de calor extremo.<\/p>\n<p class=\"isSelectedEnd\">En el gr\u00e1fico, ambos periodos aparecen diferenciados en <strong>azul y rojo<\/strong> para facilitar la comparaci\u00f3n.<\/p>\n<p>Fuente: AEMET.<\/p>\n<h3>Periodo 1974-1999 mes de agosto<\/h3>\n<p><span style=\"color: #0000ff;\"><strong>En este periodo solo en 6 ocasiones se alcanzaron o superaron los 40 \u00baC.<\/strong><\/span><\/p>\n<h3>Periodo de 2000 a 2026 mes de agosto<\/h3>\n<p><strong><span style=\"color: #ff0000;\">En este periodo en 20 ocasiones s\u00ed se alcanzaron o superaron los 40 \u00baC.<\/span><\/strong><\/p>\n<p>&nbsp;<\/p>\n<p><a href=\"https:\/\/blogs.diariosur.es\/tormentas-y-rayos\/wp-content\/uploads\/sites\/12\/2026\/08\/medias-de-agosto-e1788327934743.jpg\"><img loading=\"lazy\" decoding=\"async\" class=\"aligncenter size-full wp-image-51248\" src=\"https:\/\/blogs.diariosur.es\/tormentas-y-rayos\/wp-content\/uploads\/sites\/12\/2026\/08\/medias-de-agosto-e1788327934743.jpg\" alt=\"\" width=\"1200\" height=\"670\" \/><\/a><\/p>\n<h3><\/h3>\n<h3><span style=\"color: #ff00ff;\"><strong>\u00bfC\u00f3mo ha sido el mes de agosto en el \u00faltimo medio siglo en M\u00e1laga?<\/strong><\/span><\/h3>\n<p>El mes de agosto de 2026 en M\u00e1laga capital ha sido el quinto agosto m\u00e1s c\u00e1lido desde que existen registros en el Aeropuerto de M\u00e1laga, con una temperatura media de 28 \u00b0C, <strong>pendiente de confirmar<\/strong>.<\/p>\n<p>Os comparto una serie hist\u00f3rica de temperaturas correspondiente a los \u00faltimos 53 a\u00f1os, en la que se muestra la evoluci\u00f3n de la temperatura media y, especialmente, de las medias de las temperaturas m\u00e1ximas y m\u00ednimas registradas durante este periodo.<\/p>\n<h3><strong>Temperatura media<\/strong><\/h3>\n<p>&nbsp;<\/p>\n<p><a href=\"https:\/\/blogs.diariosur.es\/tormentas-y-rayos\/wp-content\/uploads\/sites\/12\/2026\/09\/media-de-agosto-e1788280511797.jpg\"><img loading=\"lazy\" decoding=\"async\" class=\"aligncenter size-full wp-image-51244\" src=\"https:\/\/blogs.diariosur.es\/tormentas-y-rayos\/wp-content\/uploads\/sites\/12\/2026\/09\/media-de-agosto-e1788280511797.jpg\" alt=\"\" width=\"1200\" height=\"658\" \/><\/a><\/p>\n<p>&nbsp;<\/p>\n<h3><strong>Temperatura media de las m\u00e1ximas<\/strong><\/h3>\n<p class=\"isSelectedEnd\">En la \u00faltima d\u00e9cada se observa una clara tendencia hacia temperaturas estivales m\u00e1s elevadas. Las m\u00e1ximas superan cada vez con mayor frecuencia los <strong>30 \u00baC e incluso los 33 \u00baC<\/strong>, alcanz\u00e1ndose estos valores tambi\u00e9n en jornadas con viento de levante, que tradicionalmente contribu\u00eda a moderar las temperaturas en las zonas costeras.<\/p>\n<p>Uno de los factores que puede estar reduciendo este efecto refrescante es el <strong>progresivo calentamiento del mar<\/strong>. Cuando la temperatura superficial del agua es m\u00e1s elevada, la masa de aire mar\u00edtimo que llega a tierra parte tambi\u00e9n de unas condiciones t\u00e9rmicas m\u00e1s altas y, por tanto, su capacidad para suavizar las temperaturas disminuye.<\/p>\n<p>&nbsp;<\/p>\n<p><a href=\"https:\/\/blogs.diariosur.es\/tormentas-y-rayos\/wp-content\/uploads\/sites\/12\/2026\/09\/evolucion_temperatura_media_maximas_agosto_1974_2026_estilo_referencia-3-scaled-e1788280561489.jpg\"><img loading=\"lazy\" decoding=\"async\" class=\"aligncenter size-full wp-image-51245\" src=\"https:\/\/blogs.diariosur.es\/tormentas-y-rayos\/wp-content\/uploads\/sites\/12\/2026\/09\/evolucion_temperatura_media_maximas_agosto_1974_2026_estilo_referencia-3-scaled-e1788280561489.jpg\" alt=\"\" width=\"1200\" height=\"590\" \/><\/a><\/p>\n<h3><\/h3>\n<h3><strong>Temperatura media de las m\u00ednimas<\/strong><\/h3>\n<p class=\"isSelectedEnd\">Y no solo est\u00e1n aumentando las temperaturas m\u00e1ximas. Tambi\u00e9n lo est\u00e1n haciendo, y de forma muy clara, las temperaturas m\u00ednimas.<\/p>\n<p class=\"isSelectedEnd\">Desde hace unos 15 a\u00f1os vemos c\u00f3mo las noches tropicales son cada vez m\u00e1s frecuentes y c\u00f3mo incluso empiezan a repetirse las noches t\u00f3rridas, en las que apenas refresca.<\/p>\n<p class=\"isSelectedEnd\">El calentamiento del mar tambi\u00e9n tiene mucho que ver. Un Mediterr\u00e1neo m\u00e1s c\u00e1lido libera calor durante la noche y dificulta que bajen las temperaturas, haciendo que las m\u00ednimas sean cada vez m\u00e1s altas.<\/p>\n<p class=\"isSelectedEnd\">Os comparto una gr\u00e1fica con la evoluci\u00f3n de la temperatura media de las m\u00ednimas.<\/p>\n<p>La tendencia habla por s\u00ed sola. Impresionante.<\/p>\n<p><a href=\"https:\/\/blogs.diariosur.es\/tormentas-y-rayos\/wp-content\/uploads\/sites\/12\/2026\/09\/evolucion_temperatura_media_minimas_agosto_1974_2026-scaled-e1788280612179.jpg\"><img loading=\"lazy\" decoding=\"async\" class=\"aligncenter size-full wp-image-51246\" src=\"https:\/\/blogs.diariosur.es\/tormentas-y-rayos\/wp-content\/uploads\/sites\/12\/2026\/09\/evolucion_temperatura_media_minimas_agosto_1974_2026-scaled-e1788280612179.jpg\" alt=\"\" width=\"1200\" height=\"545\" \/><\/a><\/p>\n<p>&nbsp;<\/p>\n<p>Os dejo hasta ma\u00f1ana con el post que publiqu\u00e9 ayer. Me parece muy interesante y espero que a vosotros tambi\u00e9n.<\/p>\n<h3 class=\"voc-blogs-section\"><a href=\"https:\/\/blogs.diariosur.es\/tormentas-y-rayos\/2026\/09\/01\/septiembre-el-mes-con-mas-inundaciones-y-victimas-mortales-en-malaga-y-su-provincia-desde-el-siglo-xvi\/\">Septiembre, el mes con m\u00e1s inundaciones y v\u00edctimas mortales en M\u00e1laga y su provincia desde el siglo XVI<\/a><\/h3>\n","protected":false},"excerpt":{"rendered":"<p>&nbsp; Buenos d\u00edas, amigos de la meteo. Comenzamos este mi\u00e9rcoles con una madrugada muy c\u00e1lida en M\u00e1laga capital. A las 7:00 de la ma\u00f1ana, mi estaci\u00f3n meteorol\u00f3gica registraba 25 \u00b0C, con una humedad relativa del 89 % y presencia de polvo en suspensi\u00f3n. Hace un rato que me he duchado y, una ma\u00f1ana m\u00e1s, el [&hellip;]<\/p>\n","protected":false},"author":16,"featured_media":51248,"comment_status":"open","ping_status":"open","sticky":false,"template":"","format":"standard","meta":{"footnotes":""},"categories":[2],"tags":[50,1724,2162,1953,961],"class_list":["post-51241","post","type-post","status-publish","format-standard","has-post-thumbnail","hentry","category-sin-categoria","tag-agosto","tag-media","tag-medio","tag-siglo","tag-temperatura"],"_links":{"self":[{"href":"https:\/\/blogs.diariosur.es\/tormentas-y-rayos\/wp-json\/wp\/v2\/posts\/51241","targetHints":{"allow":["GET"]}}],"collection":[{"href":"https:\/\/blogs.diariosur.es\/tormentas-y-rayos\/wp-json\/wp\/v2\/posts"}],"about":[{"href":"https:\/\/blogs.diariosur.es\/tormentas-y-rayos\/wp-json\/wp\/v2\/types\/post"}],"author":[{"embeddable":true,"href":"https:\/\/blogs.diariosur.es\/tormentas-y-rayos\/wp-json\/wp\/v2\/users\/16"}],"replies":[{"embeddable":true,"href":"https:\/\/blogs.diariosur.es\/tormentas-y-rayos\/wp-json\/wp\/v2\/comments?post=51241"}],"version-history":[{"count":13,"href":"https:\/\/blogs.diariosur.es\/tormentas-y-rayos\/wp-json\/wp\/v2\/posts\/51241\/revisions"}],"predecessor-version":[{"id":51260,"href":"https:\/\/blogs.diariosur.es\/tormentas-y-rayos\/wp-json\/wp\/v2\/posts\/51241\/revisions\/51260"}],"wp:featuredmedia":[{"embeddable":true,"href":"https:\/\/blogs.diariosur.es\/tormentas-y-rayos\/wp-json\/wp\/v2\/media\/51248"}],"wp:attachment":[{"href":"https:\/\/blogs.diariosur.es\/tormentas-y-rayos\/wp-json\/wp\/v2\/media?parent=51241"}],"wp:term":[{"taxonomy":"category","embeddable":true,"href":"https:\/\/blogs.diariosur.es\/tormentas-y-rayos\/wp-json\/wp\/v2\/categories?post=51241"},{"taxonomy":"post_tag","embeddable":true,"href":"https:\/\/blogs.diariosur.es\/tormentas-y-rayos\/wp-json\/wp\/v2\/tags?post=51241"}],"curies":[{"name":"wp","href":"https:\/\/api.w.org\/{rel}","templated":true}]}}