{"id":5143,"date":"2013-02-28T10:45:21","date_gmt":"2013-02-28T09:45:21","guid":{"rendered":"http:\/\/blogs.diariosur.es\/tormentas-y-rayos\/?p=5143"},"modified":"2023-02-28T06:53:20","modified_gmt":"2023-02-28T05:53:20","slug":"impresionante-nevada-en-malaga-fuente-de-la-yedra-fotos-y-video","status":"publish","type":"post","link":"https:\/\/blogs.diariosur.es\/tormentas-y-rayos\/2013\/02\/28\/impresionante-nevada-en-malaga-fuente-de-la-yedra-fotos-y-video\/","title":{"rendered":"IMPRESIONANTE NEVADA EN M\u00c1LAGA.  (FUENTE DE LA YEDRA) ! FOTOS Y VIDEO!"},"content":{"rendered":"<p><strong>Buenos dias amigos de la meteo. Son las doce del mediodia, registro 11 grados y los cielos est\u00e1n nubosos.<\/strong><\/p>\n<p>Cuando salimos del Corte Ingl\u00e9s a las dos de la madrugada todos los compa\u00f1eros, despu\u00e9s de terminar el balance, me vine para la casa y ni me cambi\u00e9\u00a0de ropa, no era plan de perder el tiempo. As\u00ed que me fui con traje y corbata a cazar la nieve y en una bolsa eche una zapatillas de deportes jejeje. Mire el radar sobre las dos de la ma\u00f1ana y vi la l\u00ednea\u00a0de turbonada que entraba por el oeste de la provincia, corriendo cog\u00ed el coche y tire para Casabermeja. Al llegar al pueblo sobre las tres de la ma\u00f1ana, la temperatura era de 2 grados, ca\u00eda agua nieve y rel\u00e1mpagos acompa\u00f1ados de truenos eran continuos.<\/p>\n<p>Le eche valor y me fui para lo alto de las pedrizas, a dos kil\u00f3metros de la Fuente de la Yedra la nevada era impresionante y los copos eran enormes. Como no ve\u00eda absolutamente nada me pare en el arc\u00e9n de la autov\u00eda con los intermitentes encendidos, os aseguro\u00a0que estaba acojonao. Menos mal que un hombre paro con un todoterreno, se acerc\u00f3\u00a0al coche al verme parado en la autov\u00eda y me pregunt\u00f3\u00a0si necesitaba ayuda, claro esta, le dije que si. Cuando me vio pensar\u00eda que vendr\u00eda de una boda. Me dijo que me fuera detr\u00e1s\u00a0de \u00e9l y me llev\u00f3\u00a0al restaurante hotel donde esta la Fuente de la Yedra. Espere que el temporal pasase y disfrute de mi primera nevada en directo con<strong> 53 a\u00f1os<\/strong>. Si amigos, he visto muchas veces la nieve, pero ver nevar fue la primera vez.<\/p>\n<p>El pedazo de bocadillo de zurrapa con un caf\u00e9 con leche me sent\u00f3 estupendamente a las cinco de la ma\u00f1ana, disfrutando de mi primera nevada. El camarero alucinaba conmigo vi\u00e9ndome con el traje y nev\u00e1ndome. M\u00e1s tarde, el camarero me dijo que la persona que me ayudo a llegar al hotel era un guardia civil de Antequera. Siempre estar\u00e9 agradecido a este se\u00f1or.<\/p>\n<p>Sobre las ocho de la ma\u00f1ana lleg\u00f3\u00a0mi amigo David Mancebo\u2069 con su novia, alucinaban cuando vieron tanta nieve, y mas yo, al ver el paisaje con las primeras luces del amanecer.<\/p>\n<p>Mi amigo Fernando Gonz\u00e1lez ( Fefe ) del Diario Sur me llamo al m\u00f3vil sobre las nueve de la ma\u00f1ana y me comento que en M\u00e1laga capital hab\u00eda ca\u00eddo una granizada a las seis. Sobre las nueve y media tir\u00e9 para M\u00e1laga, el techo del coche lleno de nieve llego hasta la entrada de M\u00e1laga capital.<\/p>\n<p><strong>\u00a0No os aburro mas y vamos primero con el video, en el cual se escucha la tormenta.<\/strong><\/p>\n<p><iframe loading=\"lazy\" src=\"\/\/www.youtube.com\/embed\/zHXvLBgjsYE\" width=\"640\" height=\"360\" frameborder=\"0\" allowfullscreen=\"allowfullscreen\"><\/iframe><\/p>\n<p>&nbsp;<\/p>\n<p>&nbsp;<\/p>\n<p>&nbsp;<\/p>\n<p>&nbsp;<\/p>\n<p>&nbsp;<\/p>\n<p><a href=\"https:\/\/blogs.diariosur.es\/tormentas-y-rayos\/2013\/02\/28\/impresionante-nevada-en-malaga-fuente-de-la-yedra-fotos-y-video\/olympus-digital-camera-1149\/\" rel=\"attachment wp-att-5144\"><img loading=\"lazy\" class=\"aligncenter size-full wp-image-5144\" src=\"\/tormentas-y-rayos\/wp-content\/uploads\/sites\/12\/2013\/02\/31.jpg\" alt=\"\" width=\"680\" height=\"510\" srcset=\"https:\/\/static-blogs.diariosur.es\/wp-content\/uploads\/sites\/12\/2013\/02\/31.jpg 680w, https:\/\/static-blogs.diariosur.es\/wp-content\/uploads\/sites\/12\/2013\/02\/31-533x400.jpg 533w\" sizes=\"(max-width: 680px) 100vw, 680px\" \/><\/a><\/p>\n<p>&nbsp;<\/p>\n<p><a href=\"https:\/\/blogs.diariosur.es\/tormentas-y-rayos\/2013\/02\/28\/impresionante-nevada-en-malaga-fuente-de-la-yedra-fotos-y-video\/olympus-digital-camera-1150\/\" rel=\"attachment wp-att-5145\"><img loading=\"lazy\" class=\"aligncenter size-full wp-image-5145\" src=\"\/tormentas-y-rayos\/wp-content\/uploads\/sites\/12\" alt=\"\" width=\"680\" height=\"510\" \/><\/a><\/p>\n<p>&nbsp;<\/p>\n<p><a href=\"https:\/\/blogs.diariosur.es\/tormentas-y-rayos\/2013\/02\/28\/impresionante-nevada-en-malaga-fuente-de-la-yedra-fotos-y-video\/olympus-digital-camera-1151\/\" rel=\"attachment wp-att-5146\"><img loading=\"lazy\" class=\"aligncenter size-full wp-image-5146\" src=\"\/tormentas-y-rayos\/wp-content\/uploads\/sites\/12\" alt=\"\" width=\"680\" height=\"510\" \/><\/a><\/p>\n<p>&nbsp;<\/p>\n<p><a href=\"https:\/\/blogs.diariosur.es\/tormentas-y-rayos\/2013\/02\/28\/impresionante-nevada-en-malaga-fuente-de-la-yedra-fotos-y-video\/olympus-digital-camera-1152\/\" rel=\"attachment wp-att-5147\"><img loading=\"lazy\" class=\"aligncenter size-full wp-image-5147\" src=\"\/tormentas-y-rayos\/wp-content\/uploads\/sites\/12\/2013\/02\/61.jpg\" alt=\"\" width=\"680\" height=\"510\" srcset=\"https:\/\/static-blogs.diariosur.es\/wp-content\/uploads\/sites\/12\/2013\/02\/61.jpg 680w, https:\/\/static-blogs.diariosur.es\/wp-content\/uploads\/sites\/12\/2013\/02\/61-533x400.jpg 533w\" sizes=\"(max-width: 680px) 100vw, 680px\" \/><\/a><\/p>\n<p>&nbsp;<\/p>\n<p><a href=\"https:\/\/blogs.diariosur.es\/tormentas-y-rayos\/2013\/02\/28\/impresionante-nevada-en-malaga-fuente-de-la-yedra-fotos-y-video\/olympus-digital-camera-1153\/\" rel=\"attachment wp-att-5148\"><img loading=\"lazy\" class=\"aligncenter size-full wp-image-5148\" src=\"\/tormentas-y-rayos\/wp-content\/uploads\/sites\/12\" alt=\"\" width=\"680\" height=\"510\" \/><\/a><\/p>\n<p>&nbsp;<\/p>\n<p><a href=\"https:\/\/blogs.diariosur.es\/tormentas-y-rayos\/2013\/02\/28\/impresionante-nevada-en-malaga-fuente-de-la-yedra-fotos-y-video\/olympus-digital-camera-1154\/\" rel=\"attachment wp-att-5149\"><img loading=\"lazy\" class=\"aligncenter size-full wp-image-5149\" src=\"\/tormentas-y-rayos\/wp-content\/uploads\/sites\/12\" alt=\"\" width=\"680\" height=\"510\" \/><\/a><\/p>\n<p>&nbsp;<\/p>\n<p><a href=\"https:\/\/blogs.diariosur.es\/tormentas-y-rayos\/2013\/02\/28\/impresionante-nevada-en-malaga-fuente-de-la-yedra-fotos-y-video\/olympus-digital-camera-1155\/\" rel=\"attachment wp-att-5150\"><img loading=\"lazy\" class=\"aligncenter size-full wp-image-5150\" src=\"\/tormentas-y-rayos\/wp-content\/uploads\/sites\/12\" alt=\"\" width=\"680\" height=\"510\" \/><\/a><\/p>\n<p><a href=\"https:\/\/blogs.diariosur.es\/tormentas-y-rayos\/2013\/02\/28\/impresionante-nevada-en-malaga-fuente-de-la-yedra-fotos-y-video\/olympus-digital-camera-1156\/\" rel=\"attachment wp-att-5151\"><img loading=\"lazy\" class=\"aligncenter size-full wp-image-5151\" src=\"\/tormentas-y-rayos\/wp-content\/uploads\/sites\/12\/2013\/02\/10.jpg\" alt=\"\" width=\"680\" height=\"510\" srcset=\"https:\/\/static-blogs.diariosur.es\/wp-content\/uploads\/sites\/12\/2013\/02\/10.jpg 680w, https:\/\/static-blogs.diariosur.es\/wp-content\/uploads\/sites\/12\/2013\/02\/10-533x400.jpg 533w\" sizes=\"(max-width: 680px) 100vw, 680px\" \/><\/a><\/p>\n<p>&nbsp;<\/p>\n<p><a href=\"https:\/\/blogs.diariosur.es\/tormentas-y-rayos\/2013\/02\/28\/impresionante-nevada-en-malaga-fuente-de-la-yedra-fotos-y-video\/olympus-digital-camera-1157\/\" rel=\"attachment wp-att-5152\"><img loading=\"lazy\" class=\"aligncenter size-full wp-image-5152\" src=\"\/tormentas-y-rayos\/wp-content\/uploads\/sites\/12\/2013\/02\/11.jpg\" alt=\"\" width=\"680\" height=\"510\" srcset=\"https:\/\/static-blogs.diariosur.es\/wp-content\/uploads\/sites\/12\/2013\/02\/11.jpg 680w, https:\/\/static-blogs.diariosur.es\/wp-content\/uploads\/sites\/12\/2013\/02\/11-533x400.jpg 533w\" sizes=\"(max-width: 680px) 100vw, 680px\" \/><\/a><\/p>\n<p>&nbsp;<\/p>\n<p><a href=\"https:\/\/blogs.diariosur.es\/tormentas-y-rayos\/2013\/02\/28\/impresionante-nevada-en-malaga-fuente-de-la-yedra-fotos-y-video\/olympus-digital-camera-1158\/\" rel=\"attachment wp-att-5153\"><img loading=\"lazy\" class=\"aligncenter size-full wp-image-5153\" src=\"\/tormentas-y-rayos\/wp-content\/uploads\/sites\/12\/2013\/02\/12.jpg\" alt=\"\" width=\"680\" height=\"510\" srcset=\"https:\/\/static-blogs.diariosur.es\/wp-content\/uploads\/sites\/12\/2013\/02\/12.jpg 680w, https:\/\/static-blogs.diariosur.es\/wp-content\/uploads\/sites\/12\/2013\/02\/12-533x400.jpg 533w\" sizes=\"(max-width: 680px) 100vw, 680px\" \/><\/a><\/p>\n<p><a href=\"https:\/\/blogs.diariosur.es\/tormentas-y-rayos\/2013\/02\/28\/impresionante-nevada-en-malaga-fuente-de-la-yedra-fotos-y-video\/olympus-digital-camera-1159\/\" rel=\"attachment wp-att-5154\"><img loading=\"lazy\" class=\"aligncenter size-full wp-image-5154\" src=\"\/tormentas-y-rayos\/wp-content\/uploads\/sites\/12\/2013\/02\/13.jpg\" alt=\"\" width=\"680\" height=\"510\" srcset=\"https:\/\/static-blogs.diariosur.es\/wp-content\/uploads\/sites\/12\/2013\/02\/13.jpg 680w, https:\/\/static-blogs.diariosur.es\/wp-content\/uploads\/sites\/12\/2013\/02\/13-533x400.jpg 533w\" sizes=\"(max-width: 680px) 100vw, 680px\" \/><\/a><\/p>\n","protected":false},"excerpt":{"rendered":"<p>Buenos dias amigos de la meteo. Son las doce del mediodia, registro 11 grados y los cielos est\u00e1n nubosos. Cuando salimos del Corte Ingl\u00e9s a las dos de la madrugada todos los compa\u00f1eros, despu\u00e9s de terminar el balance, me vine para la casa y ni me cambi\u00e9\u00a0de ropa, no era plan de perder el tiempo. [&hellip;]<\/p>\n","protected":false},"author":16,"featured_media":5155,"comment_status":"open","ping_status":"closed","sticky":false,"template":"","format":"standard","meta":[],"categories":[2],"tags":[424,438,587,689,1058,1078],"_links":{"self":[{"href":"https:\/\/blogs.diariosur.es\/tormentas-y-rayos\/wp-json\/wp\/v2\/posts\/5143"}],"collection":[{"href":"https:\/\/blogs.diariosur.es\/tormentas-y-rayos\/wp-json\/wp\/v2\/posts"}],"about":[{"href":"https:\/\/blogs.diariosur.es\/tormentas-y-rayos\/wp-json\/wp\/v2\/types\/post"}],"author":[{"embeddable":true,"href":"https:\/\/blogs.diariosur.es\/tormentas-y-rayos\/wp-json\/wp\/v2\/users\/16"}],"replies":[{"embeddable":true,"href":"https:\/\/blogs.diariosur.es\/tormentas-y-rayos\/wp-json\/wp\/v2\/comments?post=5143"}],"version-history":[{"count":9,"href":"https:\/\/blogs.diariosur.es\/tormentas-y-rayos\/wp-json\/wp\/v2\/posts\/5143\/revisions"}],"predecessor-version":[{"id":36213,"href":"https:\/\/blogs.diariosur.es\/tormentas-y-rayos\/wp-json\/wp\/v2\/posts\/5143\/revisions\/36213"}],"wp:featuredmedia":[{"embeddable":true,"href":"https:\/\/blogs.diariosur.es\/tormentas-y-rayos\/wp-json\/wp\/v2\/media\/5155"}],"wp:attachment":[{"href":"https:\/\/blogs.diariosur.es\/tormentas-y-rayos\/wp-json\/wp\/v2\/media?parent=5143"}],"wp:term":[{"taxonomy":"category","embeddable":true,"href":"https:\/\/blogs.diariosur.es\/tormentas-y-rayos\/wp-json\/wp\/v2\/categories?post=5143"},{"taxonomy":"post_tag","embeddable":true,"href":"https:\/\/blogs.diariosur.es\/tormentas-y-rayos\/wp-json\/wp\/v2\/tags?post=5143"}],"curies":[{"name":"wp","href":"https:\/\/api.w.org\/{rel}","templated":true}]}}