{"id":5156,"date":"2013-03-01T06:45:22","date_gmt":"2013-03-01T05:45:22","guid":{"rendered":"http:\/\/blogs.diariosur.es\/tormentas-y-rayos\/?p=5156"},"modified":"2013-03-01T06:45:22","modified_gmt":"2013-03-01T05:45:22","slug":"prediccion-del-tiempo-non-habemus-anticiclon-en-marzo-las-borrascas-protagonistas-la-semana-que-viene","status":"publish","type":"post","link":"https:\/\/blogs.diariosur.es\/tormentas-y-rayos\/2013\/03\/01\/prediccion-del-tiempo-non-habemus-anticiclon-en-marzo-las-borrascas-protagonistas-la-semana-que-viene\/","title":{"rendered":"Predicci\u00f3n del tiempo. Non habemus anticicl\u00f3n en marzo. Las borrascas protagonistas la semana que viene."},"content":{"rendered":"<p><strong>Buenos d\u00edas amigos de la meteo. Son las seis de la ma\u00f1ana, registro 9.9 grados y los cielos est\u00e1n algo nubosos.<\/strong><\/p>\n<p><span style=\"color: #ff00ff;\"><strong>Muchas gracias a todos por las 22.600 visitas registradas este pasado mes de febrero y atentos que marzo se presenta lluvioso.<\/strong><\/span><\/p>\n<p><strong>\u00a0Antes de comentaros los pron\u00f3sticos para este fin de semana y el temporal de lluvias que tendremos a partir del domingo, permitirme que os hable un poco de lo que sucedi\u00f3 meteorol\u00f3gicamente hablando el dia de Andaluc\u00eda. Antes os paso <a href=\"https:\/\/blogs.diariosur.es\/tormentas-y-rayos\/2013\/02\/28\/impresionante-nevada-en-malaga-fuente-de-la-yedra-fotos-y-video\/\">el enlace con las fotos y el video que grabe a las cinco de la ma\u00f1ana en la Fuente de la Yedra.<\/a><\/strong><\/p>\n<p>&nbsp;<\/p>\n<p><a href=\"https:\/\/blogs.diariosur.es\/tormentas-y-rayos\/2013\/03\/01\/prediccion-del-tiempo-non-habemus-anticiclon-en-marzo-las-borrascas-protagonistas-la-semana-que-viene\/olympus-digital-camera-1164\/\" rel=\"attachment wp-att-5169\"><img loading=\"lazy\" class=\"aligncenter size-full wp-image-5169\" title=\"OLYMPUS DIGITAL CAMERA\" src=\"\/tormentas-y-rayos\/wp-content\/uploads\/sites\/12\/2013\/02\/156.jpg\" alt=\"\" width=\"680\" height=\"510\" srcset=\"https:\/\/static-blogs.diariosur.es\/wp-content\/uploads\/sites\/12\/2013\/02\/156.jpg 680w, https:\/\/static-blogs.diariosur.es\/wp-content\/uploads\/sites\/12\/2013\/02\/156-533x400.jpg 533w\" sizes=\"(max-width: 680px) 100vw, 680px\" \/><\/a><\/p>\n<p><strong>Los pron\u00f3sticos se cumplieron, incluso la nieve apareci\u00f3 a menor altitud de la prevista. Esto se dio en el pueblo de Humilladero, donde vive nuestra amiga Ana Alvarez. Ya\u00a0sab\u00e9is\u00a0que humilladero esta 454 metros sobre el nivel del mar.\u00a0<\/strong><\/p>\n<p><strong>Como os comentaba el pasado dia, \u00a0la bolsa de aire fr\u00edo a 500 hpa (5500 metros) tenia 32 grados bajo cero y a 850 hpa ( 1500 m ) &#8211; 3, debido tambien a las corrientes ascendentes y descendentes de la tormenta, hizo que nevara en Humilladero aunque estuvieran a 4 grados.<\/strong><\/p>\n<div><strong><br \/>\n<\/strong><\/div>\n<p><strong>Os paso la foto. Muy bonita Ana.<\/strong><\/p>\n<p><a href=\"https:\/\/blogs.diariosur.es\/tormentas-y-rayos\/2013\/03\/01\/prediccion-del-tiempo-non-habemus-anticiclon-en-marzo-las-borrascas-protagonistas-la-semana-que-viene\/ana-alvarez-2\/\" rel=\"attachment wp-att-5166\"><img loading=\"lazy\" class=\"aligncenter size-full wp-image-5166\" title=\"ana alvarez\" src=\"\/tormentas-y-rayos\/wp-content\/uploads\/sites\/12\/2013\/02\/ana-alvarez1.jpg\" alt=\"\" width=\"680\" height=\"510\" srcset=\"https:\/\/static-blogs.diariosur.es\/wp-content\/uploads\/sites\/12\/2013\/02\/ana-alvarez1.jpg 680w, https:\/\/static-blogs.diariosur.es\/wp-content\/uploads\/sites\/12\/2013\/02\/ana-alvarez1-533x400.jpg 533w\" sizes=\"(max-width: 680px) 100vw, 680px\" \/><\/a><\/p>\n<p>&nbsp;<\/p>\n<p><strong>\u00a0Una l\u00ednea de turbonada cruzo nuestra provincia dejando en M\u00e1laga Capital una fuerte granizada. \u00a0Esto tambien se debio al desplome de temperatura y corrientes de aire. Preciosa foto Maril\u00f3 Diaz .<\/strong><\/p>\n<p>&nbsp;<\/p>\n<p><a href=\"https:\/\/blogs.diariosur.es\/tormentas-y-rayos\/2013\/03\/01\/prediccion-del-tiempo-non-habemus-anticiclon-en-marzo-las-borrascas-protagonistas-la-semana-que-viene\/marilo-diaz-2\/\" rel=\"attachment wp-att-5158\"><img loading=\"lazy\" class=\"aligncenter size-full wp-image-5158\" title=\"marilo diaz\" src=\"\/tormentas-y-rayos\/wp-content\/uploads\/sites\/12\/2013\/02\/marilo-diaz.jpg\" alt=\"\" width=\"680\" height=\"510\" srcset=\"https:\/\/static-blogs.diariosur.es\/wp-content\/uploads\/sites\/12\/2013\/02\/marilo-diaz.jpg 680w, https:\/\/static-blogs.diariosur.es\/wp-content\/uploads\/sites\/12\/2013\/02\/marilo-diaz-533x400.jpg 533w\" sizes=\"(max-width: 680px) 100vw, 680px\" \/><\/a><\/p>\n<p><strong>\u00a0Esta linea de turbonada iba acompa\u00f1ada de \u00a0un fuerte aparato el\u00e9ctrico, que nuestro amigo Miguel A. P\u00e9rez capto magistralmente desde Gibralfaro, impresionante la foto amigo. Mis felicitaciones.<\/strong><\/p>\n<p><a href=\"https:\/\/blogs.diariosur.es\/tormentas-y-rayos\/2013\/03\/01\/prediccion-del-tiempo-non-habemus-anticiclon-en-marzo-las-borrascas-protagonistas-la-semana-que-viene\/miguel-perez-fotografia\/\" rel=\"attachment wp-att-5159\"><img loading=\"lazy\" class=\"aligncenter size-full wp-image-5159\" title=\"miguel perez fotografia\" src=\"\/tormentas-y-rayos\/wp-content\/uploads\/sites\/12\/2013\/02\/miguel-perez-fotografia.jpg\" alt=\"\" width=\"680\" height=\"453\" srcset=\"https:\/\/static-blogs.diariosur.es\/wp-content\/uploads\/sites\/12\/2013\/02\/miguel-perez-fotografia.jpg 680w, https:\/\/static-blogs.diariosur.es\/wp-content\/uploads\/sites\/12\/2013\/02\/miguel-perez-fotografia-600x400.jpg 600w\" sizes=\"(max-width: 680px) 100vw, 680px\" \/><\/a><\/p>\n<p><strong>El desplome fue brutal, a mi me pillo sobre las cuatro \u00a0de la ma\u00f1ana llegando a Casabermeja, en una hora bajo 7 grados. En todas las estaciones que tiene la Aemet en nuestra provincia se dio este desplome, os paso varios gr\u00e1ficos. Fijaros en el que esta en Teatinos, de casi 12 grados, bajo a 3.2 grados en muy poco tiempo. A punto de nevar en M\u00e1laga Capital.<\/strong><\/p>\n<p><a href=\"https:\/\/blogs.diariosur.es\/tormentas-y-rayos\/2013\/03\/01\/prediccion-del-tiempo-non-habemus-anticiclon-en-marzo-las-borrascas-protagonistas-la-semana-que-viene\/antequera-3\/\" rel=\"attachment wp-att-5160\"><img loading=\"lazy\" class=\"aligncenter size-medium wp-image-5160\" title=\"antequera\" src=\"\/tormentas-y-rayos\/wp-content\/uploads\/sites\/12\/2013\/02\/antequera.jpg\" alt=\"\" width=\"600\" height=\"273\" srcset=\"https:\/\/static-blogs.diariosur.es\/wp-content\/uploads\/sites\/12\/2013\/02\/antequera.jpg 712w, https:\/\/static-blogs.diariosur.es\/wp-content\/uploads\/sites\/12\/2013\/02\/antequera-640x291.jpg 640w\" sizes=\"(max-width: 600px) 100vw, 600px\" \/><\/a><\/p>\n<p>&nbsp;<\/p>\n<p><a href=\"https:\/\/blogs.diariosur.es\/tormentas-y-rayos\/2013\/03\/01\/prediccion-del-tiempo-non-habemus-anticiclon-en-marzo-las-borrascas-protagonistas-la-semana-que-viene\/desplome\/\" rel=\"attachment wp-att-5161\"><img loading=\"lazy\" class=\"aligncenter size-medium wp-image-5161\" title=\"desplome\" src=\"\/tormentas-y-rayos\/wp-content\/uploads\/sites\/12\/2013\/02\/desplome.jpg\" alt=\"\" width=\"600\" height=\"264\" srcset=\"https:\/\/static-blogs.diariosur.es\/wp-content\/uploads\/sites\/12\/2013\/02\/desplome.jpg 737w, https:\/\/static-blogs.diariosur.es\/wp-content\/uploads\/sites\/12\/2013\/02\/desplome-640x282.jpg 640w\" sizes=\"(max-width: 600px) 100vw, 600px\" \/><\/a><\/p>\n<p>&nbsp;<\/p>\n<p><a href=\"https:\/\/blogs.diariosur.es\/tormentas-y-rayos\/2013\/03\/01\/prediccion-del-tiempo-non-habemus-anticiclon-en-marzo-las-borrascas-protagonistas-la-semana-que-viene\/teatinos-3\/\" rel=\"attachment wp-att-5162\"><img loading=\"lazy\" class=\"aligncenter size-medium wp-image-5162\" title=\"teatinos\" src=\"\/tormentas-y-rayos\/wp-content\/uploads\/sites\/12\/2013\/02\/teatinos.jpg\" alt=\"\" width=\"600\" height=\"261\" srcset=\"https:\/\/static-blogs.diariosur.es\/wp-content\/uploads\/sites\/12\/2013\/02\/teatinos.jpg 701w, https:\/\/static-blogs.diariosur.es\/wp-content\/uploads\/sites\/12\/2013\/02\/teatinos-640x279.jpg 640w\" sizes=\"(max-width: 600px) 100vw, 600px\" \/><\/a><\/p>\n<p>&nbsp;<\/p>\n<p><strong>A consecuencias de \u00a0este desplome, el dia de Andaluc\u00eda muchas familias disfrutaron al ver la nieve por primera vez. Como es el caso de la foto que me manda mi amigo Pedro Antonio Ruiz Tellez, un abrazo.<\/strong><\/p>\n<p><a href=\"https:\/\/blogs.diariosur.es\/tormentas-y-rayos\/2013\/03\/01\/prediccion-del-tiempo-non-habemus-anticiclon-en-marzo-las-borrascas-protagonistas-la-semana-que-viene\/pedro-antonio-ruiz\/\" rel=\"attachment wp-att-5170\"><img loading=\"lazy\" class=\"aligncenter size-full wp-image-5170\" title=\"pedro antonio ruiz\" src=\"\/tormentas-y-rayos\/wp-content\/uploads\/sites\/12\/2013\/03\/pedro-antonio-ruiz.jpg\" alt=\"\" width=\"680\" height=\"383\" srcset=\"https:\/\/static-blogs.diariosur.es\/wp-content\/uploads\/sites\/12\/2013\/03\/pedro-antonio-ruiz.jpg 680w, https:\/\/static-blogs.diariosur.es\/wp-content\/uploads\/sites\/12\/2013\/03\/pedro-antonio-ruiz-640x360.jpg 640w\" sizes=\"(max-width: 680px) 100vw, 680px\" \/><\/a><\/p>\n<p><span style=\"color: #ff0000;\"><strong>Bueno amigos vamos con la predicci\u00f3n del fin de semana.<\/strong><\/span><\/p>\n<p><span style=\"color: #ff0000;\"><strong>Hoy viernes el terral de invierno soplara \u00a0moderado, las m\u00e1xima rondara los 14 grados y al mediod\u00eda pueden aparecer nubes por la zona oriental que pueden dejar algunas gotas.<\/strong><\/span><\/p>\n<p><span style=\"color: #ff0000;\"><strong>El s\u00e1bado las m\u00e1ximas subir\u00e1n en toda Andaluc\u00eda, el terral de invierno dar\u00e1 paso al levante.<\/strong><\/span><\/p>\n<p><span style=\"color: #ff0000;\"><strong>\u00a0El domingo el levante soplara moderado, las temperaturas maximas rondaran los 16 grados y hay posibilidad de que tengamos algunos chubascos en nuestra provincia. Una primera borrasca se acercara a la zona del Cabo de San Vicente y ser\u00e1 la culpable de estos chubascos.<\/strong><\/span><\/p>\n<p><span style=\"color: #ff0000;\"><strong>A partir del lunes y casi confirmado non habemus anticicl\u00f3n, tendr\u00edamos lluvias durante casi toda la semana. Varias borrascas atl\u00e1nticas con vientos muy h\u00famedos traer\u00e1n lluvias a\u00a0 toda Andaluc\u00eda. Pero de esto hablaremos el domingo o el lunes. Os paso unos mapas de lluvias y de superficie. Espero que para Semana Santa diga habemus anticicl\u00f3n.<\/strong><\/span><\/p>\n<p><a href=\"https:\/\/blogs.diariosur.es\/tormentas-y-rayos\/2013\/03\/01\/prediccion-del-tiempo-non-habemus-anticiclon-en-marzo-las-borrascas-protagonistas-la-semana-que-viene\/tempo\/\" rel=\"attachment wp-att-5163\"><img loading=\"lazy\" class=\"aligncenter size-medium wp-image-5163\" title=\"tempo\" src=\"\/tormentas-y-rayos\/wp-content\/uploads\/sites\/12\/2013\/02\/tempo.jpg\" alt=\"\" width=\"600\" height=\"317\" srcset=\"https:\/\/static-blogs.diariosur.es\/wp-content\/uploads\/sites\/12\/2013\/02\/tempo.jpg 1006w, https:\/\/static-blogs.diariosur.es\/wp-content\/uploads\/sites\/12\/2013\/02\/tempo-640x338.jpg 640w, https:\/\/static-blogs.diariosur.es\/wp-content\/uploads\/sites\/12\/2013\/02\/tempo-768x406.jpg 768w\" sizes=\"(max-width: 600px) 100vw, 600px\" \/><\/a><\/p>\n<p>&nbsp;<\/p>\n<p><a href=\"https:\/\/blogs.diariosur.es\/tormentas-y-rayos\/2013\/03\/01\/prediccion-del-tiempo-non-habemus-anticiclon-en-marzo-las-borrascas-protagonistas-la-semana-que-viene\/tee\/\" rel=\"attachment wp-att-5164\"><img loading=\"lazy\" class=\"aligncenter size-medium wp-image-5164\" title=\"tee\" src=\"\/tormentas-y-rayos\/wp-content\/uploads\/sites\/12\/2013\/02\/tee.jpg\" alt=\"\" width=\"600\" height=\"313\" srcset=\"https:\/\/static-blogs.diariosur.es\/wp-content\/uploads\/sites\/12\/2013\/02\/tee.jpg 996w, https:\/\/static-blogs.diariosur.es\/wp-content\/uploads\/sites\/12\/2013\/02\/tee-640x334.jpg 640w, https:\/\/static-blogs.diariosur.es\/wp-content\/uploads\/sites\/12\/2013\/02\/tee-768x401.jpg 768w\" sizes=\"(max-width: 600px) 100vw, 600px\" \/><\/a><\/p>\n<p>&nbsp;<\/p>\n<p><span style=\"color: #ff00ff;\"><strong>Os dejo con estas dos fotos en la primera vemos al cazatormentas David y su novia, por cierto David la proxima \u00a0vez que subas a ver la nieve no vayas con zapatillas de deportes jejejej.. \u00a0Y en la siguiente el menda jejejej.<\/strong><\/span><\/p>\n<p><a href=\"https:\/\/blogs.diariosur.es\/tormentas-y-rayos\/2013\/03\/01\/prediccion-del-tiempo-non-habemus-anticiclon-en-marzo-las-borrascas-protagonistas-la-semana-que-viene\/olympus-digital-camera-1162\/\" rel=\"attachment wp-att-5167\"><img loading=\"lazy\" class=\"aligncenter size-full wp-image-5167\" title=\"OLYMPUS DIGITAL CAMERA\" src=\"\/tormentas-y-rayos\/wp-content\/uploads\/sites\/12\/2013\/02\/119.jpg\" alt=\"\" width=\"450\" height=\"600\" srcset=\"https:\/\/static-blogs.diariosur.es\/wp-content\/uploads\/sites\/12\/2013\/02\/119.jpg 450w, https:\/\/static-blogs.diariosur.es\/wp-content\/uploads\/sites\/12\/2013\/02\/119-300x400.jpg 300w\" sizes=\"(max-width: 450px) 100vw, 450px\" \/><\/a><\/p>\n<p>&nbsp;<\/p>\n<p><a href=\"https:\/\/blogs.diariosur.es\/tormentas-y-rayos\/2013\/03\/01\/prediccion-del-tiempo-non-habemus-anticiclon-en-marzo-las-borrascas-protagonistas-la-semana-que-viene\/olympus-digital-camera-1163\/\" rel=\"attachment wp-att-5168\"><img loading=\"lazy\" class=\"aligncenter size-full wp-image-5168\" title=\"OLYMPUS DIGITAL CAMERA\" src=\"\/tormentas-y-rayos\/wp-content\/uploads\/sites\/12\/2013\/02\/118.jpg\" alt=\"\" width=\"680\" height=\"510\" srcset=\"https:\/\/static-blogs.diariosur.es\/wp-content\/uploads\/sites\/12\/2013\/02\/118.jpg 680w, https:\/\/static-blogs.diariosur.es\/wp-content\/uploads\/sites\/12\/2013\/02\/118-533x400.jpg 533w\" sizes=\"(max-width: 680px) 100vw, 680px\" \/><\/a><\/p>\n","protected":false},"excerpt":{"rendered":"<p>Buenos d\u00edas amigos de la meteo. Son las seis de la ma\u00f1ana, registro 9.9 grados y los cielos est\u00e1n algo nubosos. Muchas gracias a todos por las 22.600 visitas registradas este pasado mes de febrero y atentos que marzo se presenta lluvioso. \u00a0Antes de comentaros los pron\u00f3sticos para este fin de semana y el temporal [&hellip;]<\/p>\n","protected":false},"author":16,"featured_media":5171,"comment_status":"open","ping_status":"closed","sticky":false,"template":"","format":"standard","meta":[],"categories":[2],"tags":[114,188,432,473,569,711,800,980],"_links":{"self":[{"href":"https:\/\/blogs.diariosur.es\/tormentas-y-rayos\/wp-json\/wp\/v2\/posts\/5156"}],"collection":[{"href":"https:\/\/blogs.diariosur.es\/tormentas-y-rayos\/wp-json\/wp\/v2\/posts"}],"about":[{"href":"https:\/\/blogs.diariosur.es\/tormentas-y-rayos\/wp-json\/wp\/v2\/types\/post"}],"author":[{"embeddable":true,"href":"https:\/\/blogs.diariosur.es\/tormentas-y-rayos\/wp-json\/wp\/v2\/users\/16"}],"replies":[{"embeddable":true,"href":"https:\/\/blogs.diariosur.es\/tormentas-y-rayos\/wp-json\/wp\/v2\/comments?post=5156"}],"version-history":[{"count":0,"href":"https:\/\/blogs.diariosur.es\/tormentas-y-rayos\/wp-json\/wp\/v2\/posts\/5156\/revisions"}],"wp:featuredmedia":[{"embeddable":true,"href":"https:\/\/blogs.diariosur.es\/tormentas-y-rayos\/wp-json\/wp\/v2\/media\/5171"}],"wp:attachment":[{"href":"https:\/\/blogs.diariosur.es\/tormentas-y-rayos\/wp-json\/wp\/v2\/media?parent=5156"}],"wp:term":[{"taxonomy":"category","embeddable":true,"href":"https:\/\/blogs.diariosur.es\/tormentas-y-rayos\/wp-json\/wp\/v2\/categories?post=5156"},{"taxonomy":"post_tag","embeddable":true,"href":"https:\/\/blogs.diariosur.es\/tormentas-y-rayos\/wp-json\/wp\/v2\/tags?post=5156"}],"curies":[{"name":"wp","href":"https:\/\/api.w.org\/{rel}","templated":true}]}}