{"id":5173,"date":"2013-03-04T09:01:30","date_gmt":"2013-03-04T08:01:30","guid":{"rendered":"http:\/\/blogs.diariosur.es\/tormentas-y-rayos\/?p=5173"},"modified":"2013-03-04T09:01:30","modified_gmt":"2013-03-04T08:01:30","slug":"las-alertas-meteorologicas-seran-las-protagonistas-esta-semana-potente-borrasca-canaria-el-tiempo-en-semana-santa-2013","status":"publish","type":"post","link":"https:\/\/blogs.diariosur.es\/tormentas-y-rayos\/2013\/03\/04\/las-alertas-meteorologicas-seran-las-protagonistas-esta-semana-potente-borrasca-canaria-el-tiempo-en-semana-santa-2013\/","title":{"rendered":"Las alertas meteorol\u00f3gicas  ser\u00e1n las protagonistas esta semana.Potente borrasca Canaria. El tiempo en Semana Santa 2013"},"content":{"rendered":"<p><span style=\"color: #ff0000;\"><strong>ULTIMA HORA FOTOS Y\u00a0V\u00cdDEOS\u00a0DE ESTE\u00a0MEDIOD\u00cdA.<\/strong><\/span><\/p>\n<p><iframe loading=\"lazy\" src=\"\/\/www.youtube.com\/embed\/dwsKqKxFhg4\" frameborder=\"0\" width=\"640\" height=\"360\"><\/iframe><\/p>\n<p>&nbsp;<\/p>\n<p>&nbsp;<\/p>\n<p>&nbsp;<\/p>\n<p><a href=\"https:\/\/blogs.diariosur.es\/tormentas-y-rayos\/2013\/03\/04\/las-alertas-meteorologicas-seran-las-protagonistas-esta-semana-potente-borrasca-canaria-el-tiempo-en-semana-santa-2013\/olympus-digital-camera-1171\/\" rel=\"attachment wp-att-5194\"><img loading=\"lazy\" class=\"aligncenter size-full wp-image-5194\" title=\"OLYMPUS DIGITAL CAMERA\" src=\"\/tormentas-y-rayos\/wp-content\/uploads\/sites\/12\/2013\/03\/temporal-de-levante-4-3-2013-3.jpg\" alt=\"\" width=\"670\" height=\"503\" srcset=\"https:\/\/static-blogs.diariosur.es\/wp-content\/uploads\/sites\/12\/2013\/03\/temporal-de-levante-4-3-2013-3.jpg 670w, https:\/\/static-blogs.diariosur.es\/wp-content\/uploads\/sites\/12\/2013\/03\/temporal-de-levante-4-3-2013-3-533x400.jpg 533w\" sizes=\"(max-width: 670px) 100vw, 670px\" \/><\/a><\/p>\n<p>&nbsp;<\/p>\n<p><a href=\"https:\/\/blogs.diariosur.es\/tormentas-y-rayos\/2013\/03\/04\/las-alertas-meteorologicas-seran-las-protagonistas-esta-semana-potente-borrasca-canaria-el-tiempo-en-semana-santa-2013\/olympus-digital-camera-1172\/\" rel=\"attachment wp-att-5195\"><img loading=\"lazy\" class=\"aligncenter size-full wp-image-5195\" title=\"OLYMPUS DIGITAL CAMERA\" src=\"\/tormentas-y-rayos\/wp-content\/uploads\/sites\/12\/2013\/03\/temporal-de-levante-4-3-2013-5.jpg\" alt=\"\" width=\"670\" height=\"503\" srcset=\"https:\/\/static-blogs.diariosur.es\/wp-content\/uploads\/sites\/12\/2013\/03\/temporal-de-levante-4-3-2013-5.jpg 670w, https:\/\/static-blogs.diariosur.es\/wp-content\/uploads\/sites\/12\/2013\/03\/temporal-de-levante-4-3-2013-5-533x400.jpg 533w\" sizes=\"(max-width: 670px) 100vw, 670px\" \/><\/a><\/p>\n<p><a href=\"https:\/\/blogs.diariosur.es\/tormentas-y-rayos\/2013\/03\/04\/las-alertas-meteorologicas-seran-las-protagonistas-esta-semana-potente-borrasca-canaria-el-tiempo-en-semana-santa-2013\/olympus-digital-camera-1173\/\" rel=\"attachment wp-att-5196\"><img loading=\"lazy\" class=\"aligncenter size-full wp-image-5196\" title=\"OLYMPUS DIGITAL CAMERA\" src=\"\/tormentas-y-rayos\/wp-content\/uploads\/sites\/12\/2013\/03\/temporal-de-levante-4-3-2013-1.jpg\" alt=\"\" width=\"670\" height=\"503\" srcset=\"https:\/\/static-blogs.diariosur.es\/wp-content\/uploads\/sites\/12\/2013\/03\/temporal-de-levante-4-3-2013-1.jpg 670w, https:\/\/static-blogs.diariosur.es\/wp-content\/uploads\/sites\/12\/2013\/03\/temporal-de-levante-4-3-2013-1-533x400.jpg 533w\" sizes=\"(max-width: 670px) 100vw, 670px\" \/><\/a><\/p>\n<p>&nbsp;<\/p>\n<p>&nbsp;<\/p>\n<p><strong>Buenos dias amigos de la meteo.<\/strong><\/p>\n<p><strong>Son las siete de la ma\u00f1ana, registro 14 grados y los cielos est\u00e1n muy nubosos. La mar de fondo debido al levante y las rachas de viento fuerte en la comarca de Ronda son las protagonistas hoy 4 de marzo. Por este motivo la Aemet ha\u00a0activado\u00a0la la alerta amarilla por \u00a0lluvias, vientos y\u00a0fen\u00f3menos\u00a0costeros en nuestra provincia malague\u00f1a. La\u00a0alerta\u00a0por lluvias empezara a partir de las 20:00 horas de hoy lunes.<\/strong><\/p>\n<p><strong>ASI QUE TIRO PARA LA PLAYA PARA VER LAS OLAS.<\/strong><\/p>\n<p>&nbsp;<\/p>\n<p><a href=\"https:\/\/blogs.diariosur.es\/tormentas-y-rayos\/2013\/03\/04\/las-alertas-meteorologicas-seran-las-protagonistas-esta-semana-potente-borrasca-canaria-el-tiempo-en-semana-santa-2013\/llllll\/\" rel=\"attachment wp-att-5191\"><img loading=\"lazy\" class=\"aligncenter size-full wp-image-5191\" title=\"llllll\" src=\"\/tormentas-y-rayos\/wp-content\/uploads\/sites\/12\/2013\/03\/llllll.jpg\" alt=\"\" width=\"584\" height=\"415\" srcset=\"https:\/\/static-blogs.diariosur.es\/wp-content\/uploads\/sites\/12\/2013\/03\/llllll.jpg 584w, https:\/\/static-blogs.diariosur.es\/wp-content\/uploads\/sites\/12\/2013\/03\/llllll-563x400.jpg 563w\" sizes=\"(max-width: 584px) 100vw, 584px\" \/><\/a><\/p>\n<p><strong>\u00a0 <\/strong><\/p>\n<p><a href=\"https:\/\/blogs.diariosur.es\/tormentas-y-rayos\/2013\/03\/04\/las-alertas-meteorologicas-seran-las-protagonistas-esta-semana-potente-borrasca-canaria-el-tiempo-en-semana-santa-2013\/kk-2\/\" rel=\"attachment wp-att-5192\"><img loading=\"lazy\" class=\"aligncenter size-full wp-image-5192\" title=\"kk\" src=\"\/tormentas-y-rayos\/wp-content\/uploads\/sites\/12\/2013\/03\/kk.jpg\" alt=\"\" width=\"497\" height=\"360\" \/><\/a><\/p>\n<p><strong>De nuevo aqui amigos. \u00a0Impresionante como estaba el mar, para muestra esta foto y este\u00a0v\u00eddeo\u00a0que he tomado sobre las siete y cuarenta minutos de la ma\u00f1ana en la Playa de la Misericordia.<\/strong><\/p>\n<p><strong> Miguel Angel y yo\u00a0coment\u00e1bamos\u00a0que era curioso ver el mar \u00a0con tantas olas y el viento \u00a0totalmente calmado. Esto se debe a que en el Mar de Albor\u00e1n \u00a0si sopla fuerte el levante, y el mar de fondo llega hasta la Costa Malague\u00f1a.<\/strong><\/p>\n<p><a href=\"https:\/\/blogs.diariosur.es\/tormentas-y-rayos\/2013\/03\/04\/las-alertas-meteorologicas-seran-las-protagonistas-esta-semana-potente-borrasca-canaria-el-tiempo-en-semana-santa-2013\/olympus-digital-camera-1170\/\" rel=\"attachment wp-att-5188\"><img loading=\"lazy\" class=\"aligncenter size-full wp-image-5188\" title=\"OLYMPUS DIGITAL CAMERA\" src=\"\/tormentas-y-rayos\/wp-content\/uploads\/sites\/12\/2013\/03\/001_1.jpg\" alt=\"\" width=\"670\" height=\"503\" srcset=\"https:\/\/static-blogs.diariosur.es\/wp-content\/uploads\/sites\/12\/2013\/03\/001_1.jpg 670w, https:\/\/static-blogs.diariosur.es\/wp-content\/uploads\/sites\/12\/2013\/03\/001_1-533x400.jpg 533w\" sizes=\"(max-width: 670px) 100vw, 670px\" \/><\/a><\/p>\n<p>&nbsp;<\/p>\n<p><strong>IMPRESIONANTE EL RUIDO DEL MAR.<\/strong><\/p>\n<p><iframe loading=\"lazy\" src=\"\/\/www.youtube.com\/embed\/UgESvSMvJo4\" frameborder=\"0\" width=\"640\" height=\"360\"><\/iframe><\/p>\n<p>&nbsp;<\/p>\n<p>&nbsp;<\/p>\n<p><span style=\"color: #ff00ff;\"><strong>Antes de hablaros de las tendencias en Semana Santa y el resumen del fin de semana en fotos, prestaremos atenci\u00f3n al temporal de lluvias que se acerca a buena parte de Andaluc\u00eda. \u00a0<\/strong><\/span><\/p>\n<p><span style=\"color: #0000ff;\"><strong>Menuda semana nos espera de lluvias en la provincia y sobre todo en la parte occidental.<\/strong><\/span><\/p>\n<p><span style=\"color: #0000ff;\"><strong>Una potente borrasca que desde ayer afecta al archipi\u00e9lago canario, traer\u00e1 una masa aire subtropical muy h\u00famedo, con lo cual los frentes que genere la susodicha vendr\u00e1n cargaditos de agua. Dejando lluvias muy abundantes en la zona occidental de Andaluc\u00eda, asi como tambi\u00e9n\u00a0 \u00a0a las Sierras Malague\u00f1as orientadas al oeste de nuestra provincia y a la Costa Malague\u00f1a. Os paso un mapa de superficie previsto para hoy a la una de la tarde de hoy lunes. Fuente Aemet .\u00a0<\/strong><\/span><\/p>\n<p><a href=\"https:\/\/blogs.diariosur.es\/tormentas-y-rayos\/2013\/03\/04\/las-alertas-meteorologicas-seran-las-protagonistas-esta-semana-potente-borrasca-canaria-el-tiempo-en-semana-santa-2013\/superficie\/\" rel=\"attachment wp-att-5174\"><img loading=\"lazy\" class=\"aligncenter size-full wp-image-5174\" title=\"superficie\" src=\"\/tormentas-y-rayos\/wp-content\/uploads\/sites\/12\/2013\/03\/superficie.jpg\" alt=\"\" width=\"682\" height=\"429\" srcset=\"https:\/\/static-blogs.diariosur.es\/wp-content\/uploads\/sites\/12\/2013\/03\/superficie.jpg 682w, https:\/\/static-blogs.diariosur.es\/wp-content\/uploads\/sites\/12\/2013\/03\/superficie-636x400.jpg 636w\" sizes=\"(max-width: 682px) 100vw, 682px\" \/><\/a><\/p>\n<p><strong><span><span style=\"color: #ff0000;\">El\u00a0baj\u00f3n\u00a0de presi\u00f3n ha sido\u00a0tambi\u00e9n\u00a0un dato destacable. Cuando ayer la presi\u00f3n marcaba casi 1015 mb, ahora mismo tenemos 998 mb, con lo cual a mas de uno le\u00a0doler\u00e1\u00a0la cabeza. A mi es al contrario, me duele cuando sube jejeje. Os paso un\u00a0gr\u00e1fico,\u00a0fuente aemet alto elocuente.<\/span><\/span><\/strong><\/p>\n<p>&nbsp;<\/p>\n<p><a href=\"https:\/\/blogs.diariosur.es\/tormentas-y-rayos\/2013\/03\/04\/las-alertas-meteorologicas-seran-las-protagonistas-esta-semana-potente-borrasca-canaria-el-tiempo-en-semana-santa-2013\/presion-5\/\" rel=\"attachment wp-att-5185\"><img loading=\"lazy\" class=\"aligncenter size-medium wp-image-5185\" title=\"presion\" src=\"\/tormentas-y-rayos\/wp-content\/uploads\/sites\/12\/2013\/03\/presion.jpg\" alt=\"\" width=\"600\" height=\"260\" srcset=\"https:\/\/static-blogs.diariosur.es\/wp-content\/uploads\/sites\/12\/2013\/03\/presion.jpg 740w, https:\/\/static-blogs.diariosur.es\/wp-content\/uploads\/sites\/12\/2013\/03\/presion-640x278.jpg 640w\" sizes=\"(max-width: 600px) 100vw, 600px\" \/><\/a><\/p>\n<p><span style=\"color: #ff00ff;\"><strong>Los aficionados a la\u00a0meteorolog\u00eda\u00a0de las Islas Canarias la han bautizado con el nombre de ARTEARA. \u00a0 En las Islas mas occidentales las rachas de viento han sido impresionantes( 180 km\/h), ademas\u00a0acompa\u00f1adas\u00a0por fuertes precipitaciones. Desde ayer y hasta hoy la alerta roja por viento y naranja por lluvias\u00a0est\u00e1n\u00a0activadas por la Aemet en buena parte de todas las islas. Os paso una imagen que guarde ayer. Fuente meteogalicia EUMETSAT. Y otra de hace una hora.<\/strong><\/span><\/p>\n<p>&nbsp;<\/p>\n<p><a href=\"https:\/\/blogs.diariosur.es\/tormentas-y-rayos\/2013\/03\/04\/las-alertas-meteorologicas-seran-las-protagonistas-esta-semana-potente-borrasca-canaria-el-tiempo-en-semana-santa-2013\/b-15\/\" rel=\"attachment wp-att-5176\"><img loading=\"lazy\" class=\"aligncenter size-medium wp-image-5176\" title=\"b\" src=\"\/tormentas-y-rayos\/wp-content\/uploads\/sites\/12\/2013\/03\/b1.jpg\" alt=\"\" width=\"570\" height=\"400\" srcset=\"https:\/\/static-blogs.diariosur.es\/wp-content\/uploads\/sites\/12\/2013\/03\/b1.jpg 751w, https:\/\/static-blogs.diariosur.es\/wp-content\/uploads\/sites\/12\/2013\/03\/b1-570x400.jpg 570w\" sizes=\"(max-width: 570px) 100vw, 570px\" \/><\/a><\/p>\n<p><a href=\"https:\/\/blogs.diariosur.es\/tormentas-y-rayos\/2013\/03\/04\/las-alertas-meteorologicas-seran-las-protagonistas-esta-semana-potente-borrasca-canaria-el-tiempo-en-semana-santa-2013\/artearara\/\" rel=\"attachment wp-att-5186\"><img loading=\"lazy\" class=\"aligncenter size-medium wp-image-5186\" title=\"artearara\" src=\"\/tormentas-y-rayos\/wp-content\/uploads\/sites\/12\/2013\/03\/artearara.jpg\" alt=\"\" width=\"562\" height=\"400\" srcset=\"https:\/\/static-blogs.diariosur.es\/wp-content\/uploads\/sites\/12\/2013\/03\/artearara.jpg 734w, https:\/\/static-blogs.diariosur.es\/wp-content\/uploads\/sites\/12\/2013\/03\/artearara-562x400.jpg 562w\" sizes=\"(max-width: 562px) 100vw, 562px\" \/><\/a><\/p>\n<p>&nbsp;<\/p>\n<p>&nbsp;<\/p>\n<p><strong>Mi amiga TINERFE\u00d1A \u00a0May Naomi Jj que ya\u00a0conoc\u00e9is\u00a0de otras ocasiones, me manda este fot\u00f3n del Teide con su sombrero. Me comenta que casi siempre que el Teide tiene sombrero las lluvias\u00a0est\u00e1n\u00a0garantizadas. Impresionante foto.<\/strong><\/p>\n<p><a href=\"https:\/\/blogs.diariosur.es\/tormentas-y-rayos\/2013\/03\/04\/las-alertas-meteorologicas-seran-las-protagonistas-esta-semana-potente-borrasca-canaria-el-tiempo-en-semana-santa-2013\/may-naomi-jj-3\/\" rel=\"attachment wp-att-5190\"><img loading=\"lazy\" class=\"aligncenter size-full wp-image-5190\" title=\"MAY NAOMI Jj\" src=\"\/tormentas-y-rayos\/wp-content\/uploads\/sites\/12\/2013\/03\/MAY-NAOMI-Jj.jpg\" alt=\"\" width=\"670\" height=\"365\" srcset=\"https:\/\/static-blogs.diariosur.es\/wp-content\/uploads\/sites\/12\/2013\/03\/MAY-NAOMI-Jj.jpg 670w, https:\/\/static-blogs.diariosur.es\/wp-content\/uploads\/sites\/12\/2013\/03\/MAY-NAOMI-Jj-640x349.jpg 640w\" sizes=\"(max-width: 670px) 100vw, 670px\" \/><\/a><\/p>\n<h5><\/h5>\n<h5><\/h5>\n<p><span style=\"color: #0000ff;\"><strong>Ma\u00f1ana la alerta amarilla por lluvias estar\u00e1 vigente en nuestra provincia durante todo el martes y mi\u00e9rcoles. Las lluvias mas copiosas se dar\u00e1n desde la madrugada del mi\u00e9rcoles hasta que termine el\u00a0d\u00eda\u00a0 En ese momento tendremos una tregua pero no guardar los paraguas porque una nueva borrasca traer\u00eda mas lluvias hasta el s\u00e1bado.<\/strong><\/span><\/p>\n<p><span style=\"color: #008000;\"><strong>Os hago ahora como siempre un peque\u00f1o resumen en fotos de este pasado fin de semana.<\/strong><\/span><\/p>\n<p><span style=\"color: #ff6600;\"><strong>La maxima del\u00a0s\u00e1bado\u00a0fue de 15 grados en mi estaci\u00f3n, y la\u00a0m\u00ednima\u00a0de 9. Tal y como se esperaba, el levante entro sobre las siete de la ma\u00f1ana. Las nubes bajas dejaron un bonito amanecer, pero esta vez os pongo la foto que\u00a0hice al llegar al trabajo.<\/strong><\/span><\/p>\n<p><strong>\u00a0<a href=\"https:\/\/blogs.diariosur.es\/tormentas-y-rayos\/2013\/03\/04\/las-alertas-meteorologicas-seran-las-protagonistas-esta-semana-potente-borrasca-canaria-el-tiempo-en-semana-santa-2013\/040-2\/\" rel=\"attachment wp-att-5177\"><img loading=\"lazy\" class=\"aligncenter size-full wp-image-5177\" title=\"040\" src=\"\/tormentas-y-rayos\/wp-content\/uploads\/sites\/12\/2013\/03\/040.jpg\" alt=\"\" width=\"670\" height=\"377\" srcset=\"https:\/\/static-blogs.diariosur.es\/wp-content\/uploads\/sites\/12\/2013\/03\/040.jpg 670w, https:\/\/static-blogs.diariosur.es\/wp-content\/uploads\/sites\/12\/2013\/03\/040-640x360.jpg 640w\" sizes=\"(max-width: 670px) 100vw, 670px\" \/><\/a><\/strong><\/p>\n<p><strong>\u00a0<\/strong><\/p>\n<p><span style=\"color: #ff6600;\"><strong>Cuando\u00a0sal\u00ed\u00a0a comer el cielo estaba\u00a0precioso, unos cirros adornaban los cielos malague\u00f1os.<\/strong><\/span><\/p>\n<p><strong>\u00a0<a href=\"https:\/\/blogs.diariosur.es\/tormentas-y-rayos\/2013\/03\/04\/las-alertas-meteorologicas-seran-las-protagonistas-esta-semana-potente-borrasca-canaria-el-tiempo-en-semana-santa-2013\/olympus-digital-camera-1167\/\" rel=\"attachment wp-att-5180\"><img loading=\"lazy\" class=\"aligncenter size-full wp-image-5180\" title=\"OLYMPUS DIGITAL CAMERA\" src=\"\/tormentas-y-rayos\/wp-content\/uploads\/sites\/12\/2013\/03\/0012.jpg\" alt=\"\" width=\"670\" height=\"503\" srcset=\"https:\/\/static-blogs.diariosur.es\/wp-content\/uploads\/sites\/12\/2013\/03\/0012.jpg 670w, https:\/\/static-blogs.diariosur.es\/wp-content\/uploads\/sites\/12\/2013\/03\/0012-533x400.jpg 533w\" sizes=\"(max-width: 670px) 100vw, 670px\" \/><\/a><\/strong><\/p>\n<p><span style=\"color: #ff6600;\"><strong>El domingo la maxima fue de 15, 8 grados y la\u00a0m\u00ednima\u00a0de 12. Las nubes eran las protagonistas, que dejaron algunas gotillas durante la madrugada y primeras horas de la ma\u00f1ana. Aunque sabia que no\u00a0tendr\u00edamos\u00a0candilazo, sobre las siete y media de la ma\u00f1ana tire para la playa.\u00a0All\u00ed\u00a0me\u00a0encontr\u00e9\u00a0con mi amigo y gran\u00a0fot\u00f3grafo\u00a0Joaqu\u00edn. Estuvimos practicando el efecto seda con las olas, os paso una foto de el, aunque no es de ayer, ya que aun no la ha subido <a href=\"http:\/\/www.flickr.com\/photos\/quinoal\/page2\/\" rel=\"external nofollow\"><span style=\"color: #ff6600;\">a su pedazo de\u00a0galer\u00eda\u00a0de fotos<\/span><\/a><\/strong><\/span><\/p>\n<p><a href=\"https:\/\/blogs.diariosur.es\/tormentas-y-rayos\/2013\/03\/04\/las-alertas-meteorologicas-seran-las-protagonistas-esta-semana-potente-borrasca-canaria-el-tiempo-en-semana-santa-2013\/8377394826_1de5deb7c1_b\/\" rel=\"attachment wp-att-5182\"><img loading=\"lazy\" class=\"aligncenter size-full wp-image-5182\" title=\"8377394826_1de5deb7c1_b\" src=\"\/tormentas-y-rayos\/wp-content\/uploads\/sites\/12\/2013\/03\/8377394826_1de5deb7c1_b.jpg\" alt=\"\" width=\"670\" height=\"447\" srcset=\"https:\/\/static-blogs.diariosur.es\/wp-content\/uploads\/sites\/12\/2013\/03\/8377394826_1de5deb7c1_b.jpg 670w, https:\/\/static-blogs.diariosur.es\/wp-content\/uploads\/sites\/12\/2013\/03\/8377394826_1de5deb7c1_b-600x400.jpg 600w\" sizes=\"(max-width: 670px) 100vw, 670px\" \/><\/a><\/p>\n<p>&nbsp;<\/p>\n<p>&nbsp;<\/p>\n<p>&nbsp;<\/p>\n<p><span style=\"color: #ff0000;\"><strong>Y esta la\u00a0m\u00eda, fotografiando su\u00a0tr\u00edpode y su\u00a0c\u00e1mara, que estuvieron a punto de caerse. \u00a0<\/strong><\/span><\/p>\n<p>&nbsp;<\/p>\n<p>&nbsp;<\/p>\n<p><span style=\"color: #ff0000;\"><a href=\"https:\/\/blogs.diariosur.es\/tormentas-y-rayos\/2013\/03\/04\/las-alertas-meteorologicas-seran-las-protagonistas-esta-semana-potente-borrasca-canaria-el-tiempo-en-semana-santa-2013\/olympus-digital-camera-1168\/\" rel=\"attachment wp-att-5181\"><span style=\"color: #ff0000;\"><img loading=\"lazy\" class=\"aligncenter size-full wp-image-5181\" title=\"OLYMPUS DIGITAL CAMERA\" src=\"\/tormentas-y-rayos\/wp-content\/uploads\/sites\/12\/2013\/03\/mar-de-fondo-3.jpg\" alt=\"\" width=\"670\" height=\"503\" srcset=\"https:\/\/static-blogs.diariosur.es\/wp-content\/uploads\/sites\/12\/2013\/03\/mar-de-fondo-3.jpg 670w, https:\/\/static-blogs.diariosur.es\/wp-content\/uploads\/sites\/12\/2013\/03\/mar-de-fondo-3-533x400.jpg 533w\" sizes=\"(max-width: 670px) 100vw, 670px\" \/><\/span><\/a><\/span><\/p>\n<p><span style=\"color: #ff0000;\"><strong>Sobre el\u00a0mediod\u00eda\u00a0volv\u00ed\u00a0a bajar, tenia ganas de grabar el ruido de las olas y fotografiarlas. Os paso el video.<\/strong><\/span><\/p>\n<p><iframe loading=\"lazy\" src=\"\/\/www.youtube.com\/embed\/oJTex9tAx7w\" frameborder=\"0\" width=\"640\" height=\"360\"><\/iframe><\/p>\n<p><a href=\"https:\/\/blogs.diariosur.es\/tormentas-y-rayos\/2013\/03\/04\/las-alertas-meteorologicas-seran-las-protagonistas-esta-semana-potente-borrasca-canaria-el-tiempo-en-semana-santa-2013\/olympus-digital-camera-1169\/\" rel=\"attachment wp-att-5183\"><img loading=\"lazy\" class=\"aligncenter size-full wp-image-5183\" title=\"OLYMPUS DIGITAL CAMERA\" src=\"\/tormentas-y-rayos\/wp-content\/uploads\/sites\/12\/2013\/03\/026.jpg\" alt=\"\" width=\"670\" height=\"503\" srcset=\"https:\/\/static-blogs.diariosur.es\/wp-content\/uploads\/sites\/12\/2013\/03\/026.jpg 670w, https:\/\/static-blogs.diariosur.es\/wp-content\/uploads\/sites\/12\/2013\/03\/026-533x400.jpg 533w\" sizes=\"(max-width: 670px) 100vw, 670px\" \/><\/a><\/p>\n<p><span style=\"color: #800080;\"><strong>Bueno amigos vamos al dif\u00edcil asunto de las tendencias para Semana Santa.<\/strong><\/span><\/p>\n<p>&nbsp;<\/p>\n<p><a href=\"https:\/\/blogs.diariosur.es\/tormentas-y-rayos\/2013\/03\/04\/las-alertas-meteorologicas-seran-las-protagonistas-esta-semana-potente-borrasca-canaria-el-tiempo-en-semana-santa-2013\/nazameteojl-4\/\" rel=\"attachment wp-att-5187\"><img loading=\"lazy\" class=\"aligncenter size-medium wp-image-5187\" title=\"NazaMeteoJL\" src=\"\/tormentas-y-rayos\/wp-content\/uploads\/sites\/12\/2013\/03\/NazaMeteoJL.jpg\" alt=\"\" width=\"600\" height=\"347\" srcset=\"https:\/\/static-blogs.diariosur.es\/wp-content\/uploads\/sites\/12\/2013\/03\/NazaMeteoJL.jpg 1398w, https:\/\/static-blogs.diariosur.es\/wp-content\/uploads\/sites\/12\/2013\/03\/NazaMeteoJL-640x370.jpg 640w, https:\/\/static-blogs.diariosur.es\/wp-content\/uploads\/sites\/12\/2013\/03\/NazaMeteoJL-768x444.jpg 768w\" sizes=\"(max-width: 600px) 100vw, 600px\" \/><\/a><\/p>\n<p><span style=\"color: #ff0000;\"><strong>No quer\u00eda hablar de esto hasta el pr\u00f3ximo viernes, pero he recibido un mont\u00f3n de correos de toda Espa\u00f1a y sobre todo de Andaluc\u00eda. Despu\u00e9s de este temporal que acabara sobre final de semana, lo mas seguro es que los modelos tengan algo mas claro para el viernes de dolores, \u00a0s\u00e1bado de pasi\u00f3n y \u00a0Domingo de Ramos \u00a0lo que pueda ocurrir. Todo depender\u00e1 de como se coloquen las principales piezas (anticicl\u00f3n, borrascas) la semana que viene. Los modelos estacionales han dado un mes de marzo h\u00famedo en Andaluc\u00eda, pero esto no quiere decir que todo marzo este lloviendo. Tener un poco de paciencia, en unos seis d\u00edas \u00a0sabr\u00e9 algo mas. Jose Manuel en unos dias te digo algo mas.<\/strong><\/span><\/p>\n<p><strong>Os dejo con esta bonita foto de los campos de la Roda de\u00a0Andaluc\u00eda, me la manda mi amigo Francisco. Me comenta que se registro una buena nevada. La Roda esta a menos de 500 metros sobre el nivel del mar.\u00a0<\/strong><\/p>\n<p><a href=\"https:\/\/blogs.diariosur.es\/tormentas-y-rayos\/2013\/03\/04\/las-alertas-meteorologicas-seran-las-protagonistas-esta-semana-potente-borrasca-canaria-el-tiempo-en-semana-santa-2013\/francisco\/\" rel=\"attachment wp-att-5189\"><img loading=\"lazy\" class=\"aligncenter size-full wp-image-5189\" title=\"francisco\" src=\"\/tormentas-y-rayos\/wp-content\/uploads\/sites\/12\/2013\/03\/francisco.jpg\" alt=\"\" width=\"640\" height=\"482\" srcset=\"https:\/\/static-blogs.diariosur.es\/wp-content\/uploads\/sites\/12\/2013\/03\/francisco.jpg 640w, https:\/\/static-blogs.diariosur.es\/wp-content\/uploads\/sites\/12\/2013\/03\/francisco-531x400.jpg 531w\" sizes=\"(max-width: 640px) 100vw, 640px\" \/><\/a><\/p>\n","protected":false},"excerpt":{"rendered":"<p>ULTIMA HORA FOTOS Y\u00a0V\u00cdDEOS\u00a0DE ESTE\u00a0MEDIOD\u00cdA. &nbsp; &nbsp; &nbsp; &nbsp; &nbsp; &nbsp; Buenos dias amigos de la meteo. Son las siete de la ma\u00f1ana, registro 14 grados y los cielos est\u00e1n muy nubosos. La mar de fondo debido al levante y las rachas de viento fuerte en la comarca de Ronda son las protagonistas hoy 4 [&hellip;]<\/p>\n","protected":false},"author":16,"featured_media":5190,"comment_status":"open","ping_status":"closed","sticky":false,"template":"","format":"standard","meta":[],"categories":[2],"tags":[13,63,91,188,219,871,888,902,980],"_links":{"self":[{"href":"https:\/\/blogs.diariosur.es\/tormentas-y-rayos\/wp-json\/wp\/v2\/posts\/5173"}],"collection":[{"href":"https:\/\/blogs.diariosur.es\/tormentas-y-rayos\/wp-json\/wp\/v2\/posts"}],"about":[{"href":"https:\/\/blogs.diariosur.es\/tormentas-y-rayos\/wp-json\/wp\/v2\/types\/post"}],"author":[{"embeddable":true,"href":"https:\/\/blogs.diariosur.es\/tormentas-y-rayos\/wp-json\/wp\/v2\/users\/16"}],"replies":[{"embeddable":true,"href":"https:\/\/blogs.diariosur.es\/tormentas-y-rayos\/wp-json\/wp\/v2\/comments?post=5173"}],"version-history":[{"count":0,"href":"https:\/\/blogs.diariosur.es\/tormentas-y-rayos\/wp-json\/wp\/v2\/posts\/5173\/revisions"}],"wp:featuredmedia":[{"embeddable":true,"href":"https:\/\/blogs.diariosur.es\/tormentas-y-rayos\/wp-json\/wp\/v2\/media\/5190"}],"wp:attachment":[{"href":"https:\/\/blogs.diariosur.es\/tormentas-y-rayos\/wp-json\/wp\/v2\/media?parent=5173"}],"wp:term":[{"taxonomy":"category","embeddable":true,"href":"https:\/\/blogs.diariosur.es\/tormentas-y-rayos\/wp-json\/wp\/v2\/categories?post=5173"},{"taxonomy":"post_tag","embeddable":true,"href":"https:\/\/blogs.diariosur.es\/tormentas-y-rayos\/wp-json\/wp\/v2\/tags?post=5173"}],"curies":[{"name":"wp","href":"https:\/\/api.w.org\/{rel}","templated":true}]}}