{"id":5197,"date":"2013-03-05T10:00:51","date_gmt":"2013-03-05T09:00:51","guid":{"rendered":"http:\/\/blogs.diariosur.es\/tormentas-y-rayos\/?p=5197"},"modified":"2013-03-05T10:00:51","modified_gmt":"2013-03-05T09:00:51","slug":"alerta-por-lluvias-y-tormentas-impresionantes-fotos-y-videos-del-temporal-de-levante-posible-ola-de-frio-a-partir-del-lunes","status":"publish","type":"post","link":"https:\/\/blogs.diariosur.es\/tormentas-y-rayos\/2013\/03\/05\/alerta-por-lluvias-y-tormentas-impresionantes-fotos-y-videos-del-temporal-de-levante-posible-ola-de-frio-a-partir-del-lunes\/","title":{"rendered":"Alerta por lluvias y tormentas. Impresionantes fotos y v\u00eddeos del temporal de levante. Posible ola de fr\u00edo a partir del lunes."},"content":{"rendered":"<p><strong>Buenos d\u00edas amigos de la meteo. Son las siete de la ma\u00f1ana, registro 15 grados y en estos momentos chispea en M\u00e1laga Capital. Pero viendo el satelite de aqui a un par de horas empezara a llover mas fuerte. El viento de levante sigue soplando, pero de momento mas flojo que ayer. Os paso unos gr\u00e1ficos fuente aemet. Destaca Torrox con rachas de 70 km\/h, que dio ayer a primera hora de la ma\u00f1ana.<\/strong> <a href=\"https:\/\/blogs.diariosur.es\/tormentas-y-rayos\/2013\/03\/05\/alerta-por-lluvias-y-tormentas-impresionantes-fotos-y-videos-del-temporal-de-levante-posible-ola-de-frio-a-partir-del-lunes\/levante-11\/\" rel=\"attachment wp-att-5198\"><img loading=\"lazy\" class=\"aligncenter size-medium wp-image-5198\" title=\"levante\" src=\"\/tormentas-y-rayos\/wp-content\/uploads\/sites\/12\/2013\/03\/levante.jpg\" alt=\"\" width=\"600\" height=\"269\" srcset=\"https:\/\/static-blogs.diariosur.es\/wp-content\/uploads\/sites\/12\/2013\/03\/levante.jpg 735w, https:\/\/static-blogs.diariosur.es\/wp-content\/uploads\/sites\/12\/2013\/03\/levante-640x287.jpg 640w\" sizes=\"(max-width: 600px) 100vw, 600px\" \/><\/a><a href=\"https:\/\/blogs.diariosur.es\/tormentas-y-rayos\/2013\/03\/05\/alerta-por-lluvias-y-tormentas-impresionantes-fotos-y-videos-del-temporal-de-levante-posible-ola-de-frio-a-partir-del-lunes\/ll-8\/\" rel=\"attachment wp-att-5199\"><img loading=\"lazy\" class=\"aligncenter size-medium wp-image-5199\" title=\"ll\" src=\"\/tormentas-y-rayos\/wp-content\/uploads\/sites\/12\/2013\/03\/ll.jpg\" alt=\"\" width=\"600\" height=\"268\" srcset=\"https:\/\/static-blogs.diariosur.es\/wp-content\/uploads\/sites\/12\/2013\/03\/ll.jpg 717w, https:\/\/static-blogs.diariosur.es\/wp-content\/uploads\/sites\/12\/2013\/03\/ll-640x287.jpg 640w\" sizes=\"(max-width: 600px) 100vw, 600px\" \/><\/a><a href=\"https:\/\/blogs.diariosur.es\/tormentas-y-rayos\/2013\/03\/05\/alerta-por-lluvias-y-tormentas-impresionantes-fotos-y-videos-del-temporal-de-levante-posible-ola-de-frio-a-partir-del-lunes\/llll-6\/\" rel=\"attachment wp-att-5200\"><img loading=\"lazy\" class=\"aligncenter size-medium wp-image-5200\" title=\"llll\" src=\"\/tormentas-y-rayos\/wp-content\/uploads\/sites\/12\/2013\/03\/llll.jpg\" alt=\"\" width=\"600\" height=\"268\" srcset=\"https:\/\/static-blogs.diariosur.es\/wp-content\/uploads\/sites\/12\/2013\/03\/llll.jpg 726w, https:\/\/static-blogs.diariosur.es\/wp-content\/uploads\/sites\/12\/2013\/03\/llll-640x287.jpg 640w\" sizes=\"(max-width: 600px) 100vw, 600px\" \/><\/a> \u00a0 <strong>La lluvia mas \u00a0fuerte se dio en la zona mas occidental de nuestra provincia. Destaca Casarabonela con 32 litros, Los Reales con 30, Pujerra 29, y Jubrique con 20. En este tipo de situaciones donde mas llueve son en estas zonas antes mencionadas. Datos recogidos por la Confederaci\u00f3n\u00a0Hidrogr\u00e1fica del Sur hasta la seis de la ma\u00f1ana del martes.\u00a0<\/strong> <strong>Antes de comentaros como se presenta el dia hoy, os hago un peque\u00f1o resumen en fotos y \u00a0v\u00eddeos\u00a0del temporal que sacudi\u00f3 la Costa Malague\u00f1a.<\/strong> <strong>Esta claro que el viento ayer fue el protagonista jejejeje.\u00a0<\/strong> <a href=\"https:\/\/blogs.diariosur.es\/tormentas-y-rayos\/2013\/03\/05\/alerta-por-lluvias-y-tormentas-impresionantes-fotos-y-videos-del-temporal-de-levante-posible-ola-de-frio-a-partir-del-lunes\/olympus-digital-camera-1174\/\" rel=\"attachment wp-att-5201\"><img loading=\"lazy\" class=\"aligncenter size-full wp-image-5201\" title=\"OLYMPUS DIGITAL CAMERA\" src=\"\/tormentas-y-rayos\/wp-content\/uploads\/sites\/12\/2013\/03\/035.jpg\" alt=\"\" width=\"400\" height=\"690\" srcset=\"https:\/\/static-blogs.diariosur.es\/wp-content\/uploads\/sites\/12\/2013\/03\/035.jpg 400w, https:\/\/static-blogs.diariosur.es\/wp-content\/uploads\/sites\/12\/2013\/03\/035-232x400.jpg 232w\" sizes=\"(max-width: 400px) 100vw, 400px\" \/><\/a> \u00a0 <strong>Y sobre todo el fuerte oleaje que se dio en toda la\u00a0 Costa Malague\u00f1a. Os paso este fot\u00f3n de Paqui Carnero. La foto esta hecha en los Ba\u00f1os del Carmen<\/strong> <a href=\"https:\/\/blogs.diariosur.es\/tormentas-y-rayos\/2013\/03\/05\/alerta-por-lluvias-y-tormentas-impresionantes-fotos-y-videos-del-temporal-de-levante-posible-ola-de-frio-a-partir-del-lunes\/535568_4402623914700_934791787_n\/\" rel=\"attachment wp-att-5202\"><img loading=\"lazy\" class=\"aligncenter size-full wp-image-5202\" title=\"535568_4402623914700_934791787_n\" src=\"\/tormentas-y-rayos\/wp-content\/uploads\/sites\/12\/2013\/03\/535568_4402623914700_934791787_n.jpg\" alt=\"\" width=\"670\" height=\"502\" srcset=\"https:\/\/static-blogs.diariosur.es\/wp-content\/uploads\/sites\/12\/2013\/03\/535568_4402623914700_934791787_n.jpg 670w, https:\/\/static-blogs.diariosur.es\/wp-content\/uploads\/sites\/12\/2013\/03\/535568_4402623914700_934791787_n-534x400.jpg 534w\" sizes=\"(max-width: 670px) 100vw, 670px\" \/><\/a> <strong>Yo me fui a mi sitio preferido, desde que \u00a0tenia 13 a\u00f1os ya me iba al Espig\u00f3n de la T\u00e9rmica para ver los temporales. Y ayer dio la casualidad que me puse chorreando de rodillas para abajo por primera vez en 43 a\u00f1os jejeje. Me cogi\u00f3 una ola a traici\u00f3n, no fue el chocar de las olas con las rocas, si no una ola tendida que cruzo de derecha a izquierda el camino del espig\u00f3n, hasta casi me tira la moto. Pero tranquilos que no ha pasado nada, solo que los zapatos est\u00e1n en la basura.<\/strong> <strong>Os pongo una primera foto de cuando en esa zona la mar esta en calma.\u00a0<\/strong> <a href=\"https:\/\/blogs.diariosur.es\/tormentas-y-rayos\/2013\/03\/05\/alerta-por-lluvias-y-tormentas-impresionantes-fotos-y-videos-del-temporal-de-levante-posible-ola-de-frio-a-partir-del-lunes\/olympus-digital-camera-1175\/\" rel=\"attachment wp-att-5203\"><img loading=\"lazy\" class=\"aligncenter size-full wp-image-5203\" title=\"OLYMPUS DIGITAL CAMERA\" src=\"\/tormentas-y-rayos\/wp-content\/uploads\/sites\/12\/2013\/03\/5424606913_fa3c61af23_o.jpg\" alt=\"\" width=\"670\" height=\"503\" srcset=\"https:\/\/static-blogs.diariosur.es\/wp-content\/uploads\/sites\/12\/2013\/03\/5424606913_fa3c61af23_o.jpg 670w, https:\/\/static-blogs.diariosur.es\/wp-content\/uploads\/sites\/12\/2013\/03\/5424606913_fa3c61af23_o-533x400.jpg 533w\" sizes=\"(max-width: 670px) 100vw, 670px\" \/><\/a> \u00a0 <strong>Fijaros la diferencia.<\/strong> <a href=\"https:\/\/blogs.diariosur.es\/tormentas-y-rayos\/2013\/03\/05\/alerta-por-lluvias-y-tormentas-impresionantes-fotos-y-videos-del-temporal-de-levante-posible-ola-de-frio-a-partir-del-lunes\/olympus-digital-camera-1176\/\" rel=\"attachment wp-att-5204\"><img loading=\"lazy\" class=\"aligncenter size-full wp-image-5204\" title=\"OLYMPUS DIGITAL CAMERA\" src=\"\/tormentas-y-rayos\/wp-content\/uploads\/sites\/12\/2013\/03\/temporal-de-levante-4-3-2013-51.jpg\" alt=\"\" width=\"670\" height=\"503\" srcset=\"https:\/\/static-blogs.diariosur.es\/wp-content\/uploads\/sites\/12\/2013\/03\/temporal-de-levante-4-3-2013-51.jpg 670w, https:\/\/static-blogs.diariosur.es\/wp-content\/uploads\/sites\/12\/2013\/03\/temporal-de-levante-4-3-2013-51-533x400.jpg 533w\" sizes=\"(max-width: 670px) 100vw, 670px\" \/><\/a> <a href=\"https:\/\/blogs.diariosur.es\/tormentas-y-rayos\/2013\/03\/05\/alerta-por-lluvias-y-tormentas-impresionantes-fotos-y-videos-del-temporal-de-levante-posible-ola-de-frio-a-partir-del-lunes\/olympus-digital-camera-1177\/\" rel=\"attachment wp-att-5205\"><img loading=\"lazy\" class=\"aligncenter size-full wp-image-5205\" title=\"OLYMPUS DIGITAL CAMERA\" src=\"\/tormentas-y-rayos\/wp-content\/uploads\/sites\/12\/2013\/03\/temporal-de-levante-4-3-2013-2.jpg\" alt=\"\" width=\"670\" height=\"503\" srcset=\"https:\/\/static-blogs.diariosur.es\/wp-content\/uploads\/sites\/12\/2013\/03\/temporal-de-levante-4-3-2013-2.jpg 670w, https:\/\/static-blogs.diariosur.es\/wp-content\/uploads\/sites\/12\/2013\/03\/temporal-de-levante-4-3-2013-2-533x400.jpg 533w\" sizes=\"(max-width: 670px) 100vw, 670px\" \/><\/a> \u00a0 <a href=\"https:\/\/blogs.diariosur.es\/tormentas-y-rayos\/2013\/03\/05\/alerta-por-lluvias-y-tormentas-impresionantes-fotos-y-videos-del-temporal-de-levante-posible-ola-de-frio-a-partir-del-lunes\/olympus-digital-camera-1179\/\" rel=\"attachment wp-att-5207\"><img loading=\"lazy\" class=\"aligncenter size-full wp-image-5207\" title=\"OLYMPUS DIGITAL CAMERA\" src=\"\/tormentas-y-rayos\/wp-content\/uploads\/sites\/12\/2013\/03\/028.jpg\" alt=\"\" width=\"670\" height=\"503\" srcset=\"https:\/\/static-blogs.diariosur.es\/wp-content\/uploads\/sites\/12\/2013\/03\/028.jpg 670w, https:\/\/static-blogs.diariosur.es\/wp-content\/uploads\/sites\/12\/2013\/03\/028-533x400.jpg 533w\" sizes=\"(max-width: 670px) 100vw, 670px\" \/><\/a> \u00a0 <a href=\"https:\/\/blogs.diariosur.es\/tormentas-y-rayos\/2013\/03\/05\/alerta-por-lluvias-y-tormentas-impresionantes-fotos-y-videos-del-temporal-de-levante-posible-ola-de-frio-a-partir-del-lunes\/olympus-digital-camera-1180\/\" rel=\"attachment wp-att-5208\"><img loading=\"lazy\" class=\"aligncenter size-full wp-image-5208\" title=\"OLYMPUS DIGITAL CAMERA\" src=\"\/tormentas-y-rayos\/wp-content\/uploads\/sites\/12\/2013\/03\/temporal-de-levante-4-3-2013-7.jpg\" alt=\"\" width=\"670\" height=\"503\" srcset=\"https:\/\/static-blogs.diariosur.es\/wp-content\/uploads\/sites\/12\/2013\/03\/temporal-de-levante-4-3-2013-7.jpg 670w, https:\/\/static-blogs.diariosur.es\/wp-content\/uploads\/sites\/12\/2013\/03\/temporal-de-levante-4-3-2013-7-533x400.jpg 533w\" sizes=\"(max-width: 670px) 100vw, 670px\" \/><\/a> \u00a0 <strong>Esta ultima foto es de por la tarde, en esos momentos\u00a0llov\u00eda\u00a0y las rachas de viento eran \u00a0fuertes.<\/strong> \u00a0 <a href=\"https:\/\/blogs.diariosur.es\/tormentas-y-rayos\/2013\/03\/05\/alerta-por-lluvias-y-tormentas-impresionantes-fotos-y-videos-del-temporal-de-levante-posible-ola-de-frio-a-partir-del-lunes\/olympus-digital-camera-1181\/\" rel=\"attachment wp-att-5212\"><img loading=\"lazy\" class=\"aligncenter size-full wp-image-5212\" title=\"OLYMPUS DIGITAL CAMERA\" src=\"\/tormentas-y-rayos\/wp-content\/uploads\/sites\/12\/2013\/03\/038.jpg\" alt=\"\" width=\"670\" height=\"503\" srcset=\"https:\/\/static-blogs.diariosur.es\/wp-content\/uploads\/sites\/12\/2013\/03\/038.jpg 670w, https:\/\/static-blogs.diariosur.es\/wp-content\/uploads\/sites\/12\/2013\/03\/038-533x400.jpg 533w\" sizes=\"(max-width: 670px) 100vw, 670px\" \/><\/a> \u00a0 \u00a0 \u00a0 <strong>Tambi\u00e9n pude grabar varios\u00a0v\u00eddeos, ten\u00e9is que perdonar la calidad que tienen, pero figuraos el viento que hac\u00eda y adem\u00e1s lloviendo un poco, sobre todo en el ultimo..\u00a0<\/strong> \u00a0 \u00a0 <iframe loading=\"lazy\" src=\"\/\/www.youtube.com\/embed\/dwsKqKxFhg4\" frameborder=\"0\" width=\"640\" height=\"360\"><\/iframe> <iframe loading=\"lazy\" src=\"\/\/www.youtube.com\/embed\/mDjw4yW0L-c\" frameborder=\"0\" width=\"640\" height=\"360\"><\/iframe> <iframe loading=\"lazy\" src=\"\/\/www.youtube.com\/embed\/-J0FInS5u8k\" frameborder=\"0\" width=\"640\" height=\"360\"><\/iframe> \u00a0 <span style=\"color: #ff0000;\"><strong>Hoy martes de nuevo la alerta por lluvias esta activada, asi como por fen\u00f3menos costeros. Ahora mismo cuando son las ocho menos diez llueve un poco mas fuerte, y as\u00ed seguir\u00e1 durante casi todo el dia de hoy, a veces con escampadas y \u00a0a ratos lloviendo. Os paso una mapa de superficie del Hirlam fuenete Aemet y una imagen del satelite eumetsat fuente meteogalicia. Fijaros donde esta ahora mismo la borrasca.<\/strong><\/span> <a href=\"https:\/\/blogs.diariosur.es\/tormentas-y-rayos\/2013\/03\/05\/alerta-por-lluvias-y-tormentas-impresionantes-fotos-y-videos-del-temporal-de-levante-posible-ola-de-frio-a-partir-del-lunes\/bb-6\/\" rel=\"attachment wp-att-5209\"><img loading=\"lazy\" class=\"aligncenter size-medium wp-image-5209\" title=\"bb\" src=\"\/tormentas-y-rayos\/wp-content\/uploads\/sites\/12\/2013\/03\/bb.jpg\" alt=\"\" width=\"600\" height=\"393\" srcset=\"https:\/\/static-blogs.diariosur.es\/wp-content\/uploads\/sites\/12\/2013\/03\/bb.jpg 718w, https:\/\/static-blogs.diariosur.es\/wp-content\/uploads\/sites\/12\/2013\/03\/bb-610x400.jpg 610w\" sizes=\"(max-width: 600px) 100vw, 600px\" \/><\/a><a href=\"https:\/\/blogs.diariosur.es\/tormentas-y-rayos\/2013\/03\/05\/alerta-por-lluvias-y-tormentas-impresionantes-fotos-y-videos-del-temporal-de-levante-posible-ola-de-frio-a-partir-del-lunes\/borrasca-28\/\" rel=\"attachment wp-att-5210\"><img loading=\"lazy\" class=\"aligncenter size-medium wp-image-5210\" title=\"borrasca\" src=\"\/tormentas-y-rayos\/wp-content\/uploads\/sites\/12\/2013\/03\/borrasca.jpg\" alt=\"\" width=\"577\" height=\"400\" srcset=\"https:\/\/static-blogs.diariosur.es\/wp-content\/uploads\/sites\/12\/2013\/03\/borrasca.jpg 764w, https:\/\/static-blogs.diariosur.es\/wp-content\/uploads\/sites\/12\/2013\/03\/borrasca-578x400.jpg 578w\" sizes=\"(max-width: 577px) 100vw, 577px\" \/><\/a> \u00a0 <strong><span style=\"color: #ff0000;\">Desde esa posici\u00f3n seguir\u00e1 mandado l\u00edneas de inestabilidad. \u00a0Lo mismo esta tarde deja de llover durante unas horas, pero no os\u00a0confi\u00e9is, \u00a0ya que a ultima hora de la noche o de\u00a0\u00a0<\/span><\/strong><strong><span style=\"color: #ff0000;\">madrugada las lluvias\u00a0ser\u00e1n\u00a0las protagonistas, incluso pueden venir acompa\u00f1adas por <\/span><span style=\"color: #0000ff;\">fen\u00f3menos tormentosos<\/span><span style=\"color: #ff0000;\">.\u00a0<\/span><\/strong> <strong><span style=\"color: #ff0000;\">El levante poco a poco ira amainando y durante la pr\u00f3xima madrugada rolaran a moderados y fuertes del oeste. En la madrugada del jueves \u00a0y hasta por la tarde, tambi\u00e9n\u00a0se esperan lluvias fuertes, cesaran a ultima hora,\u00a0abri\u00e9ndose\u00a0claros el viernes por la ma\u00f1ana, pero no\u00a0guard\u00e9is\u00a0los paraguas porque\u00a0vendr\u00e1n\u00a0mas a ultima hora del viernes.<\/span><\/strong> <strong><span><span style=\"color: #ff00ff;\">Todo hace\u00a0pensar\u00a0que esta inestabilidad\u00a0seguir\u00e1\u00a0hasta el lunes\u00a0pr\u00f3ximo<\/span><span style=\"color: #ff00ff;\">, a partir de ese dia \u00a0 podemos tener una ola de fr\u00edo, mas complicaciones para dar alguna predicci\u00f3n para los primeros dias de Semana Santa.<\/span><\/span><\/strong> <strong><span style=\"color: #0000ff;\">Me\u00a0hab\u00e9is\u00a0comentado muchos por correo que\u00a0quer\u00edais\u00a0saber mas o menos la precipitaciones de lluvia en el mes de febrero, os pongo unos\u00a0gr\u00e1ficos del total acumulado, fuente Hidrosur\u00a0\u00a0y con esto me despido hasta ma\u00f1ana, que seguro entraremos en alerta naranja.<\/span><\/strong> <a href=\"https:\/\/blogs.diariosur.es\/tormentas-y-rayos\/2013\/03\/05\/alerta-por-lluvias-y-tormentas-impresionantes-fotos-y-videos-del-temporal-de-levante-posible-ola-de-frio-a-partir-del-lunes\/l-2\/\" rel=\"attachment wp-att-5213\"><img loading=\"lazy\" class=\"aligncenter size-medium wp-image-5213\" title=\"l\" src=\"\/tormentas-y-rayos\/wp-content\/uploads\/sites\/12\/2013\/03\/l.jpg\" alt=\"\" width=\"600\" height=\"257\" srcset=\"https:\/\/static-blogs.diariosur.es\/wp-content\/uploads\/sites\/12\/2013\/03\/l.jpg 959w, https:\/\/static-blogs.diariosur.es\/wp-content\/uploads\/sites\/12\/2013\/03\/l-640x274.jpg 640w, https:\/\/static-blogs.diariosur.es\/wp-content\/uploads\/sites\/12\/2013\/03\/l-768x329.jpg 768w\" sizes=\"(max-width: 600px) 100vw, 600px\" \/><\/a><a href=\"https:\/\/blogs.diariosur.es\/tormentas-y-rayos\/2013\/03\/05\/alerta-por-lluvias-y-tormentas-impresionantes-fotos-y-videos-del-temporal-de-levante-posible-ola-de-frio-a-partir-del-lunes\/l1-4\/\" rel=\"attachment wp-att-5214\"><img loading=\"lazy\" class=\"aligncenter size-medium wp-image-5214\" title=\"l1\" src=\"\/tormentas-y-rayos\/wp-content\/uploads\/sites\/12\/2013\/03\/l1.jpg\" alt=\"\" width=\"600\" height=\"264\" srcset=\"https:\/\/static-blogs.diariosur.es\/wp-content\/uploads\/sites\/12\/2013\/03\/l1.jpg 960w, https:\/\/static-blogs.diariosur.es\/wp-content\/uploads\/sites\/12\/2013\/03\/l1-640x282.jpg 640w, https:\/\/static-blogs.diariosur.es\/wp-content\/uploads\/sites\/12\/2013\/03\/l1-768x338.jpg 768w\" sizes=\"(max-width: 600px) 100vw, 600px\" \/><\/a><\/p>\n","protected":false},"excerpt":{"rendered":"<p>Buenos d\u00edas amigos de la meteo. Son las siete de la ma\u00f1ana, registro 15 grados y en estos momentos chispea en M\u00e1laga Capital. Pero viendo el satelite de aqui a un par de horas empezara a llover mas fuerte. El viento de levante sigue soplando, pero de momento mas flojo que ayer. Os paso unos [&hellip;]<\/p>\n","protected":false},"author":16,"featured_media":5211,"comment_status":"open","ping_status":"closed","sticky":false,"template":"","format":"standard","meta":[],"categories":[2],"tags":[63,424,432,504,553,569,732,966,996,1058],"_links":{"self":[{"href":"https:\/\/blogs.diariosur.es\/tormentas-y-rayos\/wp-json\/wp\/v2\/posts\/5197"}],"collection":[{"href":"https:\/\/blogs.diariosur.es\/tormentas-y-rayos\/wp-json\/wp\/v2\/posts"}],"about":[{"href":"https:\/\/blogs.diariosur.es\/tormentas-y-rayos\/wp-json\/wp\/v2\/types\/post"}],"author":[{"embeddable":true,"href":"https:\/\/blogs.diariosur.es\/tormentas-y-rayos\/wp-json\/wp\/v2\/users\/16"}],"replies":[{"embeddable":true,"href":"https:\/\/blogs.diariosur.es\/tormentas-y-rayos\/wp-json\/wp\/v2\/comments?post=5197"}],"version-history":[{"count":0,"href":"https:\/\/blogs.diariosur.es\/tormentas-y-rayos\/wp-json\/wp\/v2\/posts\/5197\/revisions"}],"wp:featuredmedia":[{"embeddable":true,"href":"https:\/\/blogs.diariosur.es\/tormentas-y-rayos\/wp-json\/wp\/v2\/media\/5211"}],"wp:attachment":[{"href":"https:\/\/blogs.diariosur.es\/tormentas-y-rayos\/wp-json\/wp\/v2\/media?parent=5197"}],"wp:term":[{"taxonomy":"category","embeddable":true,"href":"https:\/\/blogs.diariosur.es\/tormentas-y-rayos\/wp-json\/wp\/v2\/categories?post=5197"},{"taxonomy":"post_tag","embeddable":true,"href":"https:\/\/blogs.diariosur.es\/tormentas-y-rayos\/wp-json\/wp\/v2\/tags?post=5197"}],"curies":[{"name":"wp","href":"https:\/\/api.w.org\/{rel}","templated":true}]}}